{"id":73519,"date":"2020-01-19T13:36:48","date_gmt":"2020-01-19T18:36:48","guid":{"rendered":"https:\/\/linitiative.ca\/International\/conference-de-berlin-reprise-de-la-mediation-algerienne-en-libye\/"},"modified":"2020-01-19T13:36:48","modified_gmt":"2020-01-19T18:36:48","slug":"conference-de-berlin-reprise-de-la-mediation-algerienne-en-libye","status":"publish","type":"post","link":"https:\/\/linitiative.ca\/International\/conference-de-berlin-reprise-de-la-mediation-algerienne-en-libye\/","title":{"rendered":"Conf\u00e9rence de Berlin : Reprise de la m\u00e9diation alg\u00e9rienne en Libye"},"content":{"rendered":"<p>Les regards des observateurs \u00e9taient braqu\u00e9s sur la capitale allemande o\u00f9 la communaut\u00e9 internationale tentait de trouver une issue au conflit fratricide en Libye vieux de neuf ans.<br \/>Les travaux de la Conf\u00e9rence internationale sur la crise libyenne, qui ont d\u00e9but\u00e9 ce dimanche apr\u00e8s-midi \u00e0 Berlin sous l\u2019\u00e9gide de l\u2019Organisation des Nations Unies (ONU) et de l\u2019Allemagne, ont abouti \u00e0 la n\u00e9cessit\u00e9 de la relance du processus politique en Libye auquel sera associ\u00e9 l\u2019Alg\u00e9rie. C\u2019est ce qu\u2019a appris le Jeune Ind\u00e9pendant aupr\u00e8s de d\u00e9l\u00e9gations partcipantes. Au pr\u00e9alable, \u00ab\u00a0les participants se sont mis d\u2019accord sur la mise en \u0153uvre d\u2019un cessez-le-feu en Libye et d\u2019imposer des sanctions aux parties qui ne le respecteraient pas\u00a0\u00bb, a indiqu\u00e9 un diplomate pr\u00e9sent \u00e0 la reunion de Berlin contact\u00e9 par t\u00e9l\u00e9phone.<br \/>Ce cessez-le-feu implique le recours \u00e0 l\u2019embargo sur les armes en vue d\u2019\u00e9loigner le spectre de la guerre, de mettre fin aux ing\u00e9rences militaires \u00e9trang\u00e8res et de\u00a0favoriser le processus politique, a-t-il ajout\u00e9.<br \/>Ce m\u00e9canisme international pour la mise en \u0153uvre de l\u2019accord de paix et la relance du processus politique sera soumis \u00e0 l\u2019approbation du Conseil de s\u00e9curit\u00e9, a pr\u00e9cis\u00e9 le m\u00eame responsable.<br \/>Le m\u00e9canisme pr\u00e9voit notamment des rencontres mensuelles entre les membres des pays charg\u00e9s de la m\u00e9diation dont l\u2019Alg\u00e9rie pour le r\u00e8glement de la crise libyenne. Des groupes de travail seront mis en place et se r\u00e9uniront deux fois par mois en Libye ou en Alg\u00e9rie et en Tunisie en vue de concr\u00e9tiser la solution politique qui impliquerait un dialogue entre toutes les factions libyennes, selon la m\u00eame source.<br \/>La conf\u00e9rence de Berlin a r\u00e9uni le pr\u00e9sident de la R\u00e9publique, Abdelmadjid Tebboune, les cinq Etats membres permanents au Conseil de s\u00e9curit\u00e9 onusien (Etats-Unis d\u2019Am\u00e9rique, Russie, Chine, Royaume-Uni et France), ainsi que la Turquie, l\u2019Italie, l\u2019Egypte, les Emirats arabes unis et la R\u00e9publique du Congo qui pr\u00e9side le Comit\u00e9 de haut niveau de l\u2019Union africaine sur la crise libyenne.<br \/>Apr\u00e8s la prise d\u2019une photo de groupe, les chefs et repr\u00e9sentants des Etats participant \u00e0 cette conf\u00e9rence ont tenu une r\u00e9union \u00e0 huis clos qui devrait aboutir \u00e0 une feuille de route visant \u00e0 mettre fin \u00e0 la crise libyenne et \u00e0 instaurer la paix dans ce pays.<br \/>Les recommandations de cette conf\u00e9rence comptent six axes ayant trait essentiellement aux dimensions de la crise libyenne qui conna\u00eet une escalade inqui\u00e9tante depuis avril dernier.<br \/>Il s\u2019agit essentiellement de la cessation des hostilit\u00e9s, de la cons\u00e9cration d\u2019un cessez-le-feu durable, de l\u2019interdiction des armes, de la r\u00e9forme des secteurs s\u00e9curitaire et \u00e9conomique, du retour au processus politique et de l\u2019application du Droit international humanitaire.<br \/>Invit\u00e9 par la chanceli\u00e8re allemande Angela Merkel, le pr\u00e9sident de la R\u00e9publique, Abdelmadjid Tebboune, est arriv\u00e9 samedi soir \u00e0 Berlin pour prendre part \u00e0 la conf\u00e9rence internationale sur la Libye.\u00a0<br \/>Cette r\u00e9union constituera une occasion pour l\u2019Alg\u00e9rie de r\u00e9it\u00e9rer son appel au retour au calme en Libye, au lieu d\u2019\u00eatre un espace pour les r\u00e8glements de comptes et la d\u00e9fense des int\u00e9r\u00eats \u00e9troits de certaines parties.<br \/>L\u2019Alg\u00e9rie demeure attach\u00e9e \u00e0 la m\u00eame approche vis-\u00e0-vis de la crise libyenne, reposant sur la non-ing\u00e9rence dans les affaires internes des Etats et pr\u00f4nant le retour au dialogue entre les fr\u00e8res bellig\u00e9rants afin d\u2019aboutir \u00e0 une solution politique durable, en pleine escalade s\u00e9curitaire qui persiste depuis avril dernier.<br \/>Au si\u00e8ge de la Chancellerie allemande o\u00f9 se d\u00e9rouleront les travaux, les participants se pencheront sur les voies et moyens de trouver une issue urgente \u00e0 la crise libyenne qui a pris une dimension internationale avec un conflit qui dure depuis plusieurs ann\u00e9es entre des protagonistes qui se disputent la l\u00e9gitimit\u00e9 et la souverainet\u00e9.<br \/>Le secr\u00e9taire g\u00e9n\u00e9ral de l\u2019ONU, Antonio Guterres, avait appel\u00e9 r\u00e9cemment la communaut\u00e9 internationale \u00e0 soutenir la conf\u00e9rence de Berlin, exhortant les bellig\u00e9rants en Libye \u00e0 confirmer la cessation des hostilit\u00e9s. Les engagements pris \u00e0 Berlin seront-ils tenus\u00a0? Dans le meilleur des cas, la conf\u00e9rence de Berlin sera un modeste pas en avant dans les efforts pour mettre fin \u00e0 la guerre et stabiliser le pays et permettra \u00e0 la diplomatie alg\u00e9rienne de se repositionner dans un conflit qui constitue une vraie menace pour sa s\u00e9curit\u00e9.\u00a0<\/p>\n<p>Auteur: Boudjedri<br \/>\n<a href=\"http:\/\/www.jeune-independant.net\/Conference-de-Berlin-Reprise-de-la.html\">Cliquez ici pour lire l&rsquo;article depuis sa source.<\/a><\/p>\n","protected":false},"excerpt":{"rendered":"<p>Les regards des observateurs \u00e9taient braqu\u00e9s sur la capitale allemande o\u00f9 la communaut\u00e9 internationale tentait de trouver une issue au conflit fratricide en Libye vieux de neuf ans.Les travaux de la Conf\u00e9rence internationale sur la crise libyenne, qui ont d\u00e9but\u00e9 ce dimanche apr\u00e8s-midi \u00e0 Berlin sous l\u2019\u00e9gide de l\u2019Organisation des Nations Unies (ONU) et de [&hellip;]<\/p>\n","protected":false},"author":1737,"featured_media":0,"comment_status":"closed","ping_status":"closed","sticky":false,"template":"","format":"standard","meta":{"fifu_image_url":"","fifu_image_alt":"","footnotes":""},"categories":[73,53],"tags":[],"class_list":["post-73519","post","type-post","status-publish","format-standard","hentry","category-actualite","category-algerie"],"_links":{"self":[{"href":"https:\/\/linitiative.ca\/International\/wp-json\/wp\/v2\/posts\/73519","targetHints":{"allow":["GET"]}}],"collection":[{"href":"https:\/\/linitiative.ca\/International\/wp-json\/wp\/v2\/posts"}],"about":[{"href":"https:\/\/linitiative.ca\/International\/wp-json\/wp\/v2\/types\/post"}],"author":[{"embeddable":true,"href":"https:\/\/linitiative.ca\/International\/wp-json\/wp\/v2\/users\/1737"}],"replies":[{"embeddable":true,"href":"https:\/\/linitiative.ca\/International\/wp-json\/wp\/v2\/comments?post=73519"}],"version-history":[{"count":0,"href":"https:\/\/linitiative.ca\/International\/wp-json\/wp\/v2\/posts\/73519\/revisions"}],"wp:attachment":[{"href":"https:\/\/linitiative.ca\/International\/wp-json\/wp\/v2\/media?parent=73519"}],"wp:term":[{"taxonomy":"category","embeddable":true,"href":"https:\/\/linitiative.ca\/International\/wp-json\/wp\/v2\/categories?post=73519"},{"taxonomy":"post_tag","embeddable":true,"href":"https:\/\/linitiative.ca\/International\/wp-json\/wp\/v2\/tags?post=73519"}],"curies":[{"name":"wp","href":"https:\/\/api.w.org\/{rel}","templated":true}]}}