{"id":73536,"date":"2020-01-19T07:13:19","date_gmt":"2020-01-19T12:13:19","guid":{"rendered":"https:\/\/linitiative.ca\/International\/groupe-renault-maroc-un-bilan-2019-satisfaisant\/"},"modified":"2020-01-19T07:13:19","modified_gmt":"2020-01-19T12:13:19","slug":"groupe-renault-maroc-un-bilan-2019-satisfaisant","status":"publish","type":"post","link":"https:\/\/linitiative.ca\/International\/groupe-renault-maroc-un-bilan-2019-satisfaisant\/","title":{"rendered":"Groupe Renault Maroc : Un bilan 2019 satisfaisant"},"content":{"rendered":"<p><strong>Le Groupe Renault Maroc a profit\u00e9 d\u2019un point presse organis\u00e9 par ses soins pour dresser le bilan de l\u2019ensemble de ses activit\u00e9s \u00e0 fin 2019. Un exercice industriel et commercial qui a permis \u00e0 la filiale marocaine de la firme au losange, au regard des chiffres d\u00e9voil\u00e9s, de consolider, voire de renforcer ses acquis dans le Royaume.<\/strong><\/p>\n<div class=\"c16\">\n<fieldset class=\"c15\">\n<legend><strong><span class=\"c10\">Challenge<\/span><span class=\"c11\">news<\/span><\/strong><\/legend>\n<div class=\"c14\">Le meilleur de Challenge s\u00e9lectionn\u00e9 par la r\u00e9daction :<\/p>\n<\/div>\n<\/fieldset>\n<\/div>\n<p>Auteur: challenge<br \/>\n<a href=\"https:\/\/www.challenge.ma\/groupe-renault-maroc-un-bilan-2019-satisfaisant-128460\/\">Cliquez ici pour lire l&rsquo;article depuis sa source.<\/a><\/p>\n","protected":false},"excerpt":{"rendered":"<p>Le Groupe Renault Maroc a profit\u00e9 d\u2019un point presse organis\u00e9 par ses soins pour dresser le bilan de l\u2019ensemble de ses activit\u00e9s \u00e0 fin 2019. Un exercice industriel et commercial qui a permis \u00e0 la filiale marocaine de la firme au losange, au regard des chiffres d\u00e9voil\u00e9s, de consolider, voire de renforcer ses acquis dans [&hellip;]<\/p>\n","protected":false},"author":1787,"featured_media":0,"comment_status":"closed","ping_status":"closed","sticky":false,"template":"","format":"standard","meta":{"fifu_image_url":"","fifu_image_alt":"","footnotes":""},"categories":[78,54],"tags":[],"class_list":["post-73536","post","type-post","status-publish","format-standard","hentry","category-economie","category-maroc"],"_links":{"self":[{"href":"https:\/\/linitiative.ca\/International\/wp-json\/wp\/v2\/posts\/73536","targetHints":{"allow":["GET"]}}],"collection":[{"href":"https:\/\/linitiative.ca\/International\/wp-json\/wp\/v2\/posts"}],"about":[{"href":"https:\/\/linitiative.ca\/International\/wp-json\/wp\/v2\/types\/post"}],"author":[{"embeddable":true,"href":"https:\/\/linitiative.ca\/International\/wp-json\/wp\/v2\/users\/1787"}],"replies":[{"embeddable":true,"href":"https:\/\/linitiative.ca\/International\/wp-json\/wp\/v2\/comments?post=73536"}],"version-history":[{"count":0,"href":"https:\/\/linitiative.ca\/International\/wp-json\/wp\/v2\/posts\/73536\/revisions"}],"wp:attachment":[{"href":"https:\/\/linitiative.ca\/International\/wp-json\/wp\/v2\/media?parent=73536"}],"wp:term":[{"taxonomy":"category","embeddable":true,"href":"https:\/\/linitiative.ca\/International\/wp-json\/wp\/v2\/categories?post=73536"},{"taxonomy":"post_tag","embeddable":true,"href":"https:\/\/linitiative.ca\/International\/wp-json\/wp\/v2\/tags?post=73536"}],"curies":[{"name":"wp","href":"https:\/\/api.w.org\/{rel}","templated":true}]}}