{"id":73537,"date":"2020-01-19T08:48:32","date_gmt":"2020-01-19T13:48:32","guid":{"rendered":"https:\/\/linitiative.ca\/International\/cgem-le-futur-patron-fait-le-point-sur-son-programme\/"},"modified":"2020-01-19T08:48:32","modified_gmt":"2020-01-19T13:48:32","slug":"cgem-le-futur-patron-fait-le-point-sur-son-programme","status":"publish","type":"post","link":"https:\/\/linitiative.ca\/International\/cgem-le-futur-patron-fait-le-point-sur-son-programme\/","title":{"rendered":"CGEM : Le futur patron fait le point sur son programme"},"content":{"rendered":"<p><strong>Trois jours avant l\u2019\u00e9lection du bin\u00f4me Alj-Tazi, candidat unique, le futur patron des patrons trace dans une interview avec le magazine Jeune Afrique les contours de son programme et les points sensibles qui devront marquer son mandat.<\/strong><\/p>\n<div class=\"c10\"\/>\n<p>Apr\u00e8s pr\u00e8s de dix-huit mois aux commandes de la Conf\u00e9d\u00e9ration g\u00e9n\u00e9rale des entreprises du Maroc (CGEM), la d\u00e9mission de Salaheddine Mezouar avait laiss\u00e9 l\u2019organisation patronale dans un vide juridique sans pr\u00e9c\u00e9dent, son bin\u00f4me Fai\u00e7al Mekouar s\u2019\u00e9tant lui aussi retir\u00e9 de son poste quelques mois auparavant. Le DG de Somaca, Mohamed Bachiri, a assur\u00e9 ensuite la pr\u00e9sidence par int\u00e9rim, depuis fin octobre 2019 en attendant l\u2019\u00e9lection d\u2019un nouveau bin\u00f4me. Chose faite, puisque Le pr\u00e9sident de la F\u00e9d\u00e9ration Nationale de La Minoterie (FNM), <strong>Chakib Alj<\/strong>, et l\u2019ancien PDG de Saham, Mehdi Tazi, se sont port\u00e9s candidats respectivement aux postes de pr\u00e9sident et vice-pr\u00e9sident de la CGEM. Pour sa premi\u00e8re sortie m\u00e9diatique, peu avant son \u00e9lection, Chakib Alj r\u00e9v\u00e8le ses principales orientations pour ses prochaines trois ann\u00e9es \u00e0 la t\u00eate de la CGEM, un mandat qui devra d\u00e9marrer le 22 janvier courant.<\/p>\n<p>Le premier point abord\u00e9 est li\u00e9 \u00e0 la candidature unique en lice pour la pr\u00e9sidence de la CGEM, devenue r\u00e9currente, que Jeune Afrique s\u2019interroge si cela impliquerait un manque de d\u00e9mocratie interne. Une th\u00e8se r\u00e9fut\u00e9e par Chakib Alj qui y voit au contraire\u00a0une avanc\u00e9e puisque cela montre qu\u2019il existe un consensus. \u00ab\u00a0Dans le pass\u00e9, nous avons toujours travaill\u00e9 de mani\u00e8re consensuelle. Mais c\u2019est un processus d\u00e9mocratique : personne n\u2019a \u00e9t\u00e9 emp\u00each\u00e9 de se pr\u00e9senter. Les membres de notre organisation ont simplement jug\u00e9 que notre bin\u00f4me [Mehdi Tazi] correspondait aux besoins de la CGEM et de l\u2019\u00e9conomie du pays et se sont prononc\u00e9s pour soutenir notre candidature, y compris ceux qui se sont retir\u00e9s\u00a0\u00bb, explique-t-il. Les conditions de l\u2019entrepreneuriat au Maroc figurent parmi les principaux champs de bataille qui attendent le futur pr\u00e9sident de la CGEM. Alj note, d\u2019apr\u00e8s les consultations d\u00e9j\u00e0 effectu\u00e9es avec les patrons d\u2019entreprises, que le patronat se trouve \u00ab dans un cycle baissier, et les probl\u00e8mes se multiplient\u00a0\u00bb. Et de pr\u00e9ciser qu\u2019\u00ab\u00a0il y a actuellement 400 milliards de dirhams (37 milliards d\u2019euros) de cr\u00e9ances dues aux entreprises du secteur priv\u00e9, ce qui ass\u00e8che les tr\u00e9soreries. Cons\u00e9quence : nous avons des entreprises qui se comportent bien, mais qui doivent fermer \u00e0 cause de probl\u00e8mes de tr\u00e9sorerie. \u00c7a fait peur ! Et, pour ne rien arranger, derni\u00e8rement, les contr\u00f4les fiscaux ont \u00e9t\u00e9 tr\u00e8s agressifs\u00a0\u00bb.<\/p>\n<p>Lire aussi : <a href=\"https:\/\/www.challenge.ma\/cgem-la-candidature-du-binome-alj-tazi-validee-125849\/\">CGEM : la candidature du bin\u00f4me Alj-Tazi valid\u00e9e<\/a><\/p>\n<p>Son programme d\u2019action porte une attention particuli\u00e8re aux TPE et PME, qui repr\u00e9sentent, selon lui, \u00ab\u00a0un v\u00e9ritable gisement de croissance et sont l\u2019essentiel de notre \u00e9conomie\u00a0\u00bb. Ainsi, la CGEM devra \u0153uvrer pour \u00ab\u00a0faciliter l\u2019<strong>acc\u00e8s aux financements<\/strong> et s\u00e9curiser les emplois existants. Mais, pour cela, il faut imp\u00e9rativement redonner confiance aux op\u00e9rateurs. Je pense que les entreprises ont juste besoin de quelques signaux positifs pour red\u00e9marrer. Il faut que l\u2019ensemble des parties prenantes de notre pays s\u2019investissent pour retrouver la confiance, sans laquelle il ne peut y avoir de croissance. Mais la confiance ne se d\u00e9cr\u00e8te pas, elle s\u2019acquiert\u00a0\u00bb.<\/p>\n<p>Sur l\u2019entr\u00e9e en vigueur du trait\u00e9 instituant la Zone de libre \u00e9change continentale africaine (Zlecaf), Chakib Alj se veut positif. <strong>\u00ab\u00a0<\/strong>C\u2019est une initiative tr\u00e8s int\u00e9ressante d\u2019autant plus que le taux d\u2019\u00e9changes commerciaux interafricains est tr\u00e8s faible comparativement aux autres continents. Les entrepreneurs marocains en font une lecture positive, d\u2019apr\u00e8s les \u00e9changes que j\u2019ai eus avec eux. C\u2019est une v\u00e9ritable opportunit\u00e9 pour le royaume, qui est l\u2019une des puissances \u00e9conomiques du continent\u00a0\u00bb, affirme-t-il.<\/p>\n<p>Interpell\u00e9 sur les priorit\u00e9s du nouveau <strong>mod\u00e8le de d\u00e9veloppement<\/strong> en cours d\u2019\u00e9laboration, le prochain patron des patrons est confiant quant \u00e0 la capacit\u00e9 de la Commission d\u00e9sign\u00e9e en novembre par Sa Majest\u00e9 de livrer les recommandations n\u00e9cessaires pour lib\u00e9rer le potentiel de cr\u00e9ation de richesses de l\u2019\u00e9conomie marocaine rappelant que trois membres de la CGEM participent \u00e0 cette commission. \u00ab\u00a0Le Maroc a clairement choisi la voie du progr\u00e8s. Nous devons augmenter de mani\u00e8re significative notre rythme de croissance pour cr\u00e9er les conditions du d\u00e9collage tant attendu par les op\u00e9rateurs. Il faut aussi trouver les moyens de booster la comp\u00e9titivit\u00e9 des PME, et surtout des TPE, d\u2019augmenter le volume des exportations, et de cr\u00e9er suffisamment d\u2019emplois\u00a0\u00bb, pr\u00e9conise Chakib Alj.<\/p>\n<div class=\"c17\">\n<fieldset class=\"c16\">\n<legend><strong><span class=\"c11\">Challenge<\/span><span class=\"c12\">news<\/span><\/strong><\/legend>\n<div class=\"c15\">Le meilleur de Challenge s\u00e9lectionn\u00e9 par la r\u00e9daction :<\/p>\n<\/div>\n<\/fieldset>\n<\/div>\n<p>Auteur: Hassan Manyani<br \/>\n<a href=\"https:\/\/www.challenge.ma\/cgem-le-futur-patron-fait-le-point-sur-son-programme-128530\/\">Cliquez ici pour lire l&rsquo;article depuis sa source.<\/a><\/p>\n","protected":false},"excerpt":{"rendered":"<p>Trois jours avant l\u2019\u00e9lection du bin\u00f4me Alj-Tazi, candidat unique, le futur patron des patrons trace dans une interview avec le magazine Jeune Afrique les contours de son programme et les points sensibles qui devront marquer son mandat. Apr\u00e8s pr\u00e8s de dix-huit mois aux commandes de la Conf\u00e9d\u00e9ration g\u00e9n\u00e9rale des entreprises du Maroc (CGEM), la d\u00e9mission [&hellip;]<\/p>\n","protected":false},"author":1787,"featured_media":0,"comment_status":"closed","ping_status":"closed","sticky":false,"template":"","format":"standard","meta":{"fifu_image_url":"","fifu_image_alt":"","footnotes":""},"categories":[78,54],"tags":[],"class_list":["post-73537","post","type-post","status-publish","format-standard","hentry","category-economie","category-maroc"],"_links":{"self":[{"href":"https:\/\/linitiative.ca\/International\/wp-json\/wp\/v2\/posts\/73537","targetHints":{"allow":["GET"]}}],"collection":[{"href":"https:\/\/linitiative.ca\/International\/wp-json\/wp\/v2\/posts"}],"about":[{"href":"https:\/\/linitiative.ca\/International\/wp-json\/wp\/v2\/types\/post"}],"author":[{"embeddable":true,"href":"https:\/\/linitiative.ca\/International\/wp-json\/wp\/v2\/users\/1787"}],"replies":[{"embeddable":true,"href":"https:\/\/linitiative.ca\/International\/wp-json\/wp\/v2\/comments?post=73537"}],"version-history":[{"count":0,"href":"https:\/\/linitiative.ca\/International\/wp-json\/wp\/v2\/posts\/73537\/revisions"}],"wp:attachment":[{"href":"https:\/\/linitiative.ca\/International\/wp-json\/wp\/v2\/media?parent=73537"}],"wp:term":[{"taxonomy":"category","embeddable":true,"href":"https:\/\/linitiative.ca\/International\/wp-json\/wp\/v2\/categories?post=73537"},{"taxonomy":"post_tag","embeddable":true,"href":"https:\/\/linitiative.ca\/International\/wp-json\/wp\/v2\/tags?post=73537"}],"curies":[{"name":"wp","href":"https:\/\/api.w.org\/{rel}","templated":true}]}}