{"id":73539,"date":"2020-01-19T10:23:31","date_gmt":"2020-01-19T15:23:31","guid":{"rendered":"https:\/\/linitiative.ca\/International\/un-musee-de-la-photo-au-fort-rottembourg-une-inauguration-sous-le-signe-de-la-jeunesse\/"},"modified":"2020-01-19T10:23:31","modified_gmt":"2020-01-19T15:23:31","slug":"un-musee-de-la-photo-au-fort-rottembourg-une-inauguration-sous-le-signe-de-la-jeunesse","status":"publish","type":"post","link":"https:\/\/linitiative.ca\/International\/un-musee-de-la-photo-au-fort-rottembourg-une-inauguration-sous-le-signe-de-la-jeunesse\/","title":{"rendered":"Un Mus\u00e9e de la Photo au Fort Rottembourg : Une inauguration sous le signe de la jeunesse"},"content":{"rendered":"<p><strong>Le Mus\u00e9e National de la Photographie ouvre ses portes. Un beau monument, une belle exposition \u00e0 ne pas rater ! Visite.\u00a0<\/strong><\/p>\n<div class=\"c10\"\/>\n<p>Ce 14 janvier 2020 restera dans les m\u00e9moires. Au cours d\u2019une matin\u00e9e ensoleill\u00e9e, une pl\u00e9iade de journalistes, tous supports confondus, avaient rendez-vous pour le bapt\u00eame du tout et frais nouveau Mus\u00e9e National de la Photographie. Fruit de la politique ambitieuse de la Fondation Nationale des Mus\u00e9es, que pr\u00e9side Mehdi Qotbi, dont l\u2019objectif est la r\u00e9habilitation, la restauration et l\u2019animation des anciens et nouveaux mus\u00e9es, le MNP vient enrichir, et de quelle mani\u00e8re, l\u2019offre mus\u00e9ale nationale. On conna\u00eet l\u2019effervescence de la sc\u00e8ne photographique nationale depuis quelques ann\u00e9es, ses noms dont les \u0153uvres traversent les fronti\u00e8res, des cotes qui s\u2019\u00e9tablissent, des associations qui montent des \u00e9v\u00e9nements dont, entre autres, les Rencontres Photographiques de Rabat\u2026Il \u00e9tait temps de consacrer un espace \u00e0 cet art. C\u2019est fait\u2026 pour notre grand plaisir. Nous ne pouvons que lui esp\u00e9rer bon vent ainsi qu\u2019\u00e0 son jeune Conservateur, Soufiane ER-Rahoui.\u00a0<\/p>\n<p><strong>D\u2019\u00abimages de Nous\u00bb \u00e0 Notre image<\/strong><\/p>\n<p>Pour ouvrir le bal, carte blanche fut donn\u00e9e \u00e0 Yassine Alaoui Ismaili, alias Yoriyas. Laur\u00e9at du prix des Amis de l\u2019Institut du Monde Arabe pour la cr\u00e9ation contemporaine en 2019,\u00a0 et r\u00e9v\u00e9l\u00e9 par son travail sur la cit\u00e9 de Sidi Belyout, <em>\u201cCasablanca: not the movie<\/em>\u201d. L\u2019\u00e9lu de la Fondation Nationale des Mus\u00e9es, le breakdancer, nous convie \u00e0 l\u2019appr\u00e9ciation des travaux de 14 artistes-photographes \u00e9mergents qui questionnent le Maroc en mouvement\u00a0 autour de la th\u00e9matique \u00abSourtna\u00bb. Sont convi\u00e9s \u00e0 ce bapt\u00eame:\u00a0 Ait Wakrim Zakaria, Amazzal Abderrahim, Ben Rachad Hamza, Bendra Walid, Benzaquen D\u00e9borah, Boubelrhiti Lhoucine, El Madari Abdel Ali, Fedouache Mourad, Kilito M\u2019Hammed, Meriouch Mehdy, Oulmakki Amine, Serri Fatima Zohra, Toumi Yassine et Yassine Alaoui Ismaili. Sans oublier la projection de plus d\u2019une dizaine de jeunes \u00abinconnus\u00bb. Bref une brochette, bien s\u00e9lectionn\u00e9e, o\u00f9 se croisent figurent \u00e9tablies, des jeunes \u00e9mergents et d\u2019autres qui attendent leur heure !<\/p>\n<p><img decoding=\"async\" src=\"https:\/\/www.challenge.ma\/wp-content\/uploads\/2020\/01\/Borj-El-Kebir-1024x512.jpg\" alt=\"\" class=\"wp-image-128526\" srcset=\"https:\/\/www.challenge.ma\/wp-content\/uploads\/2020\/01\/Borj-El-Kebir-1024x512.jpg 1024w, https:\/\/www.challenge.ma\/wp-content\/uploads\/2020\/01\/Borj-El-Kebir-300x150.jpg 300w, https:\/\/www.challenge.ma\/wp-content\/uploads\/2020\/01\/Borj-El-Kebir-768x384.jpg 768w, https:\/\/www.challenge.ma\/wp-content\/uploads\/2020\/01\/Borj-El-Kebir-360x180.jpg 360w, https:\/\/www.challenge.ma\/wp-content\/uploads\/2020\/01\/Borj-El-Kebir-750x375.jpg 750w, https:\/\/www.challenge.ma\/wp-content\/uploads\/2020\/01\/Borj-El-Kebir.jpg 1200w\" sizes=\"(max-width: 1024px) 100vw, 1024px\"\/><\/p>\n<p>Durant le parcours, on est saisi par la nouveaut\u00e9 et la modernit\u00e9 des th\u00e9matiques abord\u00e9es. Les sc\u00e8nes urbaines, les questions soci\u00e9tales et la famille. Depuis le d\u00e9but du XX<sup>\u00e8me<\/sup> si\u00e8cle, en passant par l\u2019ind\u00e9pendance, on a v\u00e9cu sur <em>\u00ab le Maroc dans le regard de l\u2019autre\u00bb<\/em>. Cin\u00e9ma colonial, peinture orientaliste, affiches Paquet et compagnie, bande dessin\u00e9e, photographie et cartes postales touristiques et typiques, clips\u2026 Pendant des ann\u00e9es, notre image rel\u00e8ve de l\u2019Orientalisme, d\u2019un Orient invent\u00e9, mythique et \u00e9ternel ! Il fallut des ann\u00e9es pour qu\u2019on se r\u00e9concilie avec Sourtna, ainsi gr\u00e2ce \u00e0 des photographes dont les noms expos\u00e9s \u00e0 cette occasion.<\/p>\n<p><img decoding=\"async\" src=\"https:\/\/www.challenge.ma\/wp-content\/uploads\/2020\/01\/MUSEE-PHOTO-e1579074250175-1024x686.jpg\" alt=\"\" class=\"wp-image-128527\" srcset=\"https:\/\/www.challenge.ma\/wp-content\/uploads\/2020\/01\/MUSEE-PHOTO-e1579074250175-1024x686.jpg 1024w, https:\/\/www.challenge.ma\/wp-content\/uploads\/2020\/01\/MUSEE-PHOTO-e1579074250175-300x201.jpg 300w, https:\/\/www.challenge.ma\/wp-content\/uploads\/2020\/01\/MUSEE-PHOTO-e1579074250175-768x515.jpg 768w, https:\/\/www.challenge.ma\/wp-content\/uploads\/2020\/01\/MUSEE-PHOTO-e1579074250175-360x241.jpg 360w, https:\/\/www.challenge.ma\/wp-content\/uploads\/2020\/01\/MUSEE-PHOTO-e1579074250175-750x503.jpg 750w\" sizes=\"(max-width: 1024px) 100vw, 1024px\"\/><\/p>\n<p>Ait Wakrim Zakaria qui photographie son p\u00e8re qui d\u00e9fie la maladie et s\u2019accroche \u00e0 la vie, Amine Oulmkki qui part des images familiales pour finir dans d\u2019autres inconnues justement du quartier o\u00f9 est install\u00e9 le nouveau mus\u00e9e, l\u2019Oc\u00e9an, Zaidi Ismail qui travaille en famille faisant intervenir m\u00e8re, fr\u00e8re et s\u0153ur, Mariouch Mehdy photogrphie son papa au Hammam, lieu par excellence de convivialit\u00e9 et lien social, Fatim Zohra Serri qui borde la famille conservatrice et traditionnelle et d\u00e9montre, \u00e0 sa ludique et originale mani\u00e8re, la condition de la femme, Toumi Yassine parcourt le Maroc, ses visages et ses villes, Kilito M\u2019hamed sur l\u2019identit\u00e9 personnelle chez les jeunes marocains, des personnes qui essayent de s\u2019affranchir des convenances et autres tabous, D\u00e9borah Benzaquen et sa bande de potes, des adolescents asexu\u00e9s et libres, El Madani Abdel Ali et ses balades casablancaises, Boubelrhit Lhoucine et ses murs qui regardent et \u00e9coutent, Ben Rachid et ses plastiques, une condamnation de la catastrophe \u00e9cologique, les sc\u00e8nes quotidiennes de rues de Amazzal Abderrahman et Feddouache Mourad\u2026Bendra Walid lui, utilise d\u2019anciens appareils photo et nous concocte des clich\u00e9s entre r\u00eave et r\u00e9alit\u00e9. Enfin finissons par Yoriyas, le commissaire de l\u2019expo, dont les photos ont fait le tour du monde et s\u2019\u00e9talent sur le papier glac\u00e9 des grandes revues. Offertes \u00e0 l\u2019ext\u00e9rieur du fort, ouvertes sur l\u2019oc\u00e9an atlantique, au regard et au vent !\u00a0<\/p>\n<p><strong>Un espace sauv\u00e9<\/strong><\/p>\n<p>Avec la cr\u00e9ation du MNP, c\u2019est un monument historique, rep\u00e8re incontournable de la ville de Rabat qui vient d\u2019\u00eatre sauv\u00e9. Le fort Rottembourg fut construit au temps du Sultan Moulay Hassan par les Allemands. L\u2019architecte Rottembourg avait con\u00e7u un fort destin\u00e9 \u00e0 assurer la d\u00e9fense de la cit\u00e9 le dotant de canons Krupp de 30 tonnes. Apr\u00e8s 12 ans de travaux, le Sultan Moulay Abdelaziz visite le chantier en 1901. On voulut le saluer par une salve d\u2019honneur. Aucun coup ne partit ! Quelques temps apr\u00e8s, quand trois coups furent tir\u00e9s, ils fissur\u00e8rent ses tourterelles ! La carri\u00e8re du fort est termin\u00e9e ! D\u00e9labr\u00e9, \u00e0 l\u2019abandon depuis des ann\u00e9es, le site est squatt\u00e9 par les SDF ! Restaur\u00e9 par Rabat Am\u00e9nagement, dans le cadre du projet <em>\u00ab Rabat ville lumi\u00e8re et capitale marocaine de la culture\u00bb<\/em>, et r\u00e9habilit\u00e9 par la FNM puis ouvert au public pour la premi\u00e8re fois dans le cadre de la 1<sup>\u00e8re<\/sup> Biennale de Rabat 2019, ses canons, qu\u2019on dirait de gros focus d\u2019appareil photo inoffensifs, install\u00e9s \u00e0 l\u2019entr\u00e9e, sont braqu\u00e9s sur le quartier \u00e0 la place du rivage. Ils invitent les riverains et autres visiteurs \u00e0 la d\u00e9couverte des lieux. Bonne balade !<\/p>\n<div class=\"c17\">\n<fieldset class=\"c16\">\n<legend><strong><span class=\"c11\">Challenge<\/span><span class=\"c12\">news<\/span><\/strong><\/legend>\n<div class=\"c15\">Le meilleur de Challenge s\u00e9lectionn\u00e9 par la r\u00e9daction :<\/p>\n<\/div>\n<\/fieldset>\n<\/div>\n<p>Auteur: challenge<br \/>\n<a href=\"https:\/\/www.challenge.ma\/un-musee-de-la-photo-au-fort-rottembourg-une-inauguration-sous-le-signe-de-la-jeunesse-128468\/\">Cliquez ici pour lire l&rsquo;article depuis sa source.<\/a><\/p>\n","protected":false},"excerpt":{"rendered":"<p>Le Mus\u00e9e National de la Photographie ouvre ses portes. Un beau monument, une belle exposition \u00e0 ne pas rater ! Visite.\u00a0 Ce 14 janvier 2020 restera dans les m\u00e9moires. Au cours d\u2019une matin\u00e9e ensoleill\u00e9e, une pl\u00e9iade de journalistes, tous supports confondus, avaient rendez-vous pour le bapt\u00eame du tout et frais nouveau Mus\u00e9e National de la [&hellip;]<\/p>\n","protected":false},"author":1787,"featured_media":73540,"comment_status":"closed","ping_status":"closed","sticky":false,"template":"","format":"standard","meta":{"fifu_image_url":"","fifu_image_alt":"","footnotes":""},"categories":[78,54],"tags":[],"class_list":["post-73539","post","type-post","status-publish","format-standard","has-post-thumbnail","hentry","category-economie","category-maroc"],"_links":{"self":[{"href":"https:\/\/linitiative.ca\/International\/wp-json\/wp\/v2\/posts\/73539","targetHints":{"allow":["GET"]}}],"collection":[{"href":"https:\/\/linitiative.ca\/International\/wp-json\/wp\/v2\/posts"}],"about":[{"href":"https:\/\/linitiative.ca\/International\/wp-json\/wp\/v2\/types\/post"}],"author":[{"embeddable":true,"href":"https:\/\/linitiative.ca\/International\/wp-json\/wp\/v2\/users\/1787"}],"replies":[{"embeddable":true,"href":"https:\/\/linitiative.ca\/International\/wp-json\/wp\/v2\/comments?post=73539"}],"version-history":[{"count":0,"href":"https:\/\/linitiative.ca\/International\/wp-json\/wp\/v2\/posts\/73539\/revisions"}],"wp:featuredmedia":[{"embeddable":true,"href":"https:\/\/linitiative.ca\/International\/wp-json\/"}],"wp:attachment":[{"href":"https:\/\/linitiative.ca\/International\/wp-json\/wp\/v2\/media?parent=73539"}],"wp:term":[{"taxonomy":"category","embeddable":true,"href":"https:\/\/linitiative.ca\/International\/wp-json\/wp\/v2\/categories?post=73539"},{"taxonomy":"post_tag","embeddable":true,"href":"https:\/\/linitiative.ca\/International\/wp-json\/wp\/v2\/tags?post=73539"}],"curies":[{"name":"wp","href":"https:\/\/api.w.org\/{rel}","templated":true}]}}