{"id":73541,"date":"2020-01-19T11:26:17","date_gmt":"2020-01-19T16:26:17","guid":{"rendered":"https:\/\/linitiative.ca\/International\/abouelouakar-et-hafid-retrospectives-aux-villas-des-arts\/"},"modified":"2020-01-19T11:26:17","modified_gmt":"2020-01-19T16:26:17","slug":"abouelouakar-et-hafid-retrospectives-aux-villas-des-arts","status":"publish","type":"post","link":"https:\/\/linitiative.ca\/International\/abouelouakar-et-hafid-retrospectives-aux-villas-des-arts\/","title":{"rendered":"Abouelouakar et Hafid:  R\u00e9trospectives aux Villas des Arts"},"content":{"rendered":"<p><strong>En cette rentr\u00e9e culturelle, les \u00e9cumeurs de vernissages et amateurs d\u2019art furent convi\u00e9s \u00e0 deux \u00e9v\u00e9nements rendant hommage aux deux figures majeures de la sc\u00e8ne picturale nationale. Visites. \u00a0<\/strong><\/p>\n<div class=\"c10\"\/>\n<p>La fondation ONA et ses deux beaux et accueillants espaces, Villas des Arts de Casablanca et de Rabat, ne cessent, ainsi depuis leur cr\u00e9ation, de nous convier \u00e0 des manifestions culturelles de qualit\u00e9 \u00e0 la fois de dimensions nationale et internationale. Le cas des accrochages, accompagn\u00e9s de publications de qualit\u00e9, nous donne \u00e0 voir la diversit\u00e9 du champ plastique national toutes g\u00e9n\u00e9rations confondues. Pour cette rentr\u00e9e, la Fondation ONA, \u00e0 coup de deux grandes r\u00e9trospectives, remet sur le devant de la sc\u00e8ne deux figures discr\u00e8tes, mais incontournables dans l\u2019\u00e9mergence et l\u2019effervescence de la peinture moderne dans notre pays, Mohamed Abouleouakar et Mustapha Hafid.\u00a0<\/p>\n<p><strong>Destruction du monde, des mondes<\/strong><\/p>\n<p>Cin\u00e9aste, peintre, photographe\u2026bref artiste qui utilise diverses moyens pour affronter le monde, l\u2019expliquer, le d\u00e9truire pour le construire dans un flamboyant et vertigineux imaginaire. Abouelouakar, au parcours \u00e9poustouflant, finit par se cr\u00e9er un langage plastique et un univers fantasmagorique qui lui sont propres. On l\u2019\u00e9coute: \u00ab <em>il n\u2019y a pas eu d\u2019\u00e9volution de l\u2019homme. Nous sommes rest\u00e9s devant nos cavernes absorb\u00e9s dans la fascination du veau d\u2019or. O\u00f9 sont les \u00e9lans spirituels de ce monde ? Y a-t-il des moments de bonheur dans notre histoire? L\u2019homme est \u00e0 bout de souffle, orphelin du sacr\u00e9. Sans l\u2019art, ce serait terrible. \u00bb<\/em> Des propos cat\u00e9goriques \u00e0 l\u2019image de l\u2019homme, intransigeant, libre, la semelle au vent. Mohammed Abouelouakar et son \u0153uvre se confondent, s\u2019unissent dans l\u2019esprit mystique pour interpeller l\u2019homme et le monde. Natif de Marrakech, cit\u00e9 des sept saints, la ville ocre et magique par excellence, le peintre de l\u2019image navigue avec aisance entre les supports et les techniques. Cin\u00e9aste inclassable influenc\u00e9 par Tarkovski, peintre de l\u2019illumination hant\u00e9 par Chagall et photographe d\u2019art \u00e0 la qu\u00eate des Contes soufis, Abouelouakar nous \u00e9blouit, nous fascine et nous intrigue. Son \u0153uvre, qui puise\u00a0 dans les mythes fondateurs de l\u2019humanit\u00e9, de l\u2019iconographie chr\u00e9tienne, des miniatures byzantines et persanes, du fin fond de la culture populaire marocaine\u2026se refuse \u00e0 tout jugement. Avec sa culture et ses compagnons po\u00e8tes, mystiques et philosophes, avec son langage plastique et esth\u00e9tique personnel, Abouelouakar d\u00e9construit le monde, les mondes\u2026pour notre grand plaisir. A voir du 10 janvier au<br \/>30 mars 2020 \u00e0 la villa des Arts de Rabat.<\/p>\n<p><strong>Hafid ou le grand retour<\/strong><\/p>\n<p>Comme feu Ahmed Cherkaoui, Mustapha Hafid est originaire de Bej\u00e2ad. Natif de la cit\u00e9 blanche, Casablanca, en 1942, il poursuit son cursus \u00e0 l\u2019Ecole des Beaux-arts de la cit\u00e9 avant de s\u2019envoler pour la Pologne, \u00e0 Varsovie, o\u00f9 il compl\u00e8te son apprentissage ainsi pendant cinq ans \u00e0 l\u2019Acad\u00e9mie des Beaux-arts, section peinture et arts graphiques. Dipl\u00f4m\u00e9 de Magister en Arts en 1966, il est de retour au bercail pour enseigner \u00e0 l\u2019Ecole des Beaux-arts de sa ville natale. En compagnie des Belkahia, Chebaa, Melehi, Hamidi et d\u2019autres, il participe \u00e0 la naissance de cette fameuse \u00e9cole dite de Casablanca. Mouvance qui se veut une rupture avec l\u2019enseignement acad\u00e9mique d\u2019avant et fer de lance d\u2019une nouvelle vision autour de la cr\u00e9ation plastique et de la culture \u00abnationale\u00bb en g\u00e9n\u00e9ral. Dans cet esprit, on retrouve Hafid en 1969 participant \u00e0 l\u2019exposition-manifeste de Jmaa El Fna \u00e0 Marrakech. Il a fallu attendre 2020 pour qu\u2019on lui consacre sa premi\u00e8re r\u00e9trospective ! (Du 10 d\u00e9cembre 2019 au 19 janvier 2020). Une soixantaine d\u2019ann\u00e9es de cr\u00e9ations qu\u2019on d\u00e9couvre \u00e9bloui par une palette inclassable. Ma\u00eetrisant ses moyens, Hafid est \u00e0 l\u2019aise quand aux supports et mat\u00e9riaux. Peinture \u00e0 l\u2019huile, acrylique, encre de chine, dessin, toile, cartons, bois\u2026Et les images se succ\u00e8dent r\u00e9v\u00e9lant un artiste anticonformiste avec des \u0153uvres personnelles hant\u00e9es de th\u00e9matiques qui lui sont ch\u00e8res. On peut lire dans la notice de pr\u00e9sentation que \u00ab <em>Les \u0153uvres de l\u2019artiste peintre Mustapha Hafid sont anim\u00e9es par une dimension n\u00e9o abstraite qui ne se borne pas \u00e0 une simple \u00e9nonciation expressive, mais implique la notion de r\u00eave li\u00e9e \u00e0 celle de repr\u00e9sentation subjective. L\u2019artiste, vieux routier dans la cartographie cr\u00e9ative d\u2018ici et d\u2019ailleurs, met en toile les fragments tachistes de la figure et d\u00e9tourne son sens au pluriel qu\u2019il per\u00e7oit et perturbe la lisibilit\u00e9 imm\u00e9diate. Son acte pr\u00e9sente des unit\u00e9s chromatiques en l\u2019honneur de notre premi\u00e8re nature qui l\u2019a tant inspir\u00e9. \u00bb<\/em> Une monographie sur cet artiste singulier est en pr\u00e9paration. Vivement sa publication.<\/p>\n<div class=\"c17\">\n<fieldset class=\"c16\">\n<legend><strong><span class=\"c11\">Challenge<\/span><span class=\"c12\">news<\/span><\/strong><\/legend>\n<div class=\"c15\">Le meilleur de Challenge s\u00e9lectionn\u00e9 par la r\u00e9daction :<\/p>\n<\/div>\n<\/fieldset>\n<\/div>\n<p>Auteur: challenge<br \/>\n<a href=\"https:\/\/www.challenge.ma\/abouelouakar-et-hafid-retrospectives-aux-villas-des-arts-128474\/\">Cliquez ici pour lire l&rsquo;article depuis sa source.<\/a><\/p>\n","protected":false},"excerpt":{"rendered":"<p>En cette rentr\u00e9e culturelle, les \u00e9cumeurs de vernissages et amateurs d\u2019art furent convi\u00e9s \u00e0 deux \u00e9v\u00e9nements rendant hommage aux deux figures majeures de la sc\u00e8ne picturale nationale. Visites. \u00a0 La fondation ONA et ses deux beaux et accueillants espaces, Villas des Arts de Casablanca et de Rabat, ne cessent, ainsi depuis leur cr\u00e9ation, de nous [&hellip;]<\/p>\n","protected":false},"author":1787,"featured_media":0,"comment_status":"closed","ping_status":"closed","sticky":false,"template":"","format":"standard","meta":{"fifu_image_url":"","fifu_image_alt":"","footnotes":""},"categories":[78,54],"tags":[],"class_list":["post-73541","post","type-post","status-publish","format-standard","hentry","category-economie","category-maroc"],"_links":{"self":[{"href":"https:\/\/linitiative.ca\/International\/wp-json\/wp\/v2\/posts\/73541","targetHints":{"allow":["GET"]}}],"collection":[{"href":"https:\/\/linitiative.ca\/International\/wp-json\/wp\/v2\/posts"}],"about":[{"href":"https:\/\/linitiative.ca\/International\/wp-json\/wp\/v2\/types\/post"}],"author":[{"embeddable":true,"href":"https:\/\/linitiative.ca\/International\/wp-json\/wp\/v2\/users\/1787"}],"replies":[{"embeddable":true,"href":"https:\/\/linitiative.ca\/International\/wp-json\/wp\/v2\/comments?post=73541"}],"version-history":[{"count":0,"href":"https:\/\/linitiative.ca\/International\/wp-json\/wp\/v2\/posts\/73541\/revisions"}],"wp:attachment":[{"href":"https:\/\/linitiative.ca\/International\/wp-json\/wp\/v2\/media?parent=73541"}],"wp:term":[{"taxonomy":"category","embeddable":true,"href":"https:\/\/linitiative.ca\/International\/wp-json\/wp\/v2\/categories?post=73541"},{"taxonomy":"post_tag","embeddable":true,"href":"https:\/\/linitiative.ca\/International\/wp-json\/wp\/v2\/tags?post=73541"}],"curies":[{"name":"wp","href":"https:\/\/api.w.org\/{rel}","templated":true}]}}