{"id":73544,"date":"2020-01-19T15:04:37","date_gmt":"2020-01-19T20:04:37","guid":{"rendered":"https:\/\/linitiative.ca\/International\/rencontre-de-berlin-sur-la-libyeune-conference-qui-en-rappelle-une-autre\/"},"modified":"2020-01-19T15:04:37","modified_gmt":"2020-01-19T20:04:37","slug":"rencontre-de-berlin-sur-la-libyeune-conference-qui-en-rappelle-une-autre","status":"publish","type":"post","link":"https:\/\/linitiative.ca\/International\/rencontre-de-berlin-sur-la-libyeune-conference-qui-en-rappelle-une-autre\/","title":{"rendered":"RENCONTRE DE BERLIN SUR LA LIBYE:Une conf\u00e9rence qui en rappelle une autre"},"content":{"rendered":"<div class=\"stream-item stream-item-above-post-content\">\n<p><noscript><\/p>\n<p><a href=\"\/\/www3.smartadserver.com\/ac?jump=1&#038;nwid=2136&#038;siteid=240610&#038;pgname=rg&#038;fmtid=49046&#038;visit=m&#038;tmstp=[timestamp]&#038;out=nonrich\" target=\"_blank\" rel=\"noopener noreferrer\"><img decoding=\"async\" src=\"\/\/www3.smartadserver.com\/ac?out=nonrich&#038;nwid=2136&#038;siteid=240610&#038;pgname=rg&#038;fmtid=49046&#038;visit=m&#038;tmstp=[timestamp]\" border=\"0\" alt=\"\"\/><\/a><\/p>\n<p><\/noscript><\/div>\n<p class=\"c3\">Le 19 janvier, s\u2019est ouverte \u00e0 Berlin, capitale de l\u2019Allemagne, la conf\u00e9rence sur la paix en Libye. Organis\u00e9e \u00e0 l\u2019initiative du pays d\u2019Angela Merkel et plac\u00e9e sous l\u2019\u00e9gide de l\u2019ONU, la rencontre poursuit les objectifs suivants\u00a0: premi\u00e8rement, il s\u2019agit de consolider le cessez-le-feu en vigueur depuis le 12 janvier dernier en Libye. Deuxi\u00e8mement, l\u2019ONU ambitionne de mettre fin aux ing\u00e9rences \u00e9trang\u00e8res. Le dernier objectif, dont la r\u00e9alisation d\u00e9pend d\u2019ailleurs fortement des\u00a0 deux premiers, est d\u2019envisager <em>in fine<\/em> une solution politique \u00e0 la crise. L\u2019on peut d\u2019abord rendre hommage \u00e0 l\u2019Allemagne pour s\u2019\u00eatre beaucoup investie pour la tenue effective de ce sommet sur son sol. Pour une victoire diplomatique, c\u2019en est vraiment une. Car, au d\u00e9part, ils \u00e9taient nombreux, ceux qui doutaient des chances r\u00e9elles d\u2019Angela Merkel de tenir la conf\u00e9rence. L\u2019on peut aussi se r\u00e9jouir que l\u2019ONU ait pris \u00e0 bras-le-corps la r\u00e9solution de la crise libyenne au point de lui consacrer une conf\u00e9rence.<\/p>\n<p class=\"c3\"><strong>On peut \u00a0se f\u00e9liciter que l\u2019Afrique soit associ\u00e9e \u00e0 cette rencontre<\/strong><\/p>\n<p class=\"c3\"><strong>\u00a0<\/strong><\/p>\n<p class=\"c3\">Et cette caution \u00e9tait n\u00e9cessaire pour faire triompher l\u2019approche multilat\u00e9raliste du r\u00e8glement de la crise. En tout cas, l\u2019ONU peut d\u00e9j\u00e0 se frotter les mains parce que tous les grands acteurs internationaux de la crise, \u00e9taient pr\u00e9sents \u00e0 Berlin, m\u00eame si l\u2019on peut relever\u00a0 et regretter l\u2019absence de pays comme le Maroc et la Tunisie.<\/p>\n<p class=\"c3\">L\u2019on peut, enfin, se f\u00e9liciter que l\u2019Afrique, via le pr\u00e9sident congolais, Denis Sassou NGuesso, et le pr\u00e9sident de la Commission de l\u2019Union africaine (UA), Moussa Faki Mahamat, soit associ\u00e9e \u00e0 cette rencontre, car la Libye est avant tout un pays du continent noir. \u00a0\u00a0Cela dit, l\u2019on peut se poser la question de savoir si le chemin de la paix en Libye, passera par Berlin. A cette question, l\u2019on peut \u00eatre tent\u00e9 de r\u00e9pondre par la n\u00e9gative. Et pour cause. D\u2019abord,\u00a0 au plan domestique, tous les acteurs de la crise sont, peut-on dire, des va-t-en-guerre. De ce fait, ils croient beaucoup plus \u00e0 la solution militaire qu\u2019\u00e0 la solution politique. C\u2019est cette posture qui a conduit les deux camps rivaux, \u00e0 quelques heures de la rencontre de Berlin, \u00e0 se livrer \u00e0 une course contre la montre pour modifier les rapports de forces en leur avantage. Ainsi, 3 660 mercenaires syriens sont d\u00e9j\u00e0 dans le pays pour soutenir Fayez el-Sarraj, le chef du gouvernement bas\u00e9 \u00e0 Tripoli.<\/p>\n<p class=\"c3\">A cela, il faut ajouter que des munitions et des v\u00e9hicules blind\u00e9s turcs ont \u00e9t\u00e9 livr\u00e9s \u00a0\u00a0le week-end dernier. Dans cette dynamique de d\u00e9monstration de forces, les Turcs ont \u00e9galement proc\u00e9d\u00e9, peu avant la tenue de la conf\u00e9rence, \u00e0 l\u2019installation d\u2019armements impressionnants de d\u00e9fense anti-a\u00e9rienne \u00e0 l\u2019a\u00e9roport de Matiga \u00e0 Tripoli. De son c\u00f4t\u00e9, le camp de l\u2019homme fort de l\u2019Est, c\u2019est-\u00e0-dire celui de Khalifa Haftar, refuse de faire reculer ses troupes install\u00e9es aux portes de Tripoli. Et ce n\u2019est pas tout. En effet, les forces fid\u00e8les au Mar\u00e9chal viennent d\u2019occuper des terminaux p\u00e9troliers dans l\u2019Est du pays. De part et d\u2019autre donc, l\u2019heure n\u2019est pas \u00e0 l\u2019apaisement. Loin s\u2019en faut. Elle est plut\u00f4t aux bruits de bottes. La deuxi\u00e8me raison qui invite \u00e0 ne pas croire en la conf\u00e9rence de Berlin, est que la Turquie et la Russie jouent un double jeu \u00a0\u00a0en Libye.<\/p>\n<p class=\"c3\"><strong>La conf\u00e9rence de Berlin sur la Libye, rappelle la conf\u00e9rence de Berlin sur le partage de l\u2019Afrique en 1885<\/strong><\/p>\n<p class=\"c3\">Ces pays, en effet, soutiennent militairement respectivement Fayez-el-Sarraj et Khalifa Haftar. Dans le m\u00eame temps, ils affichent des dehors de pacifistes lors des rencontres internationales sur la crise dans ce pays. En r\u00e9alit\u00e9, il s\u2019agit de deux larrons qui se sont entendus en apart\u00e9 pour tirer le plus grand profit de la crise libyenne. Et plus cette derni\u00e8re durera, plus ces deux larrons beurreront leurs \u00e9pinards. La derni\u00e8re raison qui conduit \u00e0 ne pas trop compter sur la conf\u00e9rence de Berlin pour r\u00e9soudre la crise libyenne, est que tous les grands acteurs internationaux de la crise libyenne sont de grands com\u00e9diens. En r\u00e9alit\u00e9, le bal des hypocrites se poursuit \u00e0 Berlin. Pr\u00e9textant \u0153uvrer pour la paix en Libye, ces grands acteurs internationaux se sont retrouv\u00e9s \u00e0 Berlin autour de la d\u00e9pouille de la riche Libye. C\u2019est pourquoi l\u2019on peut oser la comparaison suivante\u00a0: la conf\u00e9rence de Berlin sur la Libye, rappelle la conf\u00e9rence de Berlin sur le partage de l\u2019Afrique en 1885.<\/p>\n<p class=\"c3\">En effet, pour le petit cours d\u2019histoire, l\u2019on peut rappeler que c\u2019est \u00e0 cette tribune que les pays occidentaux s\u2019\u00e9taient entendus pour se partager la d\u00e9pouille de l\u2019Afrique. L\u2019on se rappelle \u00e9galement que c\u2019est l\u2019Allemagne de Bismarck, qui avait suscit\u00e9 la conf\u00e9rence de Berlin de 1885. Aujourd\u2019hui, c\u2019est l\u2019Allemagne d\u2019Angela Merkel qui a eu l\u2019initiative de la conf\u00e9rence de Berlin sur la Libye. Autant de similitudes qui peuvent justifier la comparaison entre les deux conf\u00e9rences de Berlin. Pour tout dire, les \u00e9normes richesses de la Libye valent bien une conf\u00e9rence non pas pour v\u00e9ritablement pacifier le pays, mais pour y entretenir pendant longtemps encore le chaos pour mieux sucer le pays. D\u2019ailleurs, c\u2019est beaucoup plus cette motivation qui avait pouss\u00e9 les pays occidentaux \u00e0 s\u2019offrir le scalp de Kadhafi que leur volont\u00e9 d\u2019arrimer la Libye \u00e0 la d\u00e9mocratie. Et ceux qui r\u00e9coltent les cons\u00e9quences de cet acte sont non seulement le peuple libyen, mais aussi les populations du Sahel africain. En tout cas, du c\u00f4t\u00e9 de Ouagadougou, de Bamako et de Niamey, on est convaincu qu\u2019une grande partie de la solution \u00e0 leur probl\u00e8me est tributaire de la r\u00e9solution de la crise libyenne. Dans ces capitales \u00e9galement, l\u2019on sait que la pr\u00e9sence de l\u2019Afrique \u00e0 cette rencontre va compter pour du beurre dans la r\u00e9solution de la crise libyenne.<\/p>\n<p class=\"c3\"><strong>\u00a0<\/strong><\/p>\n<p class=\"c3\"><strong><em>\u00ab\u00a0Le Pays\u00a0\u00bb<\/em><\/strong><\/p>\n<p>Auteur: Le Pays<br \/>\n<a href=\"http:\/\/lepays.bf\/rencontre-de-berlin-sur-la-libyeune-conference-qui-en-rappelle-une-autre\/\">Cliquez ici pour lire l&rsquo;article depuis sa source.<\/a><\/p>\n","protected":false},"excerpt":{"rendered":"<p>Le 19 janvier, s\u2019est ouverte \u00e0 Berlin, capitale de l\u2019Allemagne, la conf\u00e9rence sur la paix en Libye. Organis\u00e9e \u00e0 l\u2019initiative du pays d\u2019Angela Merkel et plac\u00e9e sous l\u2019\u00e9gide de l\u2019ONU, la rencontre poursuit les objectifs suivants\u00a0: premi\u00e8rement, il s\u2019agit de consolider le cessez-le-feu en vigueur depuis le 12 janvier dernier en Libye. Deuxi\u00e8mement, l\u2019ONU ambitionne [&hellip;]<\/p>\n","protected":false},"author":1813,"featured_media":0,"comment_status":"closed","ping_status":"closed","sticky":false,"template":"","format":"standard","meta":{"fifu_image_url":"","fifu_image_alt":"","footnotes":""},"categories":[73,81],"tags":[],"class_list":["post-73544","post","type-post","status-publish","format-standard","hentry","category-actualite","category-burkina-faso"],"_links":{"self":[{"href":"https:\/\/linitiative.ca\/International\/wp-json\/wp\/v2\/posts\/73544","targetHints":{"allow":["GET"]}}],"collection":[{"href":"https:\/\/linitiative.ca\/International\/wp-json\/wp\/v2\/posts"}],"about":[{"href":"https:\/\/linitiative.ca\/International\/wp-json\/wp\/v2\/types\/post"}],"author":[{"embeddable":true,"href":"https:\/\/linitiative.ca\/International\/wp-json\/wp\/v2\/users\/1813"}],"replies":[{"embeddable":true,"href":"https:\/\/linitiative.ca\/International\/wp-json\/wp\/v2\/comments?post=73544"}],"version-history":[{"count":0,"href":"https:\/\/linitiative.ca\/International\/wp-json\/wp\/v2\/posts\/73544\/revisions"}],"wp:attachment":[{"href":"https:\/\/linitiative.ca\/International\/wp-json\/wp\/v2\/media?parent=73544"}],"wp:term":[{"taxonomy":"category","embeddable":true,"href":"https:\/\/linitiative.ca\/International\/wp-json\/wp\/v2\/categories?post=73544"},{"taxonomy":"post_tag","embeddable":true,"href":"https:\/\/linitiative.ca\/International\/wp-json\/wp\/v2\/tags?post=73544"}],"curies":[{"name":"wp","href":"https:\/\/api.w.org\/{rel}","templated":true}]}}