{"id":73545,"date":"2020-01-19T16:56:00","date_gmt":"2020-01-19T21:56:00","guid":{"rendered":"https:\/\/linitiative.ca\/International\/pau-et-apres\/"},"modified":"2020-01-19T16:56:00","modified_gmt":"2020-01-19T21:56:00","slug":"pau-et-apres","status":"publish","type":"post","link":"https:\/\/linitiative.ca\/International\/pau-et-apres\/","title":{"rendered":"Pau et apr\u00e8s\u2026"},"content":{"rendered":"<div class=\"td-post-featured-image\"><a href=\"https:\/\/i0.wp.com\/www.sidwaya.info\/wp-content\/uploads\/2020\/01\/dgsid20.gif?fit=787%2C1180&#038;ssl=1\" data-caption=\"\"><img loading=\"lazy\" decoding=\"async\" width=\"696\" height=\"1044\" class=\"entry-thumb td-modal-image\" src=\"https:\/\/i0.wp.com\/www.sidwaya.info\/wp-content\/uploads\/2020\/01\/dgsid20.gif?resize=696%2C1044&#038;ssl=1\" alt=\"\" title=\"dgsid20\"\/><\/a><\/div>\n<p>Le sommet de clarification de Pau en France a bel et bien eu lieu. Les fruits ont-ils tenu les promesses des fleurs\u00a0? A chacun son appr\u00e9ciation. En tous les cas, ceux qui misaient sur un boycott collectif l\u2019ont appris \u00e0 leurs d\u00e9pens. Cette rencontre a \u00e9t\u00e9 une opportunit\u00e9 pour les dirigeants du G5 Sahel et leur homologue fran\u00e7ais, Emmanuel Macron, de red\u00e9finir la politique africaine de l\u2019Hexagone, de discuter sp\u00e9cifiquement de la pr\u00e9sence des forces fran\u00e7aises dans la zone. Apr\u00e8s plus de six ans de pr\u00e9sence, ponctu\u00e9e de pertes en vies humaines et mat\u00e9rielles parfois lourdes, le pr\u00e9sident Macron a voulu, \u00e0 travers ces \u00e9changes, l\u00e9gitimer l\u2019engagement de son arm\u00e9e au Sahel vis-\u00e0-vis de sa propre opinion publique. Cette l\u00e9gitimation consolid\u00e9e par la d\u00e9gradation particuli\u00e8rement rapide de la situation s\u00e9curitaire, ces derniers temps, ajout\u00e9e \u00e0 une demande de renforcement de la pr\u00e9sence de la force Barkhane, exprim\u00e9e de vive voix par les chefs d\u2019Etat du G5 Sahel, conforte le partenariat militaire avec la France. Seule ombre, les Am\u00e9ricains n\u2019ont pas attendu la fin du sommet de Pau pour annoncer la r\u00e9duction des ressources consacr\u00e9es \u00e0 l\u2019Afrique et au Moyen Orient pour \u00eatre redirig\u00e9s vers le Pacifique notamment. Cette d\u00e9cision, si elle venait \u00e0 \u00eatre mise en ex\u00e9cution, contraindrait Paris \u00e0 r\u00e9duire ses ambitions au Sahel, faute de pouvoir compter sur le soutien de son alli\u00e9 traditionnel, l\u2019Am\u00e9rique. Le pays de l\u2019oncle Sam a-t-il voulu r\u00e9agir \u00e0 la d\u00e9claration du pr\u00e9sident fran\u00e7ais sur une pr\u00e9tendue \u00ab\u00a0mort c\u00e9r\u00e9brale\u00a0\u00bb de l\u2019Organisation du trait\u00e9 de l\u2019atlantique nord (OTAN)? Toujours est-il que la diplomatie fran\u00e7aise s\u2019est mise en branle pour \u00e9viter un \u00e9ventuel \u00ab\u00a0vide capacitaire\u00a0\u00bb, tout en mobilisant autour d\u2019elle en Europe. L\u2019on ne tardera pas \u00e0 se faire une id\u00e9e pr\u00e9cise de la coalition internationale contre le terrorisme au Sahel, annonc\u00e9e \u00e0 Pau, avec les prochaines op\u00e9rations anti-terroristes. Plus ces interventions militaires se feront avec les USA, mieux ce sera pour la France et les pays du G5 Sahel, m\u00eame si le dernier mot revient \u00e0 la Maison blanche. Du c\u00f4t\u00e9 africain, l\u2019apr\u00e8s Pau est tout un challenge. Pass\u00e9es les d\u00e9clarations d\u2019intentions, il va falloir gagner, en retour, la bataille d\u2019une opinion publique pas toujours en phase avec les dirigeants. A ce propos, l\u2019id\u00e9e de l\u2019ouverture d\u2019un d\u00e9bat interne aux Etats africains, \u00e0 l\u2019image de celui de Pau, ne serait pas saugrenue. Dans la pratique, la sollicitation d\u2019un alli\u00e9 de la trempe de la France ou des autres partenaires de la coalition anti-terroriste devrait se faire sur la base d\u2019une politique s\u00e9curitaire et de d\u00e9fense claire, soutenue par des lois de programmation militaire en ad\u00e9quation avec les imp\u00e9ratifs du moment. Mais l\u2019on constate que ces politiques sont \u00e0 des stades embryonnaires dans certains pays du G5 Sahel. Si fait que les priorit\u00e9s de d\u00e9fense et de s\u00e9curit\u00e9 divergent d\u2019un Etat \u00e0 un autre. Dommage\u00a0! Les partenaires ont alors beau jeu de faire des propositions clefs en main qui, dans le meilleur des cas sont assimil\u00e9es \u00e0 un paternalisme condescendant ou pis, \u00e0 des ing\u00e9rences intol\u00e9rables. Esp\u00e9rons qu\u2019il y aura un apr\u00e8s Pau, afin que cessent les vell\u00e9it\u00e9s d\u2019ouvrir d\u2019autres fronts, en se trompant d\u2019adversaires, dans une guerre de longue haleine.<\/p>\n<p>Par Mahamadi TIEGNA<br \/>mahamaditiegna@yahoo.fr<\/p>\n<div class=\"td-a-rec td-a-rec-id-content_inline tdi_30_dda td_block_template_1\"><a href=\"https:\/\/www.sidwaya.info\/wp-content\/uploads\/2019\/12\/Bandeau-sitebonneannee.jpg\"><img loading=\"lazy\" decoding=\"async\" class=\"aligncenter size-full wp-image-17812\" src=\"https:\/\/www.sidwaya.info\/wp-content\/uploads\/2019\/12\/Bandeau-sitebonneannee.jpg\" alt=\"\" width=\"720\" height=\"90\"\/><\/a><\/div>\n<div class=\"td-a-rec td-a-rec-id-content_bottom tdi_31_5ba td_block_template_1\"><img loading=\"lazy\" decoding=\"async\" class=\"aligncenter size-full wp-image-9623\" src=\"https:\/\/www.sidwaya.info\/wp-content\/uploads\/2019\/06\/Projet-bannie%CC%80re-Orange-mobile.jpg\" alt=\"\" width=\"728\" height=\"81\"\/><\/div>\n<p>Auteur: BM. Sidwaya<br \/>\n<a href=\"https:\/\/www.sidwaya.info\/blog\/2020\/01\/19\/pau-et-apres\/\">Cliquez ici pour lire l&rsquo;article depuis sa source.<\/a><\/p>\n","protected":false},"excerpt":{"rendered":"<p>Le sommet de clarification de Pau en France a bel et bien eu lieu. Les fruits ont-ils tenu les promesses des fleurs\u00a0? A chacun son appr\u00e9ciation. En tous les cas, ceux qui misaient sur un boycott collectif l\u2019ont appris \u00e0 leurs d\u00e9pens. Cette rencontre a \u00e9t\u00e9 une opportunit\u00e9 pour les dirigeants du G5 Sahel et [&hellip;]<\/p>\n","protected":false},"author":1816,"featured_media":0,"comment_status":"closed","ping_status":"closed","sticky":false,"template":"","format":"standard","meta":{"fifu_image_url":"","fifu_image_alt":"","footnotes":""},"categories":[73,81],"tags":[],"class_list":["post-73545","post","type-post","status-publish","format-standard","hentry","category-actualite","category-burkina-faso"],"_links":{"self":[{"href":"https:\/\/linitiative.ca\/International\/wp-json\/wp\/v2\/posts\/73545","targetHints":{"allow":["GET"]}}],"collection":[{"href":"https:\/\/linitiative.ca\/International\/wp-json\/wp\/v2\/posts"}],"about":[{"href":"https:\/\/linitiative.ca\/International\/wp-json\/wp\/v2\/types\/post"}],"author":[{"embeddable":true,"href":"https:\/\/linitiative.ca\/International\/wp-json\/wp\/v2\/users\/1816"}],"replies":[{"embeddable":true,"href":"https:\/\/linitiative.ca\/International\/wp-json\/wp\/v2\/comments?post=73545"}],"version-history":[{"count":0,"href":"https:\/\/linitiative.ca\/International\/wp-json\/wp\/v2\/posts\/73545\/revisions"}],"wp:attachment":[{"href":"https:\/\/linitiative.ca\/International\/wp-json\/wp\/v2\/media?parent=73545"}],"wp:term":[{"taxonomy":"category","embeddable":true,"href":"https:\/\/linitiative.ca\/International\/wp-json\/wp\/v2\/categories?post=73545"},{"taxonomy":"post_tag","embeddable":true,"href":"https:\/\/linitiative.ca\/International\/wp-json\/wp\/v2\/tags?post=73545"}],"curies":[{"name":"wp","href":"https:\/\/api.w.org\/{rel}","templated":true}]}}