{"id":73549,"date":"2020-01-19T17:13:16","date_gmt":"2020-01-19T22:13:16","guid":{"rendered":"https:\/\/linitiative.ca\/International\/secteur-des-transports-promesse-dune-faitiere-dans-30-jours\/"},"modified":"2020-01-19T17:13:16","modified_gmt":"2020-01-19T22:13:16","slug":"secteur-des-transports-promesse-dune-faitiere-dans-30-jours","status":"publish","type":"post","link":"https:\/\/linitiative.ca\/International\/secteur-des-transports-promesse-dune-faitiere-dans-30-jours\/","title":{"rendered":"Secteur des transports: promesse d\u2019une fa\u00eeti\u00e8re dans 30 jours"},"content":{"rendered":"<div class=\"td-post-featured-image\"><a href=\"https:\/\/i1.wp.com\/www.sidwaya.info\/wp-content\/uploads\/2020\/01\/gouvcondtr20.gif?fit=787%2C525&#038;ssl=1\" data-caption=\"\"><img loading=\"lazy\" decoding=\"async\" width=\"696\" height=\"464\" class=\"entry-thumb td-modal-image\" src=\"https:\/\/i1.wp.com\/www.sidwaya.info\/wp-content\/uploads\/2020\/01\/gouvcondtr20.gif?resize=696%2C464&#038;ssl=1\" alt=\"\" title=\"gouvcondtr20\"\/><\/a><\/div>\n<p><strong>Le Premier ministre, Christophe Joseph Marie Dabir\u00e9 a re\u00e7u successivement en audience le samedi 18 janvier 2020 \u00e0 Ouagadougou les organisations professionnelles de transporteurs et les chauffeurs routiers. Les \u00e9changes ont port\u00e9 sur la crise qui secoue le secteur.<\/strong><\/p>\n<p>Le gouvernement veut mettre fin aux crises r\u00e9p\u00e9titives qui secouent le secteur du transport au Burkina Faso. C\u2019est pourquoi, le Premier ministre, Christophe Joseph Marie Dabir\u00e9 et le ministre en charge des transports, de la mobilit\u00e9 urbaine et de la s\u00e9curit\u00e9 routi\u00e8re Vincent T. Dabilgou ont \u00e9chang\u00e9, le samedi 18 janvier 2020 \u00e0 Ouagadougou, tour \u00e0 tour avec les organisations professionnelles des transporteurs et l\u2019Union des chauffeurs routiers. A l\u2019issue de la rencontre, il leur est demand\u00e9 de mettre en place dans un d\u00e9lai maximum de 30 jours, une fa\u00eeti\u00e8re des organisations de transporteurs. Un d\u00e9lai qui sera respect\u00e9 selon le porte-parole des organisations de transporteurs, Issoufou Ma\u00efga \u00e0 la sortie de l\u2019audience. Cette structure, a-t-il poursuivi, sera inclusive et repr\u00e9sentative de l\u2019ensemble des acteurs routiers. \u00ab Nous nous sommes engag\u00e9s solennellement devant le Premier ministre \u00e0 r\u00e9soudre de fa\u00e7on d\u00e9finitive les crises. La population peut \u00eatre rassur\u00e9e \u00bb, a-t-il lanc\u00e9. Le pr\u00e9sident de l\u2019Union des chauffeurs routiers du Burkina (UCRB), Brahima Rabo, a salu\u00e9 les dispositions prises par le gouvernement pour r\u00e9soudre les probl\u00e8mes qui minent le secteur des transports. \u00ab Le chef du gouvernement nous a rassur\u00e9s que les d\u00e9marches ont \u00e9t\u00e9 entreprises pour que tout aille pour le mieux. Les dates ont \u00e9t\u00e9 fix\u00e9es pour que les bons de chargement voient le jour et les dispositions ont \u00e9t\u00e9 prises sur le parking de Zorgho \u00bb, a-t-il \u00e9num\u00e9r\u00e9.<br \/>Le ministre en charge des transports, Vincent T. Dabilgou, a annonc\u00e9 qu\u2019un d\u00e9cret sera pris sur la gestion du fret, objet de discorde entre les organisations de transporteurs. \u00ab Si nous avons des difficult\u00e9s pour asseoir la fa\u00eeti\u00e8re, le gouvernement est souverain pour mettre en place un dispositif de gestion du fret. Il appartient au Burkina Faso et c\u2019est le gouvernement qui doit le g\u00e9rer pour l\u2019ensemble des transporteurs \u00bb, a-t-il pr\u00e9venu. Vincent T. Dabilgou a rappel\u00e9 que le secteur du transport est tr\u00e8s important et sensible au regard de la position g\u00e9ographique du pays. Pour lui, plusieurs acteurs informels et professionnels interviennent dans le domaine. \u00ab Nous avons des probl\u00e8mes du point de vue r\u00e8glementaire, car il n\u2019y a pas suffisamment de textes pour organiser le transport \u00bb, a-t-il reconnu. C\u2019est pourquoi, de son avis, le gouvernement ainsi que les partenaires comme la Banque mondiale ont jug\u00e9 bon d\u2019avoir un interlocuteur unique des transporteurs du Burkina. D\u2019o\u00f9 la n\u00e9cessit\u00e9 de la fa\u00eeti\u00e8re dont le processus de mise en place est engag\u00e9. Selon le ministre, la mission de son d\u00e9partement est de professionnaliser, de dynamiser, de faire en sorte que le secteur des transports soit comp\u00e9titif et productif. \u00ab Nous avons entrepris une r\u00e9forme du Conseil burkinab\u00e8 des chargeurs (CBC) en lui dotant d\u2019un conseil d\u2019administration qui permet \u00e0 l\u2019ensemble des acteurs d\u2019\u00eatre membres. Le gouvernement va continuer les r\u00e9formes pour qu\u2019\u00e0 la fin nous ayons un texte consensuel sur la gestion du transport et le fret en particulier \u00bb, a-t-il promis.<\/p>\n<div class=\"td-a-rec td-a-rec-id-content_inline tdi_30_05d td_block_template_1\"><a href=\"https:\/\/www.sidwaya.info\/wp-content\/uploads\/2019\/12\/Bandeau-sitebonneannee.jpg\"><img loading=\"lazy\" decoding=\"async\" class=\"aligncenter size-full wp-image-17812\" src=\"https:\/\/www.sidwaya.info\/wp-content\/uploads\/2019\/12\/Bandeau-sitebonneannee.jpg\" alt=\"\" width=\"720\" height=\"90\"\/><\/a><\/div>\n<p>Adama SEDGO<\/p>\n<div class=\"td-a-rec td-a-rec-id-content_bottom tdi_31_52b td_block_template_1\"><img loading=\"lazy\" decoding=\"async\" class=\"aligncenter size-full wp-image-9623\" src=\"https:\/\/www.sidwaya.info\/wp-content\/uploads\/2019\/06\/Projet-bannie%CC%80re-Orange-mobile.jpg\" alt=\"\" width=\"728\" height=\"81\"\/><\/div>\n<p>Auteur: BM. Sidwaya<br \/>\n<a href=\"https:\/\/www.sidwaya.info\/blog\/2020\/01\/19\/secteur-des-transports-promesse-dune-faitiere-dans-30-jours\/\">Cliquez ici pour lire l&rsquo;article depuis sa source.<\/a><\/p>\n","protected":false},"excerpt":{"rendered":"<p>Le Premier ministre, Christophe Joseph Marie Dabir\u00e9 a re\u00e7u successivement en audience le samedi 18 janvier 2020 \u00e0 Ouagadougou les organisations professionnelles de transporteurs et les chauffeurs routiers. Les \u00e9changes ont port\u00e9 sur la crise qui secoue le secteur. Le gouvernement veut mettre fin aux crises r\u00e9p\u00e9titives qui secouent le secteur du transport au Burkina [&hellip;]<\/p>\n","protected":false},"author":1816,"featured_media":0,"comment_status":"closed","ping_status":"closed","sticky":false,"template":"","format":"standard","meta":{"fifu_image_url":"","fifu_image_alt":"","footnotes":""},"categories":[73,81],"tags":[],"class_list":["post-73549","post","type-post","status-publish","format-standard","hentry","category-actualite","category-burkina-faso"],"_links":{"self":[{"href":"https:\/\/linitiative.ca\/International\/wp-json\/wp\/v2\/posts\/73549","targetHints":{"allow":["GET"]}}],"collection":[{"href":"https:\/\/linitiative.ca\/International\/wp-json\/wp\/v2\/posts"}],"about":[{"href":"https:\/\/linitiative.ca\/International\/wp-json\/wp\/v2\/types\/post"}],"author":[{"embeddable":true,"href":"https:\/\/linitiative.ca\/International\/wp-json\/wp\/v2\/users\/1816"}],"replies":[{"embeddable":true,"href":"https:\/\/linitiative.ca\/International\/wp-json\/wp\/v2\/comments?post=73549"}],"version-history":[{"count":0,"href":"https:\/\/linitiative.ca\/International\/wp-json\/wp\/v2\/posts\/73549\/revisions"}],"wp:attachment":[{"href":"https:\/\/linitiative.ca\/International\/wp-json\/wp\/v2\/media?parent=73549"}],"wp:term":[{"taxonomy":"category","embeddable":true,"href":"https:\/\/linitiative.ca\/International\/wp-json\/wp\/v2\/categories?post=73549"},{"taxonomy":"post_tag","embeddable":true,"href":"https:\/\/linitiative.ca\/International\/wp-json\/wp\/v2\/tags?post=73549"}],"curies":[{"name":"wp","href":"https:\/\/api.w.org\/{rel}","templated":true}]}}