{"id":73551,"date":"2020-01-19T13:50:03","date_gmt":"2020-01-19T18:50:03","guid":{"rendered":"https:\/\/linitiative.ca\/International\/a-bologne-des-sardines-par-milliers-pour-faire-barrage-a-lextreme-droite\/"},"modified":"2020-01-19T13:50:03","modified_gmt":"2020-01-19T18:50:03","slug":"a-bologne-des-sardines-par-milliers-pour-faire-barrage-a-lextreme-droite","status":"publish","type":"post","link":"https:\/\/linitiative.ca\/International\/a-bologne-des-sardines-par-milliers-pour-faire-barrage-a-lextreme-droite\/","title":{"rendered":"A Bologne, des \u00ab\u00a0Sardines\u00a0\u00bb par milliers pour faire barrage \u00e0 l\u2019extr\u00eame droite"},"content":{"rendered":"<div readability=\"32\">\n<p>Publi\u00e9 le 19.01.2020 \u00e0 19h50 par AFP<\/p>\n<\/div>\n<div readability=\"145\">\n<p>Plusieurs dizaines de milliers de personnes se sont rassembl\u00e9es dimanche \u00e0 Bologne (nord de l\u2019Italie) \u00e0 l\u2019appel du jeune mouvement antifasciste des Sardines qui souhaite peser sur une \u00e9lection r\u00e9gionale cruciale le 26 janvier dont le dirigeant d\u2019extr\u00eame droite Matteo Salvini a fait un enjeu national.<\/p>\n<p>Une victoire dans une semaine de l\u2019extr\u00eame droite dans la r\u00e9gion de l\u2019Emilie-Romagne, un bastion de la gauche, pourrait entra\u00eener la chute gouvernement form\u00e9 par la Parti d\u00e9mocrate (gauche) et le Mouvement 5 \u00c9toiles (M5S, anti-syst\u00e8me) et provoquer des l\u00e9gislatives anticip\u00e9es, ardemment souhait\u00e9es par Matteo Salvini.<\/p>\n<p>Le 14 novembre \u00e0 Bologne, chef lieu de l\u2019Emilie-Romagne, les Sardines avaient r\u00e9unis pour leur premier rassemblement 14.000 personnes pour d\u00e9noncer le discours \u00ab\u00a0de haine et de division\u00a0\u00bb de Matteo Salvini, le chef de la Ligue.<\/p>\n<p>Depuis deux mois, le mouvement fond\u00e9 par quatre inconnus et relay\u00e9 par les r\u00e9seaux sociaux a pris de l\u2019ampleur et des dizaines de manifestations, rythm\u00e9es par le chant des r\u00e9sistants anti-fascistes \u00ab\u00a0Bella Ciao\u00a0\u00bb, ont d\u00e9j\u00e0 rassembl\u00e9 plusieurs centaines de milliers de personnes \u00e0 travers le pays.<\/p>\n<p>Les Sardines ont annonc\u00e9 dimanche qu\u2019environ 40.000 personnes avaient pris part \u00e0 leur rassemblement festif baptis\u00e9 \u00ab\u00a0Bentornati in mare aperto\u00a0\u00bb (\u00ab\u00a0Bienvenue \u00e0 nouveau en haute mer\u00a0\u00bb), m\u00e9lange de \u00ab\u00a0paroles et musique\u00a0\u00bb qui devait se poursuivre dans la soir\u00e9e sur une place de la ville avec des concerts de rock et de rap.<\/p>\n<p>En milieu d\u2019apr\u00e8s-midi, banderoles color\u00e9es et pancartes en forme de sardines, brandies par des manifestants de tous \u00e2ges, ont fleuri sur la place du Huit-Ao\u00fbt, a constat\u00e9 l\u2019AFP.<\/p>\n<p>Sur l\u2019une d\u2019elles \u00e9tait \u00e9crit le mot S.A.R.D.I.N.A sous forme d\u2019acronyme (Solidarit\u00e9, Accueil, Respect, Droits, Inclusion, Non violence, Antifascisme). Sur une autre on pouvait lire: \u00ab\u00a0Bologna non si lega\u00a0\u00bb (\u00ab\u00a0Bologne ne s\u2019attache pas\u00a0\u00bb, lega signifiant Ligue mais aussi lier en italien).<\/p>\n<p>\u00ab\u00a0Ce sera probablement un tournant pour la politique italienne\u00a0\u00bb, voulait croire dans un entretien dimanche au quotidien La Repubblica Mattia Santori, 32 ans, l\u2019un des quatre fondateurs des Sardines.<\/p>\n<p>\u00ab\u00a0Nous avons montr\u00e9 que l\u2019on peut faire de la politique sans faire de coups bas (\u2026). Nous avons d\u00e9j\u00e0 vaincu sur le populisme: Salvini va dans les bars et fait des selfies, nous nous remplissons les places\u00a0\u00bb, a-t-il ajout\u00e9.<\/p>\n<p>\u2013 Bannir la violence en ligne \u2013<\/p>\n<p>Ecout\u00e9es avec bienveillance par la gauche, m\u00eames si elles assurent se tenir \u00e0 distance des partis politiques, les Sardines s\u2019en prennent r\u00e9guli\u00e8rement au d\u00e9cret s\u00e9curit\u00e9 pris en 2019 par Matteo Salvini lorsqu\u2019il \u00e9tait ministre de l\u2019Int\u00e9rieur, qui a durci la politique de l\u2019Italie en mati\u00e8re d\u2019immigration, et qu\u2019ils souhaitent voir abrog\u00e9.<\/p>\n<p>Le mouvement contestataire, qui a re\u00e7u l\u2019invitation du chef du gouvernement Giuseppe Conte, demande aussi que soit bannie la violence verbale sur internet par la mise en place d\u2019une mesure d\u2019interdiction de r\u00e9seaux sociaux pour les diffuseurs de haine en ligne.<\/p>\n<p>Le rassemblement bolognais a \u00e9t\u00e9 organis\u00e9 \u00e0 une semaine d\u2019une \u00e9lection d\u00e9terminante en Emilie-Romagne, symbole de l\u2019Italie de l\u2019apr\u00e8s-guerre partag\u00e9e entre communisme et catholicisme.<\/p>\n<p>Les derniers sondages (ils sont interdits depuis le 11 janvier) donnaient le pr\u00e9sident de r\u00e9gion sortant Stefano Bonaccini (Parti d\u00e9mocrate, gauche) au coude-\u00e0-coude avec Lucia Borgonzoni, s\u00e9natrice de la Ligue et candidate de la droite, chacun oscillant autour de 45% des intentions de vote.<\/p>\n<p>\u00ab\u00a0Bonaccini et Conte je les vois comme Marie-Antoinette, enferm\u00e9s dans leur palais, terroris\u00e9s\u00a0\u00bb, \u00e0 l\u2019id\u00e9e de perdre les \u00e9lections r\u00e9gionales, a ironis\u00e9 le souverainiste samedi, lors de son dernier grand meeting avant le scrutin organis\u00e9 \u00e0 Maranello, pr\u00e8s de Mod\u00e8ne.<\/p>\n<p>En cas de victoire de sa candidate et 26 janvier, et de basculement historique de la r\u00e9gion \u00e0 l\u2019extr\u00eame droite, M. Salvini a pr\u00e9venu qu\u2019il se rendrait d\u00e8s le lendemain au Palais Chigi \u00e0 Rome, si\u00e8ge de la pr\u00e9sidence du Conseil, pour remettre un \u00ab\u00a0avis d\u2019expulsion\u00a0\u00bb au Premier ministre Giuseppe Conte, \u00e0 Luigi Di Maio (chef politique du M5S) et \u00e0 Nicola Zingaretti (patron du Parti d\u00e9mocrate).<\/p>\n<\/div>\n<p>Auteur: AFP<br \/>\n<a href=\"https:\/\/www.journalducameroun.com\/a-bologne-des-sardines-par-milliers-pour-faire-barrage-a-lextreme-droite-2\/\">Cliquez ici pour lire l&rsquo;article depuis sa source.<\/a><\/p>\n","protected":false},"excerpt":{"rendered":"<p>Publi\u00e9 le 19.01.2020 \u00e0 19h50 par AFP Plusieurs dizaines de milliers de personnes se sont rassembl\u00e9es dimanche \u00e0 Bologne (nord de l\u2019Italie) \u00e0 l\u2019appel du jeune mouvement antifasciste des Sardines qui souhaite peser sur une \u00e9lection r\u00e9gionale cruciale le 26 janvier dont le dirigeant d\u2019extr\u00eame droite Matteo Salvini a fait un enjeu national. Une victoire [&hellip;]<\/p>\n","protected":false},"author":1965,"featured_media":0,"comment_status":"closed","ping_status":"closed","sticky":false,"template":"","format":"standard","meta":{"fifu_image_url":"","fifu_image_alt":"","footnotes":""},"categories":[73,82],"tags":[],"class_list":["post-73551","post","type-post","status-publish","format-standard","hentry","category-actualite","category-cameroun"],"_links":{"self":[{"href":"https:\/\/linitiative.ca\/International\/wp-json\/wp\/v2\/posts\/73551","targetHints":{"allow":["GET"]}}],"collection":[{"href":"https:\/\/linitiative.ca\/International\/wp-json\/wp\/v2\/posts"}],"about":[{"href":"https:\/\/linitiative.ca\/International\/wp-json\/wp\/v2\/types\/post"}],"author":[{"embeddable":true,"href":"https:\/\/linitiative.ca\/International\/wp-json\/wp\/v2\/users\/1965"}],"replies":[{"embeddable":true,"href":"https:\/\/linitiative.ca\/International\/wp-json\/wp\/v2\/comments?post=73551"}],"version-history":[{"count":0,"href":"https:\/\/linitiative.ca\/International\/wp-json\/wp\/v2\/posts\/73551\/revisions"}],"wp:attachment":[{"href":"https:\/\/linitiative.ca\/International\/wp-json\/wp\/v2\/media?parent=73551"}],"wp:term":[{"taxonomy":"category","embeddable":true,"href":"https:\/\/linitiative.ca\/International\/wp-json\/wp\/v2\/categories?post=73551"},{"taxonomy":"post_tag","embeddable":true,"href":"https:\/\/linitiative.ca\/International\/wp-json\/wp\/v2\/tags?post=73551"}],"curies":[{"name":"wp","href":"https:\/\/api.w.org\/{rel}","templated":true}]}}