{"id":73555,"date":"2020-01-20T08:15:10","date_gmt":"2020-01-20T13:15:10","guid":{"rendered":"https:\/\/linitiative.ca\/International\/cyclisme-le-maroc-prend-part-au-15e-tour-du-gabon\/"},"modified":"2020-01-20T08:15:10","modified_gmt":"2020-01-20T13:15:10","slug":"cyclisme-le-maroc-prend-part-au-15e-tour-du-gabon","status":"publish","type":"post","link":"https:\/\/linitiative.ca\/International\/cyclisme-le-maroc-prend-part-au-15e-tour-du-gabon\/","title":{"rendered":"Cyclisme : Le Maroc prend part au 15\u00e8 Tour du Gabon"},"content":{"rendered":"<header>\n<div class=\"entry-post-meta\">\n<div class=\"author-link\">Publi\u00e9 par <a itemprop=\"author\" itemscope=\"\" itemtype=\"https:\/\/schema.org\/Person\" href=\"http:\/\/aujourdhui.ma\/profile\/kaid\" rel=\"author\"><span itemprop=\"name\">ALM<\/span><\/a><\/div>\n<p>Date\u00a0:<time content=\"2020-01-20T14:15:10+00:00\" class=\"entry-date updated\" datetime=\"2020-01-20T14:15:10+00:00\">janvier 20, 2020<\/time><\/p>\n<div class=\"entry-cat\">dans:<a href=\"http:\/\/aujourdhui.ma\/category\/sports\" rel=\"category tag\">Sports<\/a><\/div>\n<p>0 Vues<\/p>\n<\/div>\n<\/header>\n<div class=\"entry-content clearfix\" readability=\"47\"><img decoding=\"async\" class=\"post_layout_5_img\" src=\"http:\/\/aujourdhui.ma\/wp-content\/uploads\/2020\/01\/cyclisme-Maroc.jpg?x29840\" alt=\"Cyclisme : Le Maroc prend part au 15\u00e8 Tour du Gabon\"\/><\/p>\n<p class=\"p1\"><span class=\"s1\"><span class=\"c4\"><strong>La s\u00e9lection nationale de cyclisme participera \u00e0 la 15\u00e8 \u00e9dition du Tour cycliste Amissa Bongo (Tour du Gabon), \u00e9preuve de l\u2019Africa Tour et qui se disputera du 20 au 26 janvier, apprend-on aupr\u00e8s de la F\u00e9d\u00e9ration royale marocaine de cyclisme (FRMC).<\/strong><\/span><\/span> <span id=\"more-330379\"\/><\/p>\n<p class=\"p1\"><span class=\"s1\">La d\u00e9l\u00e9gation marocaine devant prendre part \u00e0 cette comp\u00e9tition est compos\u00e9e des coureurs Adil El Arbaoui, Houcine Sabahi, Mohcine El Kouraji, Oussama Khafi, Youssef Bdadou et Yasser Tahiri, cadr\u00e9s par l\u2019entra\u00eeneur national Ahmed Rahili, indique vendredi un communiqu\u00e9 de la f\u00e9d\u00e9ration. Le Tour cysliste Amissa Bongo se d\u00e9roulera cette ann\u00e9e en sept \u00e9tapes sur un parcours de plus de 1.000 km.<\/span><\/p>\n<\/div>\n<p>Auteur: ALM<br \/>\n<a href=\"http:\/\/aujourdhui.ma\/sports\/cyclisme-le-maroc-prend-part-au-15e-tour-du-gabon\">Cliquez ici pour lire l&rsquo;article depuis sa source.<\/a><\/p>\n","protected":false},"excerpt":{"rendered":"<p>Publi\u00e9 par ALM Date\u00a0:janvier 20, 2020 dans:Sports 0 Vues La s\u00e9lection nationale de cyclisme participera \u00e0 la 15\u00e8 \u00e9dition du Tour cycliste Amissa Bongo (Tour du Gabon), \u00e9preuve de l\u2019Africa Tour et qui se disputera du 20 au 26 janvier, apprend-on aupr\u00e8s de la F\u00e9d\u00e9ration royale marocaine de cyclisme (FRMC). La d\u00e9l\u00e9gation marocaine devant prendre [&hellip;]<\/p>\n","protected":false},"author":1759,"featured_media":0,"comment_status":"closed","ping_status":"closed","sticky":false,"template":"","format":"standard","meta":{"fifu_image_url":"","fifu_image_alt":"","footnotes":""},"categories":[73,54],"tags":[],"class_list":["post-73555","post","type-post","status-publish","format-standard","hentry","category-actualite","category-maroc"],"_links":{"self":[{"href":"https:\/\/linitiative.ca\/International\/wp-json\/wp\/v2\/posts\/73555","targetHints":{"allow":["GET"]}}],"collection":[{"href":"https:\/\/linitiative.ca\/International\/wp-json\/wp\/v2\/posts"}],"about":[{"href":"https:\/\/linitiative.ca\/International\/wp-json\/wp\/v2\/types\/post"}],"author":[{"embeddable":true,"href":"https:\/\/linitiative.ca\/International\/wp-json\/wp\/v2\/users\/1759"}],"replies":[{"embeddable":true,"href":"https:\/\/linitiative.ca\/International\/wp-json\/wp\/v2\/comments?post=73555"}],"version-history":[{"count":0,"href":"https:\/\/linitiative.ca\/International\/wp-json\/wp\/v2\/posts\/73555\/revisions"}],"wp:attachment":[{"href":"https:\/\/linitiative.ca\/International\/wp-json\/wp\/v2\/media?parent=73555"}],"wp:term":[{"taxonomy":"category","embeddable":true,"href":"https:\/\/linitiative.ca\/International\/wp-json\/wp\/v2\/categories?post=73555"},{"taxonomy":"post_tag","embeddable":true,"href":"https:\/\/linitiative.ca\/International\/wp-json\/wp\/v2\/tags?post=73555"}],"curies":[{"name":"wp","href":"https:\/\/api.w.org\/{rel}","templated":true}]}}