{"id":73556,"date":"2020-01-20T08:19:09","date_gmt":"2020-01-20T13:19:09","guid":{"rendered":"https:\/\/linitiative.ca\/International\/mehdi-qotbi-lexposition-du-maroc-a-pekin-sera-un-evenement-enorme\/"},"modified":"2020-01-20T08:19:09","modified_gmt":"2020-01-20T13:19:09","slug":"mehdi-qotbi-lexposition-du-maroc-a-pekin-sera-un-evenement-enorme","status":"publish","type":"post","link":"https:\/\/linitiative.ca\/International\/mehdi-qotbi-lexposition-du-maroc-a-pekin-sera-un-evenement-enorme\/","title":{"rendered":"Mehdi Qotbi : \u00abL\u2019exposition du Maroc \u00e0 P\u00e9kin sera un \u00e9v\u00e9nement \u00e9norme\u00bb"},"content":{"rendered":"<p><img decoding=\"async\" class=\"post_layout_5_img\" src=\"http:\/\/aujourdhui.ma\/wp-content\/uploads\/2020\/01\/Coope%CC%81ration-Mehdi-Qotbi-FNMM-et-Muse%CC%81e-national-de-Chine-MNC.jpg?x29840\" alt=\"Mehdi Qotbi : \u00abL\u2019exposition du Maroc \u00e0 P\u00e9kin sera un \u00e9v\u00e9nement \u00e9norme\u00bb\"\/><\/p>\n<p class=\"p1\"><span class=\"c4\"><strong><em>Entretien avec<\/em> Mehdi Qotbi, <em>pr\u00e9sident de la Fondation nationale des mus\u00e9es<\/em><\/strong><\/span> <span id=\"more-330376\"\/><\/p>\n<div class=\"base-box mom_box_sc_custom mom_box_sc clear c5\" readability=\"13\">\n<p class=\"p1\"><strong><span class=\"s1\"><em>La Fondation nationale des mus\u00e9es du Maroc (FNMM) et le Mus\u00e9e national de Chine (MNC) ont sign\u00e9, vendredi \u00e0 P\u00e9kin, deux accords portant sur le renforcement de la coop\u00e9ration et les \u00e9changes culturels entre le Maroc et la Chine et l\u2019organisation d\u2019expositions dans le cadre de l\u2019ann\u00e9e touristique et culturelle 2020 dans chacun des deux pays. Rencontr\u00e9 en marge de cette signature, M. Qotbi r\u00e9v\u00e8le par l\u2019occasion les projets de la fondation pour 2020.<\/em><\/span><\/strong><\/p>\n<\/div>\n<p class=\"p1\"><span class=\"s1\"><strong>ALM: vous venez de signer des conventions \u00e0 P\u00e9kin. Quelle en est la teneur ?<\/strong><\/span><\/p>\n<p class=\"p1\"><span class=\"s1\"><strong>Mehdi Qotbi :<\/strong> Ces conventions pr\u00e9voient entre autres l\u2019organisation en fin f\u00e9vrier \u00e0 P\u00e9kin d\u2019une exposition intitul\u00e9e \u00abCouleurs du pays lointain- tr\u00e9sors du Maroc\u00bb. Je trouve que c\u2019est tr\u00e8s joli comme appellation. Ce sera un \u00e9v\u00e9nement \u00e9norme. C\u2019est pour la premi\u00e8re fois qu\u2019une exposition du Maroc sera vue par autant de millions de personnes, du fait qu\u2019elle va \u00eatre organis\u00e9e au Mus\u00e9e national de Chine qui est le plus grand du pays. Et quand on dit grandeur en Chine, c\u2019est colossal parce qu\u2019ils ont en moyenne un minimum de 10 millions de visiteurs par an. Cela va \u00eatre aussi un message fort \u00e0 envoyer aux Chinois pour leur montrer que nous avons une culture aussi mill\u00e9naire et surtout aussi diverse que la leur. C\u2019est-\u00e0-dire qu\u2019\u00e0 travers la culture nous allons encourager en plus une envie d\u2019aller d\u00e9couvrir le Maroc et sa culture. Celle-ci est essentielle pour le tourisme.<\/span><\/p>\n<p class=\"p1\"><span class=\"s1\"><strong>Est-ce qu\u2019il est pr\u00e9vu d\u2019organiser un \u00e9v\u00e9nement similaire sur la Chine au Maroc ?<\/strong><\/span><\/p>\n<p class=\"p1\"><span class=\"s1\">En principe oui. Mais pour le moment, les Chinois ne nous ont pas encore donn\u00e9 de visibilit\u00e9 sur ce qu\u2019ils veulent exactement parce que nous avons des mus\u00e9es, comme celui de Marrakech<span class=\"Apple-converted-space\">\u00a0<\/span> que nous pouvons leur offrir. Donc nous sommes en pleines discussions.<\/span><\/p>\n<p class=\"p1\"><span class=\"s1\"><strong>Outre l\u2019exposition du Maroc en Chine. Quels sont les projets de la fondation pour 2020 ?<\/strong><\/span><\/p>\n<p class=\"p1\"><span class=\"s1\">Nous nous penchons sur l\u2019arriv\u00e9e de Delacroix \u00e0 Rabat en fin mars. Par la suite, nous travaillerons sur une exposition et ce dans le cadre de l\u2019hommage rendu chaque ann\u00e9e aux grands artistes marocains. Ainsi il y aura une r\u00e9trospective des \u0153uvres de Fouad Bellamine. Nous allons, ensuite, avoir une exposition d\u00e9di\u00e9e aux artistes-peintres majeurs africains. En tout, 2020 sera une ann\u00e9e tr\u00e8s charg\u00e9e pour nous.<\/span><\/p>\n<p class=\"p1\"><span class=\"s1\"><strong>Qu\u2019en est-il de l\u2019ouverture de mus\u00e9es?<\/strong><\/span><\/p>\n<p class=\"p1\"><span class=\"s1\">Il y a plusieurs ouvertures. Citons dans ce sens l\u2019ouverture du mus\u00e9e de T\u00e9touan pour mieux conna\u00eetre l\u2019histoire de cette ville et sa r\u00e9gion ou encore celle du mus\u00e9e de la musique \u00e0 Mekn\u00e8s. Et bien \u00e9videmment nous travaillons sur la r\u00e9novation du mus\u00e9e de la place Jamaa El Fna. C\u2019est l\u2019ancienne banque du Maroc que nous transformons en mus\u00e9e. Ce projet est d\u00e9j\u00e0 act\u00e9 et sign\u00e9. Maintenant nous esp\u00e9rons avoir tout ce qu\u2019il faut pour le faire et livrer \u00e0 temps.<\/span><\/p>\n<p class=\"p1\"><span class=\"s1\"><strong>Est-ce que vous avez tous les moyens pour faire l\u2019ensemble de ces activit\u00e9s \u00e0 la fondation ?<\/strong><\/span><\/p>\n<p class=\"p1\"><span class=\"s1\">\u00c0 la fondation, je pense qu\u2019il faut plut\u00f4t parler de passion plut\u00f4t que de moyens. Nous avons \u00e9norm\u00e9ment de personnes aujourd\u2019hui qui nous accompagnent. Des m\u00e9c\u00e8nes qui voient le travail que nous sommes en train de faire et qui viennent spontan\u00e9ment nous dire ce que nous pouvons faire. Je vous donne un exemple qui date de trois jours. Une personne de nationalit\u00e9 fran\u00e7aise nous a offert presque 80% des d\u00e9penses de r\u00e9novation du mus\u00e9e de Tanger baptis\u00e9 le Mus\u00e9e des cultures m\u00e9diterran\u00e9ennes dont tout le monde parle surtout au nord du Maroc parce que nous avons fait un vrai mus\u00e9e. La m\u00eame personne a propos\u00e9 spontan\u00e9ment d\u2019aider \u00e0 faire les jardins de Dar Si Said, le mus\u00e9e du tapis. Je continue aussi avec le mus\u00e9e de Dar El Bacha qui est devenu maintenant un lieu incontournable o\u00f9 le monde entier veut \u00eatre. Pour ce mus\u00e9e, Khalid Leghrib prend en charge une partie de la r\u00e9novation des sanitaires au moment o\u00f9 Anas Sefrioui prend en charge la r\u00e9novation de la sc\u00e9nographie de tout le mus\u00e9e, en offrant \u00e9galement des objets. C\u2019est du m\u00e9c\u00e9nat.<\/span><\/p>\n<p class=\"p1\"><span class=\"s1\"><strong>Quelle est l\u2019action qui vous tient \u00e0 c\u0153ur depuis que vous \u00eates \u00e0 la t\u00eate de la fondation ?<\/strong><\/span><\/p>\n<p class=\"p1\"><span class=\"s1\">J\u2019ai fait plusieurs choses. Je r\u00eavais de faire venir Picasso au Maroc, il est venu. Les impressionnistes aussi. Mon souhait aujourd\u2019hui est que chaque ville puisse avoir son mus\u00e9e. C\u2019est dans ce sens que nous op\u00e9rons. A Safi nous venons de cr\u00e9er le mus\u00e9e national de la c\u00e9ramique et de la poterie. Je suis persuad\u00e9 que chaque ville peut avoir un mus\u00e9e car un grand nombre de Marocains du pays entier prend le chemin des mus\u00e9es pour voir de belles expositions comme celle des impressionnistes. D\u2019ailleurs, le mus\u00e9e de Rabat attire plus de gens que les salles de cin\u00e9ma. Mais il reste beaucoup \u00e0 faire. Je resterai reconnaissant \u00e0 SM le Roi qui a vraiment donn\u00e9 la possibilit\u00e9 \u00e0 la culture de vivre et d\u2019\u00eatre ainsi que d\u2019avoir la place qu\u2019elle doit au Maroc.<\/span><\/p>\n<p>Auteur: Sa\u00e2d Benmansour<br \/>\n<a href=\"http:\/\/aujourdhui.ma\/culture\/mehdi-qotbi-lexposition-du-maroc-a-pekin-sera-un-evenement-enorme\">Cliquez ici pour lire l&rsquo;article depuis sa source.<\/a><\/p>\n","protected":false},"excerpt":{"rendered":"<p>Entretien avec Mehdi Qotbi, pr\u00e9sident de la Fondation nationale des mus\u00e9es La Fondation nationale des mus\u00e9es du Maroc (FNMM) et le Mus\u00e9e national de Chine (MNC) ont sign\u00e9, vendredi \u00e0 P\u00e9kin, deux accords portant sur le renforcement de la coop\u00e9ration et les \u00e9changes culturels entre le Maroc et la Chine et l\u2019organisation d\u2019expositions dans le [&hellip;]<\/p>\n","protected":false},"author":1759,"featured_media":0,"comment_status":"closed","ping_status":"closed","sticky":false,"template":"","format":"standard","meta":{"fifu_image_url":"","fifu_image_alt":"","footnotes":""},"categories":[73,54],"tags":[],"class_list":["post-73556","post","type-post","status-publish","format-standard","hentry","category-actualite","category-maroc"],"_links":{"self":[{"href":"https:\/\/linitiative.ca\/International\/wp-json\/wp\/v2\/posts\/73556","targetHints":{"allow":["GET"]}}],"collection":[{"href":"https:\/\/linitiative.ca\/International\/wp-json\/wp\/v2\/posts"}],"about":[{"href":"https:\/\/linitiative.ca\/International\/wp-json\/wp\/v2\/types\/post"}],"author":[{"embeddable":true,"href":"https:\/\/linitiative.ca\/International\/wp-json\/wp\/v2\/users\/1759"}],"replies":[{"embeddable":true,"href":"https:\/\/linitiative.ca\/International\/wp-json\/wp\/v2\/comments?post=73556"}],"version-history":[{"count":0,"href":"https:\/\/linitiative.ca\/International\/wp-json\/wp\/v2\/posts\/73556\/revisions"}],"wp:attachment":[{"href":"https:\/\/linitiative.ca\/International\/wp-json\/wp\/v2\/media?parent=73556"}],"wp:term":[{"taxonomy":"category","embeddable":true,"href":"https:\/\/linitiative.ca\/International\/wp-json\/wp\/v2\/categories?post=73556"},{"taxonomy":"post_tag","embeddable":true,"href":"https:\/\/linitiative.ca\/International\/wp-json\/wp\/v2\/tags?post=73556"}],"curies":[{"name":"wp","href":"https:\/\/api.w.org\/{rel}","templated":true}]}}