{"id":73558,"date":"2020-01-20T10:00:52","date_gmt":"2020-01-20T15:00:52","guid":{"rendered":"https:\/\/linitiative.ca\/International\/noureddine-daifallah-expose-le-maitre-calligraphe-a-marrakech\/"},"modified":"2020-01-20T10:00:52","modified_gmt":"2020-01-20T15:00:52","slug":"noureddine-daifallah-expose-le-maitre-calligraphe-a-marrakech","status":"publish","type":"post","link":"https:\/\/linitiative.ca\/International\/noureddine-daifallah-expose-le-maitre-calligraphe-a-marrakech\/","title":{"rendered":"Noureddine Daifallah expose \u00abLe ma\u00eetre calligraphe\u00bb \u00e0 Marrakech"},"content":{"rendered":"<p><img decoding=\"async\" class=\"post_layout_5_img\" src=\"http:\/\/aujourdhui.ma\/wp-content\/uploads\/2020\/01\/Noureddine-Daifallah-expose-Le-mai%CC%82tre-calligraphe-a%CC%80-Marrakech.jpg?x29840\" alt=\"Noureddine Daifallah expose \u00abLe ma\u00eetre calligraphe\u00bb \u00e0 Marrakech\"\/><\/p>\n<p class=\"p1\"><span class=\"c4\"><strong><em>Il retrouve les amateurs de l\u2019art marocain dans\u00a0<\/em><em>le sillage du \u00abContemporary African Art Fair\u00bb<\/em><\/strong><\/span><span id=\"more-330396\"\/><\/p>\n<p class=\"p1\"><span class=\"s1\">A partir du 20 f\u00e9vrier prochain, les cimaises de la galerie Matisse Art Gallery de Marrakech abritent une exposition in\u00e9dite des \u0153uvres de l\u2019artiste-peintre Noureddine Daifallah sur le th\u00e8me \u00abLe ma\u00eetre calligraphe\u00bb. Cet universitaire et natif de la ville ocre retrouve les amateurs de l\u2019art marocain dans le sillage du \u00abContemporary African Art Fair\u00bb , qui se d\u00e9roulera du 22 au 23 f\u00e9vrier prochain \u00e0 Marrakech. L\u2019occasion pour le public de vivre un moment artistiquement calligraphique unique \u00e0 travers les r\u00e9cents travaux de cet artiste qui sait r\u00e9unir les conditions n\u00e9cessaires pour son \u0153uvre o\u00f9 la lumi\u00e8re rencontre la beaut\u00e9 intrins\u00e8que du sujet. Le peintre a voulu se d\u00e9marquer de ses pr\u00e9d\u00e9cesseurs, apporter sa propre touche artistique. Depuis sa premi\u00e8re exposition qui date de 1977, alors qu\u2019il n\u2019avait que 17 ans, les \u0153uvres de Noureddine Daifallah ont travers\u00e9 la M\u00e9diterran\u00e9e pour \u00eatre expos\u00e9es et reconnues partout en Europe. A Paris, en Italie et au Portugal, o\u00f9 l\u2019\u00e9criture arabe repr\u00e9sente plus qu\u2019un art, et parle au nom de la culture et la civilisation arabe.<\/span><\/p>\n<p class=\"p1\"><span class=\"s1\">L\u2019\u00e9criture arabe a, en fait, l\u2019avantage de se pr\u00eater gracieusement \u00e0 de multiples m\u00e9tamorphoses. Et cela Noureddine Daifallah l\u2019a compris, <em>\u00abl\u2019\u00e9criture arabe est \u00e0 la fois un art noble, une tradition s\u00e9culaire et un patrimoine \u00e0 sauvegarder\u00bb,<\/em> pr\u00e9cise-t-il. A travers son pinceau, il remplace gracieusement l\u2019encre par la peinture \u00e0 l\u2019aide de deux supports, la toile et le papier. Ses \u0153uvres, sombres pour la plupart, ont \u00e9t\u00e9 peintes avec des couleurs \u00abterre\u00bb.<\/span><\/p>\n<p class=\"p1\"><span class=\"s1\">L\u2019art calligraphique arabe, c\u2019est connu, doit son \u00e9panouissement et sa magie \u00e0 la spiritualit\u00e9 musulmane. Par un \u00e9trange m\u00e9canisme de transition, celle-ci en a fait une esp\u00e8ce d\u2019expression artistique sacr\u00e9e, une sorte de parole proph\u00e9tique par voix interpos\u00e9e. Sa dimension m\u00e9taphysique se signale \u00e0 travers des motifs coraniques richement d\u00e9cor\u00e9s et vari\u00e9s \u00e0 l\u2019infini. Instrument symbolique autant qu\u2019outil de travail, le calame (con\u00e7u sous diff\u00e9rents aspects et dont le mat\u00e9riau de pr\u00e9dilection demeure le bois de grenadier) participe de cette c\u00e9l\u00e9bration sublimatoire, pour la glorification de la lettre arabe. Ces enseignements, ainsi bri\u00e8vement \u00e9voqu\u00e9s, sont \u00e0 la base de l\u2019art calligraphique de Noureddine Daifallah dont l\u2019apport en la mati\u00e8re contient cependant des sp\u00e9cificit\u00e9s techniques et cr\u00e9atives \u00e0 tenir en consid\u00e9ration. Usant de moyens d\u2019une grande sobri\u00e9t\u00e9, l\u2019artiste entretient avec la lettre un rapport quasi \u00e9pidermique. Comme chez les minimalistes, il pousse ses structures aux limites de la tension, tresse des textes o\u00f9 s\u2019accrochent des motifs color\u00e9s. C\u2019est un v\u00e9ritable travail d\u2019asc\u00e8te, de scribe rompu \u00e0 la t\u00e2che mais chez qui le plaisir de cr\u00e9er l\u2019emporte de loin sur les imp\u00e9ratifs du devoir. Daifallah revisite la m\u00e9moire ancestrale pour lui insuffler ce qu\u2019il croit pouvoir perp\u00e9tuer sa qualit\u00e9 et ses convictions.<\/span><\/p>\n<p>Auteur: ALM<br \/>\n<a href=\"http:\/\/aujourdhui.ma\/culture\/noureddine-daifallah-expose-le-maitre-calligraphe-a-marrakech\">Cliquez ici pour lire l&rsquo;article depuis sa source.<\/a><\/p>\n","protected":false},"excerpt":{"rendered":"<p>Il retrouve les amateurs de l\u2019art marocain dans\u00a0le sillage du \u00abContemporary African Art Fair\u00bb A partir du 20 f\u00e9vrier prochain, les cimaises de la galerie Matisse Art Gallery de Marrakech abritent une exposition in\u00e9dite des \u0153uvres de l\u2019artiste-peintre Noureddine Daifallah sur le th\u00e8me \u00abLe ma\u00eetre calligraphe\u00bb. Cet universitaire et natif de la ville ocre retrouve [&hellip;]<\/p>\n","protected":false},"author":1759,"featured_media":0,"comment_status":"closed","ping_status":"closed","sticky":false,"template":"","format":"standard","meta":{"fifu_image_url":"","fifu_image_alt":"","footnotes":""},"categories":[73,54],"tags":[],"class_list":["post-73558","post","type-post","status-publish","format-standard","hentry","category-actualite","category-maroc"],"_links":{"self":[{"href":"https:\/\/linitiative.ca\/International\/wp-json\/wp\/v2\/posts\/73558","targetHints":{"allow":["GET"]}}],"collection":[{"href":"https:\/\/linitiative.ca\/International\/wp-json\/wp\/v2\/posts"}],"about":[{"href":"https:\/\/linitiative.ca\/International\/wp-json\/wp\/v2\/types\/post"}],"author":[{"embeddable":true,"href":"https:\/\/linitiative.ca\/International\/wp-json\/wp\/v2\/users\/1759"}],"replies":[{"embeddable":true,"href":"https:\/\/linitiative.ca\/International\/wp-json\/wp\/v2\/comments?post=73558"}],"version-history":[{"count":0,"href":"https:\/\/linitiative.ca\/International\/wp-json\/wp\/v2\/posts\/73558\/revisions"}],"wp:attachment":[{"href":"https:\/\/linitiative.ca\/International\/wp-json\/wp\/v2\/media?parent=73558"}],"wp:term":[{"taxonomy":"category","embeddable":true,"href":"https:\/\/linitiative.ca\/International\/wp-json\/wp\/v2\/categories?post=73558"},{"taxonomy":"post_tag","embeddable":true,"href":"https:\/\/linitiative.ca\/International\/wp-json\/wp\/v2\/tags?post=73558"}],"curies":[{"name":"wp","href":"https:\/\/api.w.org\/{rel}","templated":true}]}}