{"id":73559,"date":"2020-01-20T10:46:52","date_gmt":"2020-01-20T15:46:52","guid":{"rendered":"https:\/\/linitiative.ca\/International\/casablanca-fin-de-cavale-de-lescroc-de-lakrea\/"},"modified":"2020-01-20T10:46:52","modified_gmt":"2020-01-20T15:46:52","slug":"casablanca-fin-de-cavale-de-lescroc-de-lakrea","status":"publish","type":"post","link":"https:\/\/linitiative.ca\/International\/casablanca-fin-de-cavale-de-lescroc-de-lakrea\/","title":{"rendered":"Casablanca : Fin de cavale de l\u2019escroc de \u00abLakrea\u00bb"},"content":{"rendered":"<header>\n<\/header>\n<div class=\"entry-content clearfix\" readability=\"61\"><img decoding=\"async\" class=\"post_layout_5_img\" src=\"http:\/\/aujourdhui.ma\/wp-content\/uploads\/2020\/01\/Korea-souk.jpg?x29840\" alt=\"Casablanca : Fin de cavale de l\u2019escroc de \u00abLakrea\u00bb\"\/><\/p>\n<p class=\"p1\"><span class=\"c4\"><strong>Le service pr\u00e9fectoral de la police judiciaire de Casablanca, en coordination avec les services de la Direction g\u00e9n\u00e9rale de la surveillance du territoire, a arr\u00eat\u00e9 dimanche matin un individu faisant l\u2019objet d\u2019un avis de recherche au niveau national pour son implication pr\u00e9sum\u00e9e dans une affaire d\u2019escroquerie dont ont \u00e9t\u00e9 victimes les commer\u00e7ants du march\u00e9 \u00abLakrea\u00bb \u00e0 Casablanca, une affaire qui a \u00e9t\u00e9 relay\u00e9e par plusieurs m\u00e9dias, ainsi que sur les r\u00e9seaux sociaux.<\/strong><\/span><span id=\"more-330420\"\/><\/p>\n<p class=\"p1\">Les services de la police judiciaire de Casablanca avaient trait\u00e9 plusieurs plaintes de commer\u00e7ants de pr\u00eat-\u00e0-porter de ce march\u00e9 qui ont affirm\u00e9 avoir \u00e9t\u00e9 victimes d\u2019escroquerie de la part du mis en cause auquel ils avaient remis des sommes d\u2019argent estim\u00e9es \u00e0 des centaines de millions de dirhams, indique un communiqu\u00e9 de la Direction g\u00e9n\u00e9rale de la s\u00fbret\u00e9 nationale (DGSN), faisant savoir que les recherches et investigations men\u00e9es ont permis l\u2019interpellation du pr\u00e9venu \u00e2g\u00e9 de 39 ans \u00e0 la gare routi\u00e8re \u00abEl Kamra\u00bb \u00e0 Rabat.<\/p>\n<p class=\"p1\">Le suspect a eu recours \u00e0 des m\u00e9thodes criminelles pour s\u2019emparer de sommes d\u2019argent en achetant des biens en gros pour les revendre en contrepartie de lettres de change, de m\u00eame qu\u2019il a re\u00e7u d\u2019autres sommes de la part de commer\u00e7ants de gros et de d\u00e9tails pour importer des biens de l\u2019\u00e9tranger en vue de les revendre sur le march\u00e9 national, ajoute la m\u00eame source, pr\u00e9cisant qu\u2019il avait aussi g\u00e9r\u00e9 des op\u00e9rations d\u2019\u00e9pargne collectives au profit des commer\u00e7ants.<\/p>\n<p class=\"p1\">Ces transactions ont permis au mis en cause de s\u2019emparer de l\u2019argent des victimes et de dispara\u00eetre avant qu\u2019il ne soit arr\u00eat\u00e9. Le mis en cause a \u00e9t\u00e9 plac\u00e9 en garde \u00e0 vue \u00e0 la disposition de l\u2019enqu\u00eate men\u00e9e sous la supervision du parquet comp\u00e9tent en vue de d\u00e9terminer les tenants et les aboutissants de ces actes criminels, ainsi que les personnes \u00e9ventuellement impliqu\u00e9es dans cette affaire, conclut le communiqu\u00e9.<\/p>\n<\/div>\n<p>Auteur: ALM<br \/>\n<a href=\"http:\/\/aujourdhui.ma\/faits-divers\/casablanca-fin-de-cavale-de-lescroc-de-lakrea\">Cliquez ici pour lire l&rsquo;article depuis sa source.<\/a><\/p>\n","protected":false},"excerpt":{"rendered":"<p>Le service pr\u00e9fectoral de la police judiciaire de Casablanca, en coordination avec les services de la Direction g\u00e9n\u00e9rale de la surveillance du territoire, a arr\u00eat\u00e9 dimanche matin un individu faisant l\u2019objet d\u2019un avis de recherche au niveau national pour son implication pr\u00e9sum\u00e9e dans une affaire d\u2019escroquerie dont ont \u00e9t\u00e9 victimes les commer\u00e7ants du march\u00e9 \u00abLakrea\u00bb [&hellip;]<\/p>\n","protected":false},"author":1759,"featured_media":0,"comment_status":"closed","ping_status":"closed","sticky":false,"template":"","format":"standard","meta":{"fifu_image_url":"","fifu_image_alt":"","footnotes":""},"categories":[73,54],"tags":[],"class_list":["post-73559","post","type-post","status-publish","format-standard","hentry","category-actualite","category-maroc"],"_links":{"self":[{"href":"https:\/\/linitiative.ca\/International\/wp-json\/wp\/v2\/posts\/73559","targetHints":{"allow":["GET"]}}],"collection":[{"href":"https:\/\/linitiative.ca\/International\/wp-json\/wp\/v2\/posts"}],"about":[{"href":"https:\/\/linitiative.ca\/International\/wp-json\/wp\/v2\/types\/post"}],"author":[{"embeddable":true,"href":"https:\/\/linitiative.ca\/International\/wp-json\/wp\/v2\/users\/1759"}],"replies":[{"embeddable":true,"href":"https:\/\/linitiative.ca\/International\/wp-json\/wp\/v2\/comments?post=73559"}],"version-history":[{"count":0,"href":"https:\/\/linitiative.ca\/International\/wp-json\/wp\/v2\/posts\/73559\/revisions"}],"wp:attachment":[{"href":"https:\/\/linitiative.ca\/International\/wp-json\/wp\/v2\/media?parent=73559"}],"wp:term":[{"taxonomy":"category","embeddable":true,"href":"https:\/\/linitiative.ca\/International\/wp-json\/wp\/v2\/categories?post=73559"},{"taxonomy":"post_tag","embeddable":true,"href":"https:\/\/linitiative.ca\/International\/wp-json\/wp\/v2\/tags?post=73559"}],"curies":[{"name":"wp","href":"https:\/\/api.w.org\/{rel}","templated":true}]}}