{"id":73563,"date":"2020-01-20T05:50:35","date_gmt":"2020-01-20T10:50:35","guid":{"rendered":"https:\/\/linitiative.ca\/International\/un-danger-public-a-draa-tafilalet\/"},"modified":"2020-01-20T05:50:35","modified_gmt":"2020-01-20T10:50:35","slug":"un-danger-public-a-draa-tafilalet","status":"publish","type":"post","link":"https:\/\/linitiative.ca\/International\/un-danger-public-a-draa-tafilalet\/","title":{"rendered":"Un danger public \u00e0 Dr\u00e2a Tafilalet!"},"content":{"rendered":"<p class=\"has-text-color c2\"><strong>Devant une large assistance, compos\u00e9e de cadres et de comp\u00e9tences de la r\u00e9gion, de pr\u00e9sidents des communes, de la soci\u00e9t\u00e9 civile, des supports de m\u00e9dias\u2026, le groupe des 24 de l\u2019opposition du conseil r\u00e9gional de Dr\u00e0a Tafilalet, \u00e0 tenu un rassemblement grandiose, samedi dernier \u00e0 l\u2019h\u00f4tel de ville d\u2019Errachidia.<\/strong><\/p>\n<p>Sous la th\u00e9matique centrale : \u00abParcours de d\u00e9veloppement de la r\u00e9gion de Draa Tafilalet\u00a0: r\u00e9alit\u00e9 et d\u00e9fis\u00a0!\u00bb, cette rencontre \u00e9tait plac\u00e9e sous le signe d\u2019une r\u00e9action commune des composantes de la r\u00e9gion. D\u2019innombrables infractions ont \u00e9t\u00e9 \u00e9voqu\u00e9es, tour \u00e0 tour, preuve \u00e0 l\u2019appui, par les membres du bureau et les conseillers, d\u2019un ton protestataire v\u00e9h\u00e9ment \u00e0 retenir en haleine la salle archi-comble.<\/p>\n<p>C\u2019est un r\u00e9el r\u00e9quisitoire qui a \u00e9t\u00e9 intent\u00e9 \u00e0 l\u2019encontre de la pr\u00e9sidence du conseil, en cette audience surchauff\u00e9e. Jamais un tel proc\u00e8s n\u2019a \u00e9t\u00e9 dress\u00e9 en s\u00e9ance solennelle, sous les acclamations nourries du public, en net accord avec les chefs d\u2019accusation pr\u00e9sent\u00e9s par les contestataires. Pendant plus de quatre heures, les r\u00e9criminations fusaient de toutes parts.<\/p>\n<p>Les uns accusent la pr\u00e9sidence de faillir \u00e0 ses engagements, en violant les lois et proc\u00e9dures en vigueur, d\u2019autres r\u00e9prouvent son acte unilat\u00e9ral. Et ce n\u2019est nullement les exemples de cette conduite d\u00e9ficitaire qui manquent au sein d\u2019une institution r\u00e9gie par la constitution du royaume. On est all\u00e9 encore plus loin en cette \u00abmotion de censure\u00bb, en citant des\u00a0 malversations qui se comptent par millions de dirhams ou encore d\u2019abus de gaspillage des deniers publics. Les cas de l\u2019acquisition de pas moins de 150 v\u00e9hicules destin\u00e9s au transport scolaire, pour un co\u00fbt de six milliards de centimes ou l\u2019affaire de l\u2019achat des dattes p\u00e9rim\u00e9es, entre autres, en sont des illustrations irr\u00e9futables.<\/p>\n<p>\u00abLe pr\u00e9sident a perdu sa majorit\u00e9 et c\u2019est bien lui qui avait fauss\u00e9 compagnie et se doit d\u2019assumer ses responsabilit\u00e9s face \u00e0 cette situation d\u2019impasse dans laquelle se trouve actuellement le conseil r\u00e9gional, car personne ne devrait continuer \u00e0 cautionner ce comportement relevant de l\u2019absurde!\u00bb, disait un intervenant parmi les r\u00e9fractaires. Il est rappeler que la derni\u00e8re session du conseil s\u2019est sold\u00e9 par le refus pur et simple du compte administrative, jetant ainsi les int\u00e9r\u00eats de la r\u00e9gion fragilis\u00e9e par les affres de la privation, dans un triste de cycle de tourmente.<\/p>\n<p>Le plus tragique dans ce grief, de plus en plus p\u00e9rilleux, c\u2019est que toute la r\u00e9gion est sous tension et s\u2019appr\u00eate \u00e0 r\u00e9agir violemment dans la rue pour rompre cette h\u00e9morragie d\u00e9solante. Un gros probl\u00e8me d\u2019ins\u00e9curit\u00e9 publique s\u2019impose donc pour une Autorit\u00e9 centrale l\u00e9thargique qui tarde \u00e0 intervenir afin de rem\u00e9dier \u00e0 cette affaire qui semble avoir l\u2019air de tra\u00een\u00e9e de poudre mena\u00e7ante. Les pr\u00e9mices de ce constat qui circule rapidement dans les parages ne font aucun doute \u00e0 ce propos. Une sonnette d\u2019alarme qui, sans doute, aurait alert\u00e9 les d\u00e9cideurs de tutelle pour crever l\u2019abc\u00e8s.<\/p>\n<p>Auteur: M&rsquo;hammed rahal<br \/>\n<a href=\"http:\/\/albayane.press.ma\/un-danger-public-a-draa-tafilalet.html\">Cliquez ici pour lire l&rsquo;article depuis sa source.<\/a><\/p>\n","protected":false},"excerpt":{"rendered":"<p>Devant une large assistance, compos\u00e9e de cadres et de comp\u00e9tences de la r\u00e9gion, de pr\u00e9sidents des communes, de la soci\u00e9t\u00e9 civile, des supports de m\u00e9dias\u2026, le groupe des 24 de l\u2019opposition du conseil r\u00e9gional de Dr\u00e0a Tafilalet, \u00e0 tenu un rassemblement grandiose, samedi dernier \u00e0 l\u2019h\u00f4tel de ville d\u2019Errachidia. Sous la th\u00e9matique centrale : \u00abParcours [&hellip;]<\/p>\n","protected":false},"author":1760,"featured_media":0,"comment_status":"closed","ping_status":"closed","sticky":false,"template":"","format":"standard","meta":{"fifu_image_url":"","fifu_image_alt":"","footnotes":""},"categories":[73,54],"tags":[],"class_list":["post-73563","post","type-post","status-publish","format-standard","hentry","category-actualite","category-maroc"],"_links":{"self":[{"href":"https:\/\/linitiative.ca\/International\/wp-json\/wp\/v2\/posts\/73563","targetHints":{"allow":["GET"]}}],"collection":[{"href":"https:\/\/linitiative.ca\/International\/wp-json\/wp\/v2\/posts"}],"about":[{"href":"https:\/\/linitiative.ca\/International\/wp-json\/wp\/v2\/types\/post"}],"author":[{"embeddable":true,"href":"https:\/\/linitiative.ca\/International\/wp-json\/wp\/v2\/users\/1760"}],"replies":[{"embeddable":true,"href":"https:\/\/linitiative.ca\/International\/wp-json\/wp\/v2\/comments?post=73563"}],"version-history":[{"count":0,"href":"https:\/\/linitiative.ca\/International\/wp-json\/wp\/v2\/posts\/73563\/revisions"}],"wp:attachment":[{"href":"https:\/\/linitiative.ca\/International\/wp-json\/wp\/v2\/media?parent=73563"}],"wp:term":[{"taxonomy":"category","embeddable":true,"href":"https:\/\/linitiative.ca\/International\/wp-json\/wp\/v2\/categories?post=73563"},{"taxonomy":"post_tag","embeddable":true,"href":"https:\/\/linitiative.ca\/International\/wp-json\/wp\/v2\/tags?post=73563"}],"curies":[{"name":"wp","href":"https:\/\/api.w.org\/{rel}","templated":true}]}}