{"id":73564,"date":"2020-01-20T05:56:54","date_gmt":"2020-01-20T10:56:54","guid":{"rendered":"https:\/\/linitiative.ca\/International\/maroc-chine-deux-accords-de-cooperation-entre-la-fnmm-et-le-musee-national-de-chine\/"},"modified":"2020-01-20T05:56:54","modified_gmt":"2020-01-20T10:56:54","slug":"maroc-chine-deux-accords-de-cooperation-entre-la-fnmm-et-le-musee-national-de-chine","status":"publish","type":"post","link":"https:\/\/linitiative.ca\/International\/maroc-chine-deux-accords-de-cooperation-entre-la-fnmm-et-le-musee-national-de-chine\/","title":{"rendered":"Maroc-Chine: Deux accords de coop\u00e9ration entre la FNMM et le Mus\u00e9e national de Chine"},"content":{"rendered":"<p class=\"has-text-color c2\"><strong>La Fondation nationale des Mus\u00e9es du Maroc (FNMM) et le Mus\u00e9e national de Chine (MNC) ont sign\u00e9, vendredi \u00e0 P\u00e9kin, deux accords portant sur le renforcement de la coop\u00e9ration et les \u00e9changes culturels entre le Maroc et la Chine et l\u2019organisation d\u2019expositions dans le cadre de l\u2019ann\u00e9e touristique et culturelle 2020 dans chacun des deux pays.<\/strong><\/p>\n<p>Ces deux accords ont \u00e9t\u00e9 sign\u00e9s par le pr\u00e9sident de la FNMM, Mehdi Qotbi, et le directeur du MNC, Wang Chunfa.<\/p>\n<p>En vertu du premier protocole d\u2019entente, la FNMM et le MNC conviennent d\u2019\u00e9tablir une relation d\u2019amiti\u00e9 et de coop\u00e9ration \u00e0 long terme dans les domaines de la conservation, la restauration, l\u2019organisation d\u2019exposition, le partage d\u2019informations, ainsi que la promotion et la gestion des mus\u00e9es sous forme de programmes d\u2019\u00e9changes de formation et de recherches au profit des professionnels des mus\u00e9es.<\/p>\n<p>Ce protocole, d\u2019une dur\u00e9e de cinq ans, pr\u00e9voit aussi l\u2019\u00e9change mutuel des publications, notamment p\u00e9riodiques, et d\u2019autres supports acad\u00e9miques entre les deux institutions.<\/p>\n<p>La deuxi\u00e8me convention concerne l\u2019organisation au Mus\u00e9e National de Chine, \u00e0 P\u00e9kin, d\u2019une exposition intitul\u00e9e \u00ab\u00a0Couleurs du pays lointain \u2013 Tr\u00e9sors du Maroc\u00a0\u00bb. Pr\u00e9vu du 28 f\u00e9vrier au 31 mai 2020, cet \u00e9v\u00e9nement donnera \u00e0 voir une collection de 102 chefs d\u2019\u0153uvres du Maroc.<\/p>\n<p>Le m\u00eame accord pr\u00e9voit aussi l\u2019organisation par le Mus\u00e9e National de Chine d\u2019une exposition de m\u00eame envergure au Maroc courant 2020.<\/p>\n<p>A travers l\u2019exposition \u00ab\u00a0Couleurs du pays lointain \u2013 Tr\u00e9sors du Maroc\u00a0\u00bb, \u00ab\u00a0le Mus\u00e9e national de Chine, l\u2019un des plus grands au monde, mettra en valeur le patrimoine, l\u2019h\u00e9ritage et la diversit\u00e9 culturelle du Royaume\u00a0\u00bb, a d\u00e9clar\u00e9 M. Qotbi \u00e0 la presse \u00e0 l\u2019issue de la c\u00e9r\u00e9monie de signature.<\/p>\n<p>Il s\u2019agit d&rsquo;\u00a0\u00bbun \u00e9v\u00e9nement de grande port\u00e9e et d\u2019une occasion qui nous permettra de pr\u00e9senter aux Chinois le Maroc dans toute sa richesse et sa diversit\u00e9\u00a0\u00bb, a-t-il dit.<\/p>\n<p>Selon M. Qotbi, cette manifestation culturelle et artistique offrira au public chinois de d\u00e9couvrir un lot de bijoux amazighs provenant de la collection personnelle de Sa Majest\u00e9 le Roi, mis \u00e0 la disposition de l\u2019\u00e9v\u00e9nement pour \u00eatre expos\u00e9e pour la premi\u00e8re fois.<\/p>\n<p>Gr\u00e2ce \u00e0 l\u2019impulsion insuffl\u00e9e par SM le Roi \u00e0 la culture et aux mus\u00e9es, le Maroc dispose aujourd\u2019hui de mus\u00e9es \u00e0 travers tout le pays, a-t-il affirm\u00e9, soulignant que le Royaume est devenu un mod\u00e8le en Afrique et ailleurs, comme en t\u00e9moigne les grandes expositions qui y sont organis\u00e9es, notamment la biennale d\u2019art contemporain qui a accueilli 140.000 visiteurs.<\/p>\n<p>Le pr\u00e9sident de la FNMM a \u00e9voqu\u00e9, dans ce cadre, l\u2019inauguration cette semaine \u00e0 Rabat du Mus\u00e9e national de la Photographie et la prochaine ouverture du Mus\u00e9e de T\u00e9touan et du Mus\u00e9e de Mekn\u00e8s de la Musique.<\/p>\n<p>De son c\u00f4t\u00e9, le Directeur du MNC a mis l\u2019accent sur l\u2019excellence des relations historiques entre les deux pays, soulignant que l\u2019organisation de l\u2019ann\u00e9e culturelle et touristique du Maroc en Chine et une manifestation similaire sur l\u2019Empire du Milieu dans le Royaume vont renforcer et promouvoir davantage les liens culturels bilat\u00e9raux.<\/p>\n<p>Le mus\u00e9e, en tant qu\u2019espace de d\u00e9couverte et plate-forme d\u2019exposition et d\u2019interaction culturelle, constitue un lieu de pr\u00e9dilection pour promouvoir les \u00e9changes entre les deux peuples et une composante importante de l\u2019industrie touristique des deux pays, a relev\u00e9 le responsable chinois.<\/p>\n<p>M. Chunfa a indiqu\u00e9 que l\u2019exposition \u00ab\u00a0Couleurs du pays lointain \u2013 Tr\u00e9sors du Maroc\u00a0\u00bb donnera \u00e0 voir une collection de v\u00eatements, de bijoux, de parfums, de tapis, de pi\u00e8ces en bronze et d\u2019objets de d\u00e9coration, qui illustrent la richesse et la diversit\u00e9 du patrimoine culturel du Maroc, ainsi que son art de vivre ancestral.<\/p>\n<p>Les \u0153uvres proviennent de six mus\u00e9es relevant de la FNMM, tels que le Mus\u00e9e national du Tissage et du Tapis de Marrakech, le Mus\u00e9e d\u2019Histoire et des civilisations de Rabat et le Mus\u00e9e des Oudayas de Rabat, ainsi que d\u2019une collection royale de bijoux amazighs, a ajout\u00e9 le Directeur du CMN.<\/p>\n<p>Il a soulign\u00e9 que le Mus\u00e9e national de Chine organisera, pour sa part, une exposition de chefs d\u2019\u0153uvres culturels chinois au Mus\u00e9e national de Rabat en octobre de cette ann\u00e9e.<\/p>\n<p>La signature de ces accords a eu lieu en marge de l\u2019inauguration par la RAM de sa premi\u00e8re liaison a\u00e9rienne directe Casablanca-P\u00e9kin, en pr\u00e9sence du Pr\u00e9sident directeur g\u00e9n\u00e9ral de Royal Air Maroc, Abdelhamid Addou, du Directeur g\u00e9n\u00e9ral de l\u2019Office national marocain du Tourisme (ONMT), Adel El Fakir, du Directeur g\u00e9n\u00e9ral de l\u2019Agence Maghreb Arabe Presse (MAP), Khalil Hachimi Idrissi, du Directeur g\u00e9n\u00e9ral de 2M, Salim Cheikh, et de l\u2019Ambassadeur du Maroc \u00e0 P\u00e9kin, Aziz Mekouar.<\/p>\n<p class=\"c3\"><strong>(MAP)<\/strong><\/p>\n<p>Auteur: M&rsquo;hammed rahal<br \/>\n<a href=\"http:\/\/albayane.press.ma\/maroc-chine-deux-accords-de-cooperation-entre-la-fnmm-et-le-musee-national-de-chine.html\">Cliquez ici pour lire l&rsquo;article depuis sa source.<\/a><\/p>\n","protected":false},"excerpt":{"rendered":"<p>La Fondation nationale des Mus\u00e9es du Maroc (FNMM) et le Mus\u00e9e national de Chine (MNC) ont sign\u00e9, vendredi \u00e0 P\u00e9kin, deux accords portant sur le renforcement de la coop\u00e9ration et les \u00e9changes culturels entre le Maroc et la Chine et l\u2019organisation d\u2019expositions dans le cadre de l\u2019ann\u00e9e touristique et culturelle 2020 dans chacun des deux [&hellip;]<\/p>\n","protected":false},"author":1760,"featured_media":0,"comment_status":"closed","ping_status":"closed","sticky":false,"template":"","format":"standard","meta":{"fifu_image_url":"","fifu_image_alt":"","footnotes":""},"categories":[73,54],"tags":[],"class_list":["post-73564","post","type-post","status-publish","format-standard","hentry","category-actualite","category-maroc"],"_links":{"self":[{"href":"https:\/\/linitiative.ca\/International\/wp-json\/wp\/v2\/posts\/73564","targetHints":{"allow":["GET"]}}],"collection":[{"href":"https:\/\/linitiative.ca\/International\/wp-json\/wp\/v2\/posts"}],"about":[{"href":"https:\/\/linitiative.ca\/International\/wp-json\/wp\/v2\/types\/post"}],"author":[{"embeddable":true,"href":"https:\/\/linitiative.ca\/International\/wp-json\/wp\/v2\/users\/1760"}],"replies":[{"embeddable":true,"href":"https:\/\/linitiative.ca\/International\/wp-json\/wp\/v2\/comments?post=73564"}],"version-history":[{"count":0,"href":"https:\/\/linitiative.ca\/International\/wp-json\/wp\/v2\/posts\/73564\/revisions"}],"wp:attachment":[{"href":"https:\/\/linitiative.ca\/International\/wp-json\/wp\/v2\/media?parent=73564"}],"wp:term":[{"taxonomy":"category","embeddable":true,"href":"https:\/\/linitiative.ca\/International\/wp-json\/wp\/v2\/categories?post=73564"},{"taxonomy":"post_tag","embeddable":true,"href":"https:\/\/linitiative.ca\/International\/wp-json\/wp\/v2\/tags?post=73564"}],"curies":[{"name":"wp","href":"https:\/\/api.w.org\/{rel}","templated":true}]}}