{"id":73571,"date":"2020-01-20T05:00:00","date_gmt":"2020-01-20T10:00:00","guid":{"rendered":"https:\/\/linitiative.ca\/International\/une-localite-enclavee\/"},"modified":"2020-01-20T05:00:00","modified_gmt":"2020-01-20T10:00:00","slug":"une-localite-enclavee","status":"publish","type":"post","link":"https:\/\/linitiative.ca\/International\/une-localite-enclavee\/","title":{"rendered":"Une localit\u00e9 enclav\u00e9e"},"content":{"rendered":"<div id=\"originalText\" readability=\"78\">\n<p>Des habitants du village d\u2019Ouled Mahdi (commune de Hasnaoua, 10 km du chef-lieu de la wilaya de Bordj Bou-Arr\u00e9ridj) r\u00e9clament leur part de d\u00e9veloppement. Parmi les dol\u00e9ances, les habitants d\u00e9clarent leur m\u00e9contentement quant \u00e0 l\u2019\u00e9tat de la route qui relie leur village au chef-lieu de commune et aux manques en infrastructures et commodit\u00e9s n\u00e9cessaires.\u00a0<\/p>\n<p>Enclav\u00e9, Ouled Mahdi conna\u00eet un \u00e9norme probl\u00e8me en mati\u00e8re de transport de voyageurs, \u00e9tant donn\u00e9 que les moyens de locomotion refusent d\u2019assurer la liaison \u00e0 cause de l\u2019\u00e9tat de la route.\u00a0<\/p>\n<p>\u201cNous sommes \u00e0 environ 7 km du chef-lieu de commune, et les transporteurs refusent d\u2019assurer le transport \u00e0 cause de la route\u201d, dira un habitant du village. En mati\u00e8re d\u2019am\u00e9nagement urbain, ce village enregistre des insuffisances flagrantes le long de la rue principale et dans les rues adjacentes. En effet, les rues sont d\u00e9pourvues de trottoirs, de lampadaires et autres mobiliers urbains.\u00a0<\/p>\n<p>L\u2019eau potable est \u00e9galement un \u00e9norme probl\u00e8me dans cette localit\u00e9 o\u00f9 la demande concernant cette denr\u00e9e vitale augmente significativement, surtout durant la saison estivale. La p\u00e9nurie de l\u2019eau potable dans les r\u00e9seaux de distribution survient assez souvent, laissant les villageois dans l\u2019expectative.\u00a0<br \/>Le probl\u00e8me d\u2019assainissement touche plusieurs habitations qui ne sont pas encore raccord\u00e9es au r\u00e9seau et qui p\u00e8se lourd sur l\u2019environnement et la sant\u00e9 publique.<\/p>\n<p>Les villageois r\u00e9clament aussi une bonne prise en charge du malade en \u00e9quipant, en moyens mat\u00e9riels et en personnel m\u00e9dical, et en r\u00e9am\u00e9nageant la salle de soins du village. \u201cLa salle de soins ne suffit plus avec une couverture sanitaire insignifiante\u201d, tiennent \u00e0 pr\u00e9ciser les villageois. Le manque de bacs et surtout le ramassage irr\u00e9gulier des poubelles ont donn\u00e9 du village une image d\u2019une grande d\u00e9charge publique \u00e0 ciel ouvert.\u00a0<br \/>\u201cNous sommes dans une r\u00e9gion rurale ; le plastique et ses d\u00e9riv\u00e9s causent des d\u00e9g\u00e2ts sur nos terres et nos b\u00eates\u201d, dira un paysan de la r\u00e9gion.\u00a0<\/p>\n<p>Pour ce qui est des probl\u00e8mes des jeunes, ces derniers expliquent qu\u2019ils errent toute la journ\u00e9e sans rien faire. \u201cM\u00eame le d\u00e9bit internet est faible et parfois inexistant\u201d, explique un master en biologie en ch\u00f4mage. \u201cJe suis \u00e0 la recherche d\u2019un emploi depuis trois ann\u00e9es\u201d, ajoute-t-il, en pr\u00e9cisant qu\u2019il n\u2019est pas le seul dans ce cas.<\/p>\n<p class=\"c6\"><strong>Chabane BOUARISSA<\/strong><\/p>\n<\/div>\n<div id=\"text_core\" readability=\"78\">\n<p>Des habitants du village d\u2019Ouled Mahdi (commune de Hasnaoua, 10 km du chef-lieu de la wilaya de Bordj Bou-Arr\u00e9ridj) r\u00e9clament leur part de d\u00e9veloppement. Parmi les dol\u00e9ances, les habitants d\u00e9clarent leur m\u00e9contentement quant \u00e0 l\u2019\u00e9tat de la route qui relie leur village au chef-lieu de commune et aux manques en infrastructures et commodit\u00e9s n\u00e9cessaires.\u00a0<\/p>\n<p>Enclav\u00e9, Ouled Mahdi conna\u00eet un \u00e9norme probl\u00e8me en mati\u00e8re de transport de voyageurs, \u00e9tant donn\u00e9 que les moyens de locomotion refusent d\u2019assurer la liaison \u00e0 cause de l\u2019\u00e9tat de la route.\u00a0<\/p>\n<p>\u201cNous sommes \u00e0 environ 7 km du chef-lieu de commune, et les transporteurs refusent d\u2019assurer le transport \u00e0 cause de la route\u201d, dira un habitant du village. En mati\u00e8re d\u2019am\u00e9nagement urbain, ce village enregistre des insuffisances flagrantes le long de la rue principale et dans les rues adjacentes. En effet, les rues sont d\u00e9pourvues de trottoirs, de lampadaires et autres mobiliers urbains.\u00a0<\/p>\n<p>L\u2019eau potable est \u00e9galement un \u00e9norme probl\u00e8me dans cette localit\u00e9 o\u00f9 la demande concernant cette denr\u00e9e vitale augmente significativement, surtout durant la saison estivale. La p\u00e9nurie de l\u2019eau potable dans les r\u00e9seaux de distribution survient assez souvent, laissant les villageois dans l\u2019expectative.\u00a0<br \/>Le probl\u00e8me d\u2019assainissement touche plusieurs habitations qui ne sont pas encore raccord\u00e9es au r\u00e9seau et qui p\u00e8se lourd sur l\u2019environnement et la sant\u00e9 publique.<\/p>\n<p>Les villageois r\u00e9clament aussi une bonne prise en charge du malade en \u00e9quipant, en moyens mat\u00e9riels et en personnel m\u00e9dical, et en r\u00e9am\u00e9nageant la salle de soins du village. \u201cLa salle de soins ne suffit plus avec une couverture sanitaire insignifiante\u201d, tiennent \u00e0 pr\u00e9ciser les villageois. Le manque de bacs et surtout le ramassage irr\u00e9gulier des poubelles ont donn\u00e9 du village une image d\u2019une grande d\u00e9charge publique \u00e0 ciel ouvert.\u00a0<br \/>\u201cNous sommes dans une r\u00e9gion rurale ; le plastique et ses d\u00e9riv\u00e9s causent des d\u00e9g\u00e2ts sur nos terres et nos b\u00eates\u201d, dira un paysan de la r\u00e9gion.\u00a0<\/p>\n<p>Pour ce qui est des probl\u00e8mes des jeunes, ces derniers expliquent qu\u2019ils errent toute la journ\u00e9e sans rien faire. \u201cM\u00eame le d\u00e9bit internet est faible et parfois inexistant\u201d, explique un master en biologie en ch\u00f4mage. \u201cJe suis \u00e0 la recherche d\u2019un emploi depuis trois ann\u00e9es\u201d, ajoute-t-il, en pr\u00e9cisant qu\u2019il n\u2019est pas le seul dans ce cas.<\/p>\n<p class=\"c6\"><strong>Chabane BOUARISSA<\/strong><\/p>\n<\/div>\n<p>Auteur:<br \/>\n<a href=\"https:\/\/www.liberte-algerie.com\/est\/une-localite-enclavee-332289\">Cliquez ici pour lire l&rsquo;article depuis sa source.<\/a><\/p>\n","protected":false},"excerpt":{"rendered":"<p>Des habitants du village d\u2019Ouled Mahdi (commune de Hasnaoua, 10 km du chef-lieu de la wilaya de Bordj Bou-Arr\u00e9ridj) r\u00e9clament leur part de d\u00e9veloppement. Parmi les dol\u00e9ances, les habitants d\u00e9clarent leur m\u00e9contentement quant \u00e0 l\u2019\u00e9tat de la route qui relie leur village au chef-lieu de commune et aux manques en infrastructures et commodit\u00e9s n\u00e9cessaires.\u00a0 Enclav\u00e9, [&hellip;]<\/p>\n","protected":false},"author":1742,"featured_media":0,"comment_status":"closed","ping_status":"closed","sticky":false,"template":"","format":"standard","meta":{"fifu_image_url":"","fifu_image_alt":"","footnotes":""},"categories":[73,53],"tags":[],"class_list":["post-73571","post","type-post","status-publish","format-standard","hentry","category-actualite","category-algerie"],"_links":{"self":[{"href":"https:\/\/linitiative.ca\/International\/wp-json\/wp\/v2\/posts\/73571","targetHints":{"allow":["GET"]}}],"collection":[{"href":"https:\/\/linitiative.ca\/International\/wp-json\/wp\/v2\/posts"}],"about":[{"href":"https:\/\/linitiative.ca\/International\/wp-json\/wp\/v2\/types\/post"}],"author":[{"embeddable":true,"href":"https:\/\/linitiative.ca\/International\/wp-json\/wp\/v2\/users\/1742"}],"replies":[{"embeddable":true,"href":"https:\/\/linitiative.ca\/International\/wp-json\/wp\/v2\/comments?post=73571"}],"version-history":[{"count":0,"href":"https:\/\/linitiative.ca\/International\/wp-json\/wp\/v2\/posts\/73571\/revisions"}],"wp:attachment":[{"href":"https:\/\/linitiative.ca\/International\/wp-json\/wp\/v2\/media?parent=73571"}],"wp:term":[{"taxonomy":"category","embeddable":true,"href":"https:\/\/linitiative.ca\/International\/wp-json\/wp\/v2\/categories?post=73571"},{"taxonomy":"post_tag","embeddable":true,"href":"https:\/\/linitiative.ca\/International\/wp-json\/wp\/v2\/tags?post=73571"}],"curies":[{"name":"wp","href":"https:\/\/api.w.org\/{rel}","templated":true}]}}