{"id":73572,"date":"2020-01-20T05:00:00","date_gmt":"2020-01-20T10:00:00","guid":{"rendered":"https:\/\/linitiative.ca\/International\/raccordement-au-reseau-de-gaz-de-1-200-foyers\/"},"modified":"2020-01-20T05:00:00","modified_gmt":"2020-01-20T10:00:00","slug":"raccordement-au-reseau-de-gaz-de-1-200-foyers","status":"publish","type":"post","link":"https:\/\/linitiative.ca\/International\/raccordement-au-reseau-de-gaz-de-1-200-foyers\/","title":{"rendered":"Raccordement au r\u00e9seau de gaz de 1 200 foyers"},"content":{"rendered":"<div id=\"originalText\" readability=\"81\">\n<p>Les localit\u00e9s d\u2019El-Garia, d\u2019El-Ala\u00efga, de Boutouil, d\u2019Oulid Ourabeh, d\u2019El-Batah, d\u2019El-Hasbia, d\u2019Oued Edheb et d\u2019Oued Safsaf, relevant de la commune de B\u00e9ni Fouda situ\u00e9e \u00e0 une vingtaine de kilom\u00e8tres du chef-lieu de la wilaya de S\u00e9tif et qui compte plus de 20 000 habitants, viennent de b\u00e9n\u00e9ficier d\u2019un projet du fonds de solidarit\u00e9 et de garantie des collectivit\u00e9s locales, pour leur raccordement au r\u00e9seau de gaz naturel.<\/p>\n<p>En effet, la wilaya a consacr\u00e9 une enveloppe financi\u00e8re de pas moins de 20 milliards de centimes pour ledit projet, qui sera aussi financ\u00e9 \u00e0 hauteur de 8 milliards par la Soci\u00e9t\u00e9 de distribution de gaz et d\u2019\u00e9lectricit\u00e9. Selon le premier responsable de l\u2019h\u00f4tel de ville M. Amor Hocine, les b\u00e9n\u00e9ficiaires, qui n\u2019auront pas \u00e0 payer l\u2019apport personnel qui a \u00e9t\u00e9 pour la premi\u00e8re fois support\u00e9 par le budget de wilaya, auront \u00e0 s\u2019acquitter d\u2019un montant de 10 000 DA en guise de frais de payement du compteur et du d\u00e9tendeur.\u00a0<\/p>\n<p>\u201cApr\u00e8s le raccordement en 2018 de 670 foyers de la bourgade d\u2019Ouled Ali Benacer au r\u00e9seau de gaz naturel, le tour est venu de satisfaire la demande de raccordement de plus de 1 200 foyers de 8 mechtas. B\u00e9n\u00e9ficier de cette \u00e9nergie tant attendue permettra de mettre fin au calvaire tant endur\u00e9 par les citoyens de ces localit\u00e9s connues pour leur froid rigoureux\u201d, nous dira le premier responsable de l\u2019APC, Amor Hocine.\u00a0<\/p>\n<p>Et de se r\u00e9jouir : \u201c\u00c0 la r\u00e9ception au mois de juillet\u00a0 prochain du projet, dont la r\u00e9alisation a \u00e9t\u00e9 lanc\u00e9e au d\u00e9but du mois de d\u00e9cembre \u00e9coul\u00e9, nous aurons ficel\u00e9 le dossier de raccordement de toutes les localit\u00e9s de notre commune au r\u00e9seau de gaz naturel.\u201d Il est \u00e0 rappeler que la localit\u00e9 de Chirhoum, situ\u00e9e entre la ville de S\u00e9tif et le chef-lieu de la commune de B\u00e9ni Fouda, a b\u00e9n\u00e9fici\u00e9 du gaz en 2016.<\/p>\n<p>Par ailleurs, nous avons appris que la commune de B\u00e9ni Fouda, qui a b\u00e9n\u00e9fici\u00e9 d\u2019un montant de plus de 2 milliards de centimes du fonds de solidarit\u00e9 et de garantie des collectivit\u00e9s locales, r\u00e9glera d\u00e9finitivement le probl\u00e8me d\u2019\u00e9lectrification rurale, qui a fait couler beaucoup d\u2019encre, de 258 constructions individuelles \u00e0 Chirhoum.<\/p>\n<p class=\"c6\"><strong>FAOUZI SENOUSSAOUI<\/strong><\/p>\n<\/div>\n<div id=\"text_core\" readability=\"81\">\n<p>Les localit\u00e9s d\u2019El-Garia, d\u2019El-Ala\u00efga, de Boutouil, d\u2019Oulid Ourabeh, d\u2019El-Batah, d\u2019El-Hasbia, d\u2019Oued Edheb et d\u2019Oued Safsaf, relevant de la commune de B\u00e9ni Fouda situ\u00e9e \u00e0 une vingtaine de kilom\u00e8tres du chef-lieu de la wilaya de S\u00e9tif et qui compte plus de 20 000 habitants, viennent de b\u00e9n\u00e9ficier d\u2019un projet du fonds de solidarit\u00e9 et de garantie des collectivit\u00e9s locales, pour leur raccordement au r\u00e9seau de gaz naturel.<\/p>\n<p>En effet, la wilaya a consacr\u00e9 une enveloppe financi\u00e8re de pas moins de 20 milliards de centimes pour ledit projet, qui sera aussi financ\u00e9 \u00e0 hauteur de 8 milliards par la Soci\u00e9t\u00e9 de distribution de gaz et d\u2019\u00e9lectricit\u00e9. Selon le premier responsable de l\u2019h\u00f4tel de ville M. Amor Hocine, les b\u00e9n\u00e9ficiaires, qui n\u2019auront pas \u00e0 payer l\u2019apport personnel qui a \u00e9t\u00e9 pour la premi\u00e8re fois support\u00e9 par le budget de wilaya, auront \u00e0 s\u2019acquitter d\u2019un montant de 10 000 DA en guise de frais de payement du compteur et du d\u00e9tendeur.\u00a0<\/p>\n<p>\u201cApr\u00e8s le raccordement en 2018 de 670 foyers de la bourgade d\u2019Ouled Ali Benacer au r\u00e9seau de gaz naturel, le tour est venu de satisfaire la demande de raccordement de plus de 1 200 foyers de 8 mechtas. B\u00e9n\u00e9ficier de cette \u00e9nergie tant attendue permettra de mettre fin au calvaire tant endur\u00e9 par les citoyens de ces localit\u00e9s connues pour leur froid rigoureux\u201d, nous dira le premier responsable de l\u2019APC, Amor Hocine.\u00a0<\/p>\n<p>Et de se r\u00e9jouir : \u201c\u00c0 la r\u00e9ception au mois de juillet\u00a0 prochain du projet, dont la r\u00e9alisation a \u00e9t\u00e9 lanc\u00e9e au d\u00e9but du mois de d\u00e9cembre \u00e9coul\u00e9, nous aurons ficel\u00e9 le dossier de raccordement de toutes les localit\u00e9s de notre commune au r\u00e9seau de gaz naturel.\u201d Il est \u00e0 rappeler que la localit\u00e9 de Chirhoum, situ\u00e9e entre la ville de S\u00e9tif et le chef-lieu de la commune de B\u00e9ni Fouda, a b\u00e9n\u00e9fici\u00e9 du gaz en 2016.<\/p>\n<p>Par ailleurs, nous avons appris que la commune de B\u00e9ni Fouda, qui a b\u00e9n\u00e9fici\u00e9 d\u2019un montant de plus de 2 milliards de centimes du fonds de solidarit\u00e9 et de garantie des collectivit\u00e9s locales, r\u00e9glera d\u00e9finitivement le probl\u00e8me d\u2019\u00e9lectrification rurale, qui a fait couler beaucoup d\u2019encre, de 258 constructions individuelles \u00e0 Chirhoum.<\/p>\n<p class=\"c6\"><strong>FAOUZI SENOUSSAOUI<\/strong><\/p>\n<\/div>\n<p>Auteur:<br \/>\n<a href=\"https:\/\/www.liberte-algerie.com\/est\/raccordement-au-reseau-de-gaz-de-1-200-foyers-332288\">Cliquez ici pour lire l&rsquo;article depuis sa source.<\/a><\/p>\n","protected":false},"excerpt":{"rendered":"<p>Les localit\u00e9s d\u2019El-Garia, d\u2019El-Ala\u00efga, de Boutouil, d\u2019Oulid Ourabeh, d\u2019El-Batah, d\u2019El-Hasbia, d\u2019Oued Edheb et d\u2019Oued Safsaf, relevant de la commune de B\u00e9ni Fouda situ\u00e9e \u00e0 une vingtaine de kilom\u00e8tres du chef-lieu de la wilaya de S\u00e9tif et qui compte plus de 20 000 habitants, viennent de b\u00e9n\u00e9ficier d\u2019un projet du fonds de solidarit\u00e9 et de garantie [&hellip;]<\/p>\n","protected":false},"author":1742,"featured_media":0,"comment_status":"closed","ping_status":"closed","sticky":false,"template":"","format":"standard","meta":{"fifu_image_url":"","fifu_image_alt":"","footnotes":""},"categories":[73,53],"tags":[],"class_list":["post-73572","post","type-post","status-publish","format-standard","hentry","category-actualite","category-algerie"],"_links":{"self":[{"href":"https:\/\/linitiative.ca\/International\/wp-json\/wp\/v2\/posts\/73572","targetHints":{"allow":["GET"]}}],"collection":[{"href":"https:\/\/linitiative.ca\/International\/wp-json\/wp\/v2\/posts"}],"about":[{"href":"https:\/\/linitiative.ca\/International\/wp-json\/wp\/v2\/types\/post"}],"author":[{"embeddable":true,"href":"https:\/\/linitiative.ca\/International\/wp-json\/wp\/v2\/users\/1742"}],"replies":[{"embeddable":true,"href":"https:\/\/linitiative.ca\/International\/wp-json\/wp\/v2\/comments?post=73572"}],"version-history":[{"count":0,"href":"https:\/\/linitiative.ca\/International\/wp-json\/wp\/v2\/posts\/73572\/revisions"}],"wp:attachment":[{"href":"https:\/\/linitiative.ca\/International\/wp-json\/wp\/v2\/media?parent=73572"}],"wp:term":[{"taxonomy":"category","embeddable":true,"href":"https:\/\/linitiative.ca\/International\/wp-json\/wp\/v2\/categories?post=73572"},{"taxonomy":"post_tag","embeddable":true,"href":"https:\/\/linitiative.ca\/International\/wp-json\/wp\/v2\/tags?post=73572"}],"curies":[{"name":"wp","href":"https:\/\/api.w.org\/{rel}","templated":true}]}}