{"id":73576,"date":"2020-01-20T12:27:43","date_gmt":"2020-01-20T17:27:43","guid":{"rendered":"https:\/\/linitiative.ca\/International\/artisanat-role-incontournable-de-la-formation-professionnelle\/"},"modified":"2020-01-20T12:27:43","modified_gmt":"2020-01-20T17:27:43","slug":"artisanat-role-incontournable-de-la-formation-professionnelle","status":"publish","type":"post","link":"https:\/\/linitiative.ca\/International\/artisanat-role-incontournable-de-la-formation-professionnelle\/","title":{"rendered":"Artisanat: R\u00f4le incontournable de la formation professionnelle"},"content":{"rendered":"<div readability=\"39\">\n<p>Marrakech \u2013 Le r\u00f4le de la formation professionnelle en tant que levier majeur et locomotive incontournable pour le d\u00e9veloppement et la promotion des m\u00e9tiers li\u00e9s \u00e0 l\u2019artisanat, a \u00e9t\u00e9 mis en avant, lundi \u00e0 Marrakech, par une pl\u00e9iade d\u2019intervenants et d\u2019experts marocains et \u00e9trangers, lors d\u2019une conf\u00e9rence initi\u00e9e sous le th\u00e8me \u00ab\u00a0D\u00e9veloppement du dispositif de la formation professionnelle dans les m\u00e9tiers de l\u2019artisanat : Outils et perspectives\u00a0\u00bb.<\/p>\n<\/div>\n<div readability=\"160\">\n<p>La formation professionnelle dans les m\u00e9tiers de l\u2019artisanat est un chantier strat\u00e9gique qui favorisera l\u2019insertion socio-professionnelle et le d\u00e9veloppement des capacit\u00e9s et des comp\u00e9tences des jeunes, ont soulign\u00e9 les participants \u00e0 cette rencontre organis\u00e9e dans le cadre de la 6-\u00e8me \u00e9dition de la Semaine Nationale de l\u2019Artisanat.<\/p>\n<p>Elle permettra aussi de former une nouvelle g\u00e9n\u00e9ration d\u2019artisans ayant de solides comp\u00e9tences dans le domaine de cr\u00e9ation et de gestion d\u2019unit\u00e9s de production dans le secteur d\u2019artisanat, ont-ils relev\u00e9.<\/p>\n<p>La formation dans le domaine de l\u2019artisanat est un secteur cl\u00e9 et une valeur ajout\u00e9e qui permettra d\u2019assurer la p\u00e9rennisation des m\u00e9tiers par la transmission interg\u00e9n\u00e9rationnelle des savoirs et savoir-faire ancestraux, ont-ils indiqu\u00e9.<\/p>\n<p>Parmi les offres de formations propos\u00e9es, ils ont cit\u00e9 la formation initiale qui se veut une formation de 1 \u00e0 2 ans selon les modes, les m\u00e9tiers et les qualifications, destin\u00e9e aux jeunes \u00e2g\u00e9s de 15 \u00e0 30 ans, justifiant d\u2019un niveau scolaire requis pour acc\u00e9der au cycle de formation souhait\u00e9. Tandis que la formation r\u00e9sidentielle, dont la dur\u00e9e est de 2 ans, est caract\u00e9ris\u00e9e par l\u2019int\u00e9gralit\u00e9 de l\u2019enseignement (th\u00e9orique et pratique) au sein de l\u2019\u00e9tablissement de formation, accompagn\u00e9 de deux stages de courte dur\u00e9e au sein des entreprises.<\/p>\n<p>S\u2019exprimant \u00e0 cette occasion, le directeur de la formation professionnelle et de la formation continue des artisans au minist\u00e8re du Tourisme, de l\u2019Artisanat, du Transport A\u00e9rien et de l\u2019Economie Sociale, Hassan Chouikh a mis en relief l\u2019importance de l\u2019artisanat en tant que pilier de l\u2019\u00e9conomie nationale, appelant \u00e0 accorder davantage d\u2019importance \u00e0 ce secteur qui pr\u00e9serve l\u2019identit\u00e9 marocaine.<\/p>\n<p>La formation professionnelle dans l\u2019artisanat permettra de faciliter l\u2019acc\u00e8s des jeunes au march\u00e9 de l\u2019emploi. Il s\u2019agit d\u2019un chantier \u00e0 vocation socio-\u00e9conomique, a-t-il not\u00e9, insistant sur la n\u00e9cessit\u00e9 de mettre \u00e0 niveau le syst\u00e8me de formation professionnelle et de promouvoir les \u00e9tablissements li\u00e9s \u00e0 la formation dans le domaine de l\u2019artisanat.<\/p>\n<p>La consolidation des m\u00e9tiers de l\u2019artisanat et le d\u00e9veloppement de la formation professionnelle en la mati\u00e8re, figure parmi les priorit\u00e9s du minist\u00e8re, a-t-il relev\u00e9, citant \u00e0 ce propos la cr\u00e9ation de p\u00f4les de formation dans les m\u00e9tiers d\u2019artisanat au sein des cit\u00e9s des m\u00e9tiers et des comp\u00e9tences.<\/p>\n<p>Le minist\u00e8re est en cours d\u2019\u00e9laboration d\u2019une nouvelle strat\u00e9gie qui s\u2019inscrit en droit ligne de la Feuille de route relative au d\u00e9veloppement du secteur de la formation professionnelle pr\u00e9sent\u00e9e devant Sa Majest\u00e9 le Roi Mohammed VI, le 4 avril 2019, a-t-il not\u00e9.<\/p>\n<p>Le d\u00e9veloppement de ce secteur exige l\u2019implication de l\u2019ensemble des intervenants et des partenaires pour relever les d\u00e9fis et \u00e0 hisser la place du produit marocain \u00e0 l\u2019\u00e9chelle internationale, a-t-il ajout\u00e9.<\/p>\n<p>De son c\u00f4t\u00e9, le vice-pr\u00e9sident de la F\u00e9d\u00e9ration nationale des chambres d\u2019artisanat, Driss Boujouala, a soulign\u00e9 que la formation dans les m\u00e9tiers de l\u2019artisanat constitue une opportunit\u00e9 pour les jeunes et permet de changer les id\u00e9es re\u00e7ues et les st\u00e9r\u00e9otypes sur la formation professionnelle.<\/p>\n<p>Dans ce sens, il a soulign\u00e9 le caract\u00e8re urgent de r\u00e9organiser ce secteur et d\u2019am\u00e9liorer les conditions de travail des artisans, tout en appelant \u00e0 revoir les m\u00e9thodes de commercialisation du produit artisanal marocain pour plus de visibilit\u00e9 \u00e0 l\u2019international.<\/p>\n<p>Pour sa part, le vice-pr\u00e9sident de la F\u00e9d\u00e9ration des entreprises d\u2019artisanat, Mohamed Adab a indiqu\u00e9 que les \u00e9tudiants issus des \u00e9tablissements de la formation professionnelle dans les m\u00e9tiers de l\u2019artisanat disposent, d\u00e9sormais, d\u2019un large choix et d\u2019un tas d\u2019avantage en termes d\u2019\u00e9tude et d\u2019acc\u00e8s au march\u00e9 de l\u2019emploi.<\/p>\n<p>Aujourd\u2019hui les jeunes s\u2019int\u00e9ressent de plus au plus aux m\u00e9tiers de l\u2019artisanat, s\u2019est-il f\u00e9licit\u00e9, soulignant l\u2019importance de d\u00e9velopper les infrastructures et de s\u2019investir dans le capital humain.<\/p>\n<p>Cette rencontre a \u00e9t\u00e9 marqu\u00e9e par la remise de dipl\u00f4mes aux laur\u00e9ats de l\u2019institut sp\u00e9cialis\u00e9 des arts traditionnels de Marrakech, qui ont brill\u00e9 dans diff\u00e9rentes fili\u00e8res.<\/p>\n<p>Lors de cette conf\u00e9rence le point a \u00e9t\u00e9 ax\u00e9e sur plusieurs th\u00e9matiques, notamment la feuille de route pour le d\u00e9veloppement de la formation professionnelle comme un mod\u00e8le p\u00e9dagogique ouvert, diversifi\u00e9, performant et novateur, les r\u00e9sultats de l\u2019\u00e9tude sectorielle sur les besoins en comp\u00e9tences dans le secteur de l\u2019artisanat de production et de services et le plan d\u2019action \u00e0 l\u2019horizon 2027, le processus de validation des acquis de l\u2019exp\u00e9rience des artisans et le r\u00f4le de l\u2019universit\u00e9 dans le d\u00e9veloppement des comp\u00e9tences des artisans : cas du tannage traditionnel avec l\u2019Universit\u00e9 de Sidi Mohamed Ben Abdellah F\u00e8s, ainsi que l\u2019organisation du concours \u00ab\u00a0Meilleur Artisan-Apprenti au Royaume du Maroc\u00a0\u00bb.<\/p>\n<p>Cet \u00e9v\u00e9nement a connu la participation des d\u00e9partements minist\u00e9riels concern\u00e9s, des partenaires et organismes internationaux sp\u00e9cialis\u00e9s, des pr\u00e9sidents et directeurs des chambres d\u2019Artisanat et de la FEA, des ma\u00eetres-artisans, des acad\u00e9miciens et chercheurs universitaires, des directeurs centraux, r\u00e9gionaux et provinciaux, ainsi que des chefs des divisions et chefs des services du D\u00e9partement de l\u2019Artisanat et de l\u2019Economie Sociale.<\/p>\n<p>L\u2019organisation de cette rencontre s\u2019inscrit dans le cadre de l\u2019appel lanc\u00e9 par Sa Majest\u00e9 le Roi Mohammed VI dans Son Discours \u00e0 l\u2019occasion du 65\u00e8me anniversaire de la R\u00e9volution du Roi et du Peuple, pour une r\u00e9forme majeure en mati\u00e8re de formation professionnelle.<\/p>\n<p>Ainsi, une feuille de route a \u00e9t\u00e9 mise en place pour le d\u00e9veloppement de la formation professionnelle en tant que vivier de comp\u00e9tences capables de r\u00e9pondre aux exigences d\u2019une \u00e9conomie comp\u00e9titive.<\/p>\n<\/div>\n<p>Auteur: Meriem IGASS<br \/>\n<a href=\"http:\/\/www.mapmarrakech.ma\/fr\/formation-4\/\">Cliquez ici pour lire l&rsquo;article depuis sa source.<\/a><\/p>\n","protected":false},"excerpt":{"rendered":"<p>Marrakech \u2013 Le r\u00f4le de la formation professionnelle en tant que levier majeur et locomotive incontournable pour le d\u00e9veloppement et la promotion des m\u00e9tiers li\u00e9s \u00e0 l\u2019artisanat, a \u00e9t\u00e9 mis en avant, lundi \u00e0 Marrakech, par une pl\u00e9iade d\u2019intervenants et d\u2019experts marocains et \u00e9trangers, lors d\u2019une conf\u00e9rence initi\u00e9e sous le th\u00e8me \u00ab\u00a0D\u00e9veloppement du dispositif de [&hellip;]<\/p>\n","protected":false},"author":1788,"featured_media":0,"comment_status":"closed","ping_status":"closed","sticky":false,"template":"","format":"standard","meta":{"fifu_image_url":"","fifu_image_alt":"","footnotes":""},"categories":[54,76],"tags":[],"class_list":["post-73576","post","type-post","status-publish","format-standard","hentry","category-maroc","category-regions"],"_links":{"self":[{"href":"https:\/\/linitiative.ca\/International\/wp-json\/wp\/v2\/posts\/73576","targetHints":{"allow":["GET"]}}],"collection":[{"href":"https:\/\/linitiative.ca\/International\/wp-json\/wp\/v2\/posts"}],"about":[{"href":"https:\/\/linitiative.ca\/International\/wp-json\/wp\/v2\/types\/post"}],"author":[{"embeddable":true,"href":"https:\/\/linitiative.ca\/International\/wp-json\/wp\/v2\/users\/1788"}],"replies":[{"embeddable":true,"href":"https:\/\/linitiative.ca\/International\/wp-json\/wp\/v2\/comments?post=73576"}],"version-history":[{"count":0,"href":"https:\/\/linitiative.ca\/International\/wp-json\/wp\/v2\/posts\/73576\/revisions"}],"wp:attachment":[{"href":"https:\/\/linitiative.ca\/International\/wp-json\/wp\/v2\/media?parent=73576"}],"wp:term":[{"taxonomy":"category","embeddable":true,"href":"https:\/\/linitiative.ca\/International\/wp-json\/wp\/v2\/categories?post=73576"},{"taxonomy":"post_tag","embeddable":true,"href":"https:\/\/linitiative.ca\/International\/wp-json\/wp\/v2\/tags?post=73576"}],"curies":[{"name":"wp","href":"https:\/\/api.w.org\/{rel}","templated":true}]}}