{"id":73577,"date":"2020-01-20T12:58:18","date_gmt":"2020-01-20T17:58:18","guid":{"rendered":"https:\/\/linitiative.ca\/International\/sna-des-detenus-exposent-leurs-savoir-faire\/"},"modified":"2020-01-20T12:58:18","modified_gmt":"2020-01-20T17:58:18","slug":"sna-des-detenus-exposent-leurs-savoir-faire","status":"publish","type":"post","link":"https:\/\/linitiative.ca\/International\/sna-des-detenus-exposent-leurs-savoir-faire\/","title":{"rendered":"SNA: Des d\u00e9tenus exposent leurs savoir-faire"},"content":{"rendered":"<div readability=\"36\">\n<p>Marrakech \u2013 La Semaine nationale de l\u2019artisanat (SNA), qui se poursuit \u00e0 Marrakech jusqu\u2019au 26 janvier courant, offre aux visiteurs l\u2019opportunit\u00e9 de faire la d\u00e9couverte des produits artisanaux confectionn\u00e9s par des d\u00e9tenus issus de plusieurs \u00e9tablissements p\u00e9nitentiaires du Royaume.<\/p>\n<\/div>\n<div readability=\"144\">\n<p>Ces produits artisanaux d\u2019une grande finesse et \u00e9l\u00e9gance, t\u00e9moignent de la cr\u00e9ativit\u00e9 et du savoir-faire de cette frange de la soci\u00e9t\u00e9 et illustrent parfaitement que les d\u00e9tenus peuvent aussi contribuer \u00e0 la sauvegarde de cet h\u00e9ritage authentique et le transmettre aux g\u00e9n\u00e9rations futures.<\/p>\n<p>Le pavillon am\u00e9nag\u00e9 par la D\u00e9l\u00e9gation g\u00e9n\u00e9rale \u00e0 l\u2019administration p\u00e9nitentiaire et \u00e0 la r\u00e9insertion des d\u00e9tenus (DGAPR) \u00e0 cette occasion, permet de mettre en avant le talent inou\u00ef\u00a0de ces d\u00e9tenus qui partagent\u00a0avec le grand public leur cr\u00e9ativit\u00e9 aux multiples facettes.<\/p>\n<p>La SNA constitue ainsi un formidable pont entre les d\u00e9tenus et leur environnement socio-\u00e9conomique et vient d\u00e9montrer que les lieux de d\u00e9tention r\u00e9put\u00e9s \u00ab\u00a0ferm\u00e9s\u00a0\u00bb, restent des espaces constamment ouverts sur le monde ext\u00e9rieur.<\/p>\n<p>Les produits artisanaux confectionn\u00e9s par les d\u00e9tenus et qui sont expos\u00e9s dans le cadre de ce salon sont repr\u00e9sentatifs de trois fili\u00e8res.\u00a0Il s\u2019agit de la tannerie et le travail du cuir (Prison locale de K\u00e9nitra), la poterie (Prison locale de Safi) et la marqueterie en bois de thuya (Prison locale d\u2019Essaouira).<\/p>\n<p>Les revenus de ventes de ces produits vont tout d\u2019abord au financement des formations professionnelles au sein des \u00e9tablissements p\u00e9nitentiaires. Les d\u00e9tenus sont aussi r\u00e9mun\u00e9r\u00e9s selon la r\u00e9glementation en vigueur.<\/p>\n<p>Depuis l\u2019accession de Sa Majest\u00e9 le Roi Mohammed VI aux Tr\u00f4nes de Ses Glorieux Anc\u00eatres, le Souverain n\u2019a cess\u00e9 de porter une attention particuli\u00e8re aux questions de l\u2019humanisation des espaces de d\u00e9tention et la r\u00e9insertion des personnes d\u00e9tenues.<\/p>\n<p>\u00c9clair\u00e9e par les Hautes Orientations Royales visant l\u2019humanisation des conditions de d\u00e9tention et la facilitation de l\u2019acc\u00e8s des prisonniers \u00e0 la formation pour les aider \u00e0 int\u00e9grer le march\u00e9 de travail au terme de leur peine, la DGAPR a proc\u00e9d\u00e9 \u00e0 la multiplication des ateliers de qualification professionnelle dans les diff\u00e9rents \u00e9tablissements p\u00e9nitentiaires du Royaume dans le but de faire des espaces de d\u00e9tention des lieux de vie, de la qualification et non des foyers de d\u00e9tresse et de radicalisation.<\/p>\n<p>Cette strat\u00e9gie, men\u00e9e en partenariat notamment avec la Fondation Mohammed VI pour la r\u00e9insertion des d\u00e9tenus, qui s\u2019investit de plus en plus dans la formation professionnelle en finan\u00e7ant des centres de formation \u00e0 l\u2019int\u00e9rieur des \u00e9tablissements p\u00e9nitentiaires, l\u2019Office de la formation professionnelle et de la promotion du travail (OFPPT), a permis \u00e0 cette cat\u00e9gorie de b\u00e9n\u00e9ficier d\u2019une formation professionnelle parfaitement adapt\u00e9e aux besoins du march\u00e9 de l\u2019emploi et de nature \u00e0 faciliter leur r\u00e9insertion socio-\u00e9conomique.<\/p>\n<p>La DGAPR propose aux d\u00e9tenus une formation professionnelle de qualit\u00e9 fournie par des formateurs et surtout des artisans dot\u00e9s d\u2019une grande exp\u00e9rience afin de pr\u00e9parer cette cat\u00e9gorie \u00e0 la r\u00e9insertion dans la soci\u00e9t\u00e9. Ces formations vont de la menuiserie, \u00e0 la broderie ou encore la confection des produits du cuir, la poterie entre autres.<\/p>\n<p>Plac\u00e9e sous le Haut Patronage de Sa Majest\u00e9 le Roi Mohammed VI et organis\u00e9e par le Minist\u00e8re du Tourisme, de l\u2019Artisanat, du Transport A\u00e9rien et de l\u2019Economie Sociale par le biais de la Maison de l\u2019Artisan, la 6\u00e8me \u00e9dition de la SNA est l\u2019occasion de mettre en exergue le secteur de l\u2019artisanat en tant que v\u00e9ritable levier du d\u00e9veloppement de l\u2019\u00e9conomie nationale, contribuant au progr\u00e8s et au renforcement de la coh\u00e9sion sociale, \u00e0 la qualit\u00e9 de vie, \u00e0 la cr\u00e9ation de richesse ainsi qu\u2019\u00e0 l\u2019offre de nombreuses opportunit\u00e9s de carri\u00e8res et de perspectives professionnelles, ouvertes aux jeunes.<\/p>\n<p>Organis\u00e9 jusqu\u2019au 26 janvier courant, cet \u00e9v\u00e9nement phare, organis\u00e9 sous le signe de l\u2019innovation et capitalisant sur les acquis des pr\u00e9c\u00e9dentes \u00e9ditions, est \u00e9galement l\u2019occasion de promouvoir l\u2019artisanat marocain, de c\u00e9l\u00e9brer et de rendre un vibrant hommage aux artisans, hommes et femmes issus de toutes les r\u00e9gions du Royaume, fervents gardiens d\u2019un savoir-faire mill\u00e9naire, du patrimoine culturel et immat\u00e9riel relatif aux m\u00e9tiers de l\u2019artisanat, h\u00e9ritage ancestral qui honore et fait la fiert\u00e9 de tous les Marocains.<\/p>\n<p>Am\u00e9nag\u00e9 sur 50.000 m2, ce salon accueille environ 1.200 exposants, issus des 12 r\u00e9gions du Maroc, artisans individuels, coop\u00e9ratives et entreprises d\u2019artisanat, repr\u00e9sentant tous les m\u00e9tiers et les arts de l\u2019artisanat marocain.<\/p>\n<p>La surface d\u2019exposition comprend \u00e9galement un espace de pr\u00e9servation r\u00e9serv\u00e9 aux m\u00e9tiers en voie de disparition, un espace d\u2019animation et d\u2019initiation aux m\u00e9tiers de l\u2019artisanat d\u00e9di\u00e9 aux enfants et une sc\u00e8ne sur laquelle se produira des troupes de musiques repr\u00e9sentant les 12 r\u00e9gions.<\/p>\n<p>L\u2019Indon\u00e9sie, le Chili, l\u2019Inde, la Tunisie et la Mauritanie sont les invit\u00e9es d\u2019honneur de cette \u00e9dition.<\/p>\n<p>Parall\u00e8lement, cet \u00e9v\u00e9nement propose une programmation riche et instructive, rythm\u00e9e par, notamment la 9\u00e8me Rencontre sur la Pr\u00e9servation des M\u00e9tiers de l\u2019Artisanat Marocain, la Journ\u00e9e th\u00e9matique sur la Bijouterie, la Rencontres sur le th\u00e8me \u00ab\u00a0D\u00e9veloppement de formation professionnelle dans les m\u00e9tiers de l\u2019artisanat : outils et perspectives\u00a0\u00bb ainsi que des sessions de formation d\u00e9di\u00e9es \u00e0 des artisans issus des 12 r\u00e9gions, ax\u00e9es sur la ma\u00eetrise des techniques de vente et des m\u00e9thodes de prospection, le marketing des produits de l\u2019artisanat, les principes de base de la l\u00e9gislation douani\u00e8re, les proc\u00e9dures de d\u00e9douanement ainsi que des ateliers sur le financement dans le secteur de l\u2019artisanat.<\/p>\n<\/div>\n<p>Auteur: Meriem IGASS<br \/>\n<a href=\"http:\/\/www.mapmarrakech.ma\/fr\/detenus\/\">Cliquez ici pour lire l&rsquo;article depuis sa source.<\/a><\/p>\n","protected":false},"excerpt":{"rendered":"<p>Marrakech \u2013 La Semaine nationale de l\u2019artisanat (SNA), qui se poursuit \u00e0 Marrakech jusqu\u2019au 26 janvier courant, offre aux visiteurs l\u2019opportunit\u00e9 de faire la d\u00e9couverte des produits artisanaux confectionn\u00e9s par des d\u00e9tenus issus de plusieurs \u00e9tablissements p\u00e9nitentiaires du Royaume. Ces produits artisanaux d\u2019une grande finesse et \u00e9l\u00e9gance, t\u00e9moignent de la cr\u00e9ativit\u00e9 et du savoir-faire de [&hellip;]<\/p>\n","protected":false},"author":1788,"featured_media":0,"comment_status":"closed","ping_status":"closed","sticky":false,"template":"","format":"standard","meta":{"fifu_image_url":"","fifu_image_alt":"","footnotes":""},"categories":[54,76],"tags":[],"class_list":["post-73577","post","type-post","status-publish","format-standard","hentry","category-maroc","category-regions"],"_links":{"self":[{"href":"https:\/\/linitiative.ca\/International\/wp-json\/wp\/v2\/posts\/73577","targetHints":{"allow":["GET"]}}],"collection":[{"href":"https:\/\/linitiative.ca\/International\/wp-json\/wp\/v2\/posts"}],"about":[{"href":"https:\/\/linitiative.ca\/International\/wp-json\/wp\/v2\/types\/post"}],"author":[{"embeddable":true,"href":"https:\/\/linitiative.ca\/International\/wp-json\/wp\/v2\/users\/1788"}],"replies":[{"embeddable":true,"href":"https:\/\/linitiative.ca\/International\/wp-json\/wp\/v2\/comments?post=73577"}],"version-history":[{"count":0,"href":"https:\/\/linitiative.ca\/International\/wp-json\/wp\/v2\/posts\/73577\/revisions"}],"wp:attachment":[{"href":"https:\/\/linitiative.ca\/International\/wp-json\/wp\/v2\/media?parent=73577"}],"wp:term":[{"taxonomy":"category","embeddable":true,"href":"https:\/\/linitiative.ca\/International\/wp-json\/wp\/v2\/categories?post=73577"},{"taxonomy":"post_tag","embeddable":true,"href":"https:\/\/linitiative.ca\/International\/wp-json\/wp\/v2\/tags?post=73577"}],"curies":[{"name":"wp","href":"https:\/\/api.w.org\/{rel}","templated":true}]}}