{"id":73579,"date":"2020-01-20T10:07:12","date_gmt":"2020-01-20T15:07:12","guid":{"rendered":"https:\/\/linitiative.ca\/International\/chlef-25-exposants-a-la-foire-du-miel-et-des-produits-de-la-ruche\/"},"modified":"2020-01-20T10:07:12","modified_gmt":"2020-01-20T15:07:12","slug":"chlef-25-exposants-a-la-foire-du-miel-et-des-produits-de-la-ruche","status":"publish","type":"post","link":"https:\/\/linitiative.ca\/International\/chlef-25-exposants-a-la-foire-du-miel-et-des-produits-de-la-ruche\/","title":{"rendered":"Chlef: 25 exposants \u00e0 la foire du miel et des produits de la ruche"},"content":{"rendered":"<div readability=\"37\">\n<p><strong>CHLEF- Vingt- cinq (25) exposants de diff\u00e9rentes wilayas du pays, ont pris part \u00e0 la 8\u00e9me foire du miel et des produits de la ruche ouverte, lundi \u00e0 Chlef, a-t-on appris aupr\u00e8s des organisateurs.<\/strong><\/p>\n<\/div>\n<div readability=\"87.3934267762\">\n<p>Abrit\u00e9e par la cour du Mus\u00e9e national public Abdelmadjid Meziane de Chlef, cette \u00e9dition fait d\u00e9sormais office de \u00ab\u00a0rendez vous commercial de grande importance, pour les apiculteurs d\u00e9sireux d\u2019\u00e9couler leurs produits, tout en se rapprochant du consommateur alg\u00e9rien\u00a0\u00bb, a indiqu\u00e9, \u00e0 l\u2019APS, le pr\u00e9sident de l\u2019association des apiculteurs, Abdelaziz Ait Hammouda.<\/p>\n<blockquote readability=\"7\">\n<p><em><strong>L\u2019ouverture de la manifestation a enregistr\u00e9 une \u00ab\u00a0affluence modeste\u00a0\u00bb de visiteurs, a-t-il observ\u00e9.<\/strong><\/em><\/p>\n<\/blockquote>\n<p>Les prix affich\u00e9s des diff\u00e9rents miels expos\u00e9s \u00e0 la vente ont enregistr\u00e9 une hausse comparativement \u00e0 l\u2019ann\u00e9e derni\u00e8re, a-t-on constat\u00e9 sur place.<\/p>\n<p>Ainsi, le miel de fleurs est propos\u00e9 \u00e0 3.300 DA\/kg, au moment ou le miel de thym est affich\u00e9 \u00e0 3.600 DA\/kg, le miel de carotte sauvage \u00e0 3.500 DA\/kg, le miel de montagne 4000 DA\/kg, et le miel de jujubier entre 4.500 \u00e0 5000 DA\/ kg.<\/p>\n<p>De nombreux apiculteurs exposants, approch\u00e9s par l\u2019APS, ont admis \u00ab\u00a0la chert\u00e9 des prix du miel comparativement au pouvoir d\u2019achat des citoyens\u00a0\u00bb, imputant cette hausse au \u00ab\u00a0recul de la production mellif\u00e8re, conjugu\u00e9 aux frais de transport et de transfert des ruches d\u2019abeilles vers des zones fleuries garantes de la nourriture des abeilles\u00a0\u00bb, ont-ils soulign\u00e9.<\/p>\n<hr\/>\n<h3>Lire aussi: <a href=\"http:\/\/www.aps.dz\/economie\/99990-la-production-nationale-de-miel-a-presque-double-durant-les-10-dernieres-annees\" target=\"_blank\" rel=\"noopener noreferrer\">La production nationale de miel a presque doubl\u00e9 durant les 10 derni\u00e8res ann\u00e9es<\/a><\/h3>\n<hr\/>\n<p>Les visiteurs ont, pour leur part, lou\u00e9 l\u2019organisation de cette foire, qui leur permet de d\u00e9couvrir\u00a0 les diff\u00e9rents miels existant \u00e0 l\u2019\u00e9chelle locale et leur secrets de fabrication, d&rsquo;autant que la confiance entre le consommateur alg\u00e9rien et le producteur demeure absente\u00a0\u00bb, ont-ils indiqu\u00e9 \u00e0 l\u2019APS.<\/p>\n<p>Outre les diff\u00e9rentes sortes de miel expos\u00e9es, cette manifestation commerciale et \u00e9conomique offre, \u00e9galement, une grande part aux diff\u00e9rents produits de la ruche, dont le pollen, la cire d\u2019abeille, et la gel\u00e9e royale, en plus d\u2019autres produits du terroir local, \u00e0 l\u2019exemple de l\u2019huile d\u2019olive et d\u00e9riv\u00e9s.La manifestation s\u2019\u00e9talera jusqu\u2019au 28 du mois en cours, est-il signal\u00e9.<\/p>\n<\/div>\n<p>Auteur:<br \/>\n<a href=\"http:\/\/www.aps.dz\/regions\/100378-chlef-25-exposants-a-la-foire-du-miel-et-des-produits-de-la-ruche\">Cliquez ici pour lire l&rsquo;article depuis sa source.<\/a><\/p>\n","protected":false},"excerpt":{"rendered":"<p>CHLEF- Vingt- cinq (25) exposants de diff\u00e9rentes wilayas du pays, ont pris part \u00e0 la 8\u00e9me foire du miel et des produits de la ruche ouverte, lundi \u00e0 Chlef, a-t-on appris aupr\u00e8s des organisateurs. Abrit\u00e9e par la cour du Mus\u00e9e national public Abdelmadjid Meziane de Chlef, cette \u00e9dition fait d\u00e9sormais office de \u00ab\u00a0rendez vous commercial [&hellip;]<\/p>\n","protected":false},"author":1790,"featured_media":0,"comment_status":"closed","ping_status":"closed","sticky":false,"template":"","format":"standard","meta":{"fifu_image_url":"","fifu_image_alt":"","footnotes":""},"categories":[53,76],"tags":[],"class_list":["post-73579","post","type-post","status-publish","format-standard","hentry","category-algerie","category-regions"],"_links":{"self":[{"href":"https:\/\/linitiative.ca\/International\/wp-json\/wp\/v2\/posts\/73579","targetHints":{"allow":["GET"]}}],"collection":[{"href":"https:\/\/linitiative.ca\/International\/wp-json\/wp\/v2\/posts"}],"about":[{"href":"https:\/\/linitiative.ca\/International\/wp-json\/wp\/v2\/types\/post"}],"author":[{"embeddable":true,"href":"https:\/\/linitiative.ca\/International\/wp-json\/wp\/v2\/users\/1790"}],"replies":[{"embeddable":true,"href":"https:\/\/linitiative.ca\/International\/wp-json\/wp\/v2\/comments?post=73579"}],"version-history":[{"count":0,"href":"https:\/\/linitiative.ca\/International\/wp-json\/wp\/v2\/posts\/73579\/revisions"}],"wp:attachment":[{"href":"https:\/\/linitiative.ca\/International\/wp-json\/wp\/v2\/media?parent=73579"}],"wp:term":[{"taxonomy":"category","embeddable":true,"href":"https:\/\/linitiative.ca\/International\/wp-json\/wp\/v2\/categories?post=73579"},{"taxonomy":"post_tag","embeddable":true,"href":"https:\/\/linitiative.ca\/International\/wp-json\/wp\/v2\/tags?post=73579"}],"curies":[{"name":"wp","href":"https:\/\/api.w.org\/{rel}","templated":true}]}}