{"id":73580,"date":"2020-01-20T10:33:52","date_gmt":"2020-01-20T15:33:52","guid":{"rendered":"https:\/\/linitiative.ca\/International\/premiere-fete-des-agrumes-mercredi-et-jeudi-a-mostaganem\/"},"modified":"2020-01-20T10:33:52","modified_gmt":"2020-01-20T15:33:52","slug":"premiere-fete-des-agrumes-mercredi-et-jeudi-a-mostaganem","status":"publish","type":"post","link":"https:\/\/linitiative.ca\/International\/premiere-fete-des-agrumes-mercredi-et-jeudi-a-mostaganem\/","title":{"rendered":"Premi\u00e8re f\u00eate des agrumes mercredi et jeudi \u00e0 Mostaganem"},"content":{"rendered":"<div readability=\"34\">\n<p><strong>MOSTAGANEM &#8211; La premi\u00e8re \u00e9dition de la f\u00eate des agrumes sera organis\u00e9e mercredi et jeudi prochains \u00e0 Mostaganem, a-t-on appris lundi des organisateurs.<\/strong><\/p>\n<\/div>\n<div readability=\"80\">\n<p>Le secr\u00e9taire g\u00e9n\u00e9ral de la Chambre d&rsquo;agriculture de la wilaya de Mostaganem, Abdellah Touati a indiqu\u00e9 que cette manifestation r\u00e9unira des producteurs d\u2019agrumes et de plants, des repr\u00e9sentants d&rsquo;instituts techniques, de dispositifs d&#8217;emploi, d&rsquo;institutions financi\u00e8res et d&rsquo;assurance agricole ainsi que des prestataires de services des wilayas de Mostaganem, Oran, Relizane, Chlef, Tlemcen, Mascara, Ain T\u00e9mouchent, Blida et Alger.<\/p>\n<p>La 1ere \u00e9dition de la f\u00eate des agrumes, qui se tiendra \u00e0 la maison de la culture \u00ab\u00a0Ould Abderrahmane Kaki\u00a0\u00bb verra la tenue d\u2019un salon national des agrumes avec la participation de 40 exposants ainsi qu\u2019une journ\u00e9e d\u2019\u00e9tude sur la situation de l\u2019agrumiculture et les perspectives de son d\u00e9veloppement, a indiqu\u00e9 M. Touati.<\/p>\n<p>La journ\u00e9e d\u2019\u00e9tude verra la pr\u00e9sentation des communications abordant \u00ab\u00a0la production de diverses vari\u00e9t\u00e9s d&rsquo;agrumes en Alg\u00e9rie\u00a0\u00bb, \u00ab\u00a0les cr\u00e9dits bancaires agricoles et l&rsquo;assurance agricole\u00a0\u00bb, \u00ab\u00a0la protection et le traitement phytosanitaire des agrumes\u00a0\u00bb et \u00ab\u00a0le processus technique pour la production d&rsquo;agrumes\u00a0\u00bbet \u00ab\u00a0la fertilisation et l&rsquo;entretien des agrumes\u00a0\u00bb, entre autres.<\/p>\n<p>La rencontre sera cl\u00f4tur\u00e9e par la lecture de plusieurs recommandations qui contribueront \u00e0 l&rsquo;\u00e9laboration d&rsquo;une strat\u00e9gie locale et r\u00e9gionale devant permettre de redynamiser cette fili\u00e8re, d&rsquo;autant que la manifestation enregistre la participation de l&rsquo;Universit\u00e9 de Mostaganem et de l&rsquo;Ecole nationale sup\u00e9rieure d&rsquo;agronomie, selon le SG de la Chambre d&rsquo;agriculture de la wilaya de Mostaganem.<\/p>\n<blockquote readability=\"11\">\n<p><em><strong>La production d&rsquo;agrumes enregistre \u00e0 Mostaganem une croissance depuis 2015 en raison du bon contr\u00f4le du processus technique, atteignant \u00e0 la derni\u00e8re campagne de r\u00e9colte (2018-2019) 1,330 million de tonnes de diverses vari\u00e9t\u00e9s d&rsquo;oranges et de citrons valant \u00e0 la wilaya la deuxi\u00e8me place au niveau national dans cette fili\u00e8re agricole, a-t-on fait savoir.<\/strong><\/em><\/p>\n<\/blockquote>\n<p>La Direction des services et la Chambre d&rsquo;agriculture de la wilaya, ainsi que le Conseil interprofessionnel de la fili\u00e8re des agrumes \u0153uvrent \u00e0 faire de cet \u00e9v\u00e9nement \u00e9conomique une tradition annuelle \u00e0 caract\u00e8re r\u00e9gional et national, dans la perspective de d\u00e9velopper cette culture agricole et de rassembler les diff\u00e9rents acteurs et intervenants, notamment les producteurs dont le nombre d\u00e9passe 1.000 \u00e0 Mostaganem.<\/p>\n<\/div>\n<p>Auteur:<br \/>\n<a href=\"http:\/\/www.aps.dz\/regions\/100382-premiere-fete-des-agrumes-mercredi-et-jeudi-a-mostaganem\">Cliquez ici pour lire l&rsquo;article depuis sa source.<\/a><\/p>\n","protected":false},"excerpt":{"rendered":"<p>MOSTAGANEM &#8211; La premi\u00e8re \u00e9dition de la f\u00eate des agrumes sera organis\u00e9e mercredi et jeudi prochains \u00e0 Mostaganem, a-t-on appris lundi des organisateurs. Le secr\u00e9taire g\u00e9n\u00e9ral de la Chambre d&rsquo;agriculture de la wilaya de Mostaganem, Abdellah Touati a indiqu\u00e9 que cette manifestation r\u00e9unira des producteurs d\u2019agrumes et de plants, des repr\u00e9sentants d&rsquo;instituts techniques, de dispositifs [&hellip;]<\/p>\n","protected":false},"author":1790,"featured_media":0,"comment_status":"closed","ping_status":"closed","sticky":false,"template":"","format":"standard","meta":{"fifu_image_url":"","fifu_image_alt":"","footnotes":""},"categories":[53,76],"tags":[],"class_list":["post-73580","post","type-post","status-publish","format-standard","hentry","category-algerie","category-regions"],"_links":{"self":[{"href":"https:\/\/linitiative.ca\/International\/wp-json\/wp\/v2\/posts\/73580","targetHints":{"allow":["GET"]}}],"collection":[{"href":"https:\/\/linitiative.ca\/International\/wp-json\/wp\/v2\/posts"}],"about":[{"href":"https:\/\/linitiative.ca\/International\/wp-json\/wp\/v2\/types\/post"}],"author":[{"embeddable":true,"href":"https:\/\/linitiative.ca\/International\/wp-json\/wp\/v2\/users\/1790"}],"replies":[{"embeddable":true,"href":"https:\/\/linitiative.ca\/International\/wp-json\/wp\/v2\/comments?post=73580"}],"version-history":[{"count":0,"href":"https:\/\/linitiative.ca\/International\/wp-json\/wp\/v2\/posts\/73580\/revisions"}],"wp:attachment":[{"href":"https:\/\/linitiative.ca\/International\/wp-json\/wp\/v2\/media?parent=73580"}],"wp:term":[{"taxonomy":"category","embeddable":true,"href":"https:\/\/linitiative.ca\/International\/wp-json\/wp\/v2\/categories?post=73580"},{"taxonomy":"post_tag","embeddable":true,"href":"https:\/\/linitiative.ca\/International\/wp-json\/wp\/v2\/tags?post=73580"}],"curies":[{"name":"wp","href":"https:\/\/api.w.org\/{rel}","templated":true}]}}