{"id":73583,"date":"2020-01-20T12:24:46","date_gmt":"2020-01-20T17:24:46","guid":{"rendered":"https:\/\/linitiative.ca\/International\/annaba-reception-au-cours-de-lete-2020-de-la-nouvelle-gare-maritime\/"},"modified":"2020-01-20T12:24:46","modified_gmt":"2020-01-20T17:24:46","slug":"annaba-reception-au-cours-de-lete-2020-de-la-nouvelle-gare-maritime","status":"publish","type":"post","link":"https:\/\/linitiative.ca\/International\/annaba-reception-au-cours-de-lete-2020-de-la-nouvelle-gare-maritime\/","title":{"rendered":"Annaba: r\u00e9ception au cours de l\u2019\u00e9t\u00e9 2020 de la nouvelle gare maritime"},"content":{"rendered":"<div readability=\"34\">\n<p><strong>\u00a0ANNABA- La nouvelle gare maritime de Annaba sera r\u00e9ceptionn\u00e9e au cours de l&rsquo;\u00e9t\u00e9 2020, ont annonc\u00e9 lundi les autorit\u00e9s de la wilaya.<\/strong><\/p>\n<\/div>\n<div readability=\"71.8954248366\">\n<p>Lors d\u2019une visite d\u2019inspection visant \u00e0 s\u2019enqu\u00e9rir du rythme imprim\u00e9 aux travaux de ce projet structurel, le wali de Annaba, Toufik Merhoud, a mis l\u2019accent sur la \u00ab\u00a0n\u00e9cessit\u00e9 d&rsquo;en augmenter la cadence et d&rsquo;acc\u00e9l\u00e9rer tous les m\u00e9canismes permettant de r\u00e9cup\u00e9rer le retard enregistr\u00e9, d&rsquo;autant plus que les d\u00e9lais contractuels de r\u00e9ception de la gare maritime expirent en avril 2020\u00a0\u00bb.<\/p>\n<p>Le projet de la nouvelle gare maritime de la ville de Annaba, dont les travaux de construction ont d\u00e9but\u00e9 en juin 2016, a enregistr\u00e9 du retard en raison de travaux suppl\u00e9mentaires requis par le projet li\u00e9s notamment au renforcement de la plate-forme, selon les explications fournies par les repr\u00e9sentants du Groupement Batimetal Travocovia, en charge de sa r\u00e9alisation.<\/p>\n<p>Apr\u00e8s ach\u00e8vement des travaux majeurs relatifs \u00e0 la mise en place de la structure g\u00e9n\u00e9rale de la gare, il sera proc\u00e9d\u00e9 \u00e0 la concr\u00e9tisation des travaux secondaires, dont les diversr\u00e9seaux et l\u2019am\u00e9nagement des espaces devant accueillir les\u00e9quipements idoines, notamment les escaliers m\u00e9caniques et autres tapis roulants, selon les m\u00eames responsables.<\/p>\n<hr\/>\n<h3>Lire aussi : <a href=\"http:\/\/www.aps.dz\/regions\/92985-perspectives-et-projets-pour-renforcer-le-tourisme-urbain-et-embellir-annaba\" target=\"_blank\" rel=\"noopener noreferrer\">Perspectives et projets pour renforcer le tourisme urbain et embellir Annaba<\/a><\/h3>\n<hr\/>\n<p>Ces derniers ont \u00e9galement soulign\u00e9 que cette gare maritime, dress\u00e9e sur trois niveaux et qui assurera le transport maritime, des activit\u00e9s commerciales, r\u00e9cr\u00e9atives et de services, a \u00e9t\u00e9 financ\u00e9e par l\u2019Entreprise portuaire de Annaba pour un montant de plus de 4 milliards de dinars.<\/p>\n<p>Pouvant accueillir un total de 1 200 passagers et 300 v\u00e9hicules par trajet, cette nouvelle infrastructure maritime permettra, par ailleurs, d\u00e8s sa mise en service, la cr\u00e9ation de pas moins de 200 emplois directs, en plus de l\u2019opportunit\u00e9 de cr\u00e9er des emplois indirects, a-t-on indiqu\u00e9.<\/p>\n<\/div>\n<p>Auteur:<br \/>\n<a href=\"http:\/\/www.aps.dz\/regions\/100394-annaba-reception-au-cours-de-l-ete-2020-de-la-nouvelle-gare-maritime\">Cliquez ici pour lire l&rsquo;article depuis sa source.<\/a><\/p>\n","protected":false},"excerpt":{"rendered":"<p>\u00a0ANNABA- La nouvelle gare maritime de Annaba sera r\u00e9ceptionn\u00e9e au cours de l&rsquo;\u00e9t\u00e9 2020, ont annonc\u00e9 lundi les autorit\u00e9s de la wilaya. Lors d\u2019une visite d\u2019inspection visant \u00e0 s\u2019enqu\u00e9rir du rythme imprim\u00e9 aux travaux de ce projet structurel, le wali de Annaba, Toufik Merhoud, a mis l\u2019accent sur la \u00ab\u00a0n\u00e9cessit\u00e9 d&rsquo;en augmenter la cadence et [&hellip;]<\/p>\n","protected":false},"author":1790,"featured_media":0,"comment_status":"closed","ping_status":"closed","sticky":false,"template":"","format":"standard","meta":{"fifu_image_url":"","fifu_image_alt":"","footnotes":""},"categories":[53,76],"tags":[],"class_list":["post-73583","post","type-post","status-publish","format-standard","hentry","category-algerie","category-regions"],"_links":{"self":[{"href":"https:\/\/linitiative.ca\/International\/wp-json\/wp\/v2\/posts\/73583","targetHints":{"allow":["GET"]}}],"collection":[{"href":"https:\/\/linitiative.ca\/International\/wp-json\/wp\/v2\/posts"}],"about":[{"href":"https:\/\/linitiative.ca\/International\/wp-json\/wp\/v2\/types\/post"}],"author":[{"embeddable":true,"href":"https:\/\/linitiative.ca\/International\/wp-json\/wp\/v2\/users\/1790"}],"replies":[{"embeddable":true,"href":"https:\/\/linitiative.ca\/International\/wp-json\/wp\/v2\/comments?post=73583"}],"version-history":[{"count":0,"href":"https:\/\/linitiative.ca\/International\/wp-json\/wp\/v2\/posts\/73583\/revisions"}],"wp:attachment":[{"href":"https:\/\/linitiative.ca\/International\/wp-json\/wp\/v2\/media?parent=73583"}],"wp:term":[{"taxonomy":"category","embeddable":true,"href":"https:\/\/linitiative.ca\/International\/wp-json\/wp\/v2\/categories?post=73583"},{"taxonomy":"post_tag","embeddable":true,"href":"https:\/\/linitiative.ca\/International\/wp-json\/wp\/v2\/tags?post=73583"}],"curies":[{"name":"wp","href":"https:\/\/api.w.org\/{rel}","templated":true}]}}