{"id":73586,"date":"2020-01-20T09:51:42","date_gmt":"2020-01-20T14:51:42","guid":{"rendered":"https:\/\/linitiative.ca\/International\/prix-de-leconomiste-pour-la-recherche-en-economie-gestion-et-droit-2020\/"},"modified":"2020-01-20T09:51:42","modified_gmt":"2020-01-20T14:51:42","slug":"prix-de-leconomiste-pour-la-recherche-en-economie-gestion-et-droit-2020","status":"publish","type":"post","link":"https:\/\/linitiative.ca\/International\/prix-de-leconomiste-pour-la-recherche-en-economie-gestion-et-droit-2020\/","title":{"rendered":"Prix de L&rsquo;Economiste pour la Recherche en Economie, Gestion et Droit  2020"},"content":{"rendered":"<p><strong class=\"c4\">Les candidatures sont actuellement ferm\u00e9es pour la 15\u00e8me \u00e9dition 2019, merci de revenir au mois de janvier pour candidater \u00e0 la 16\u00e8me \u00e9dition 2020.<\/strong><\/p>\n<div class=\"dnd-atom-wrapper type-image context-sdl_editor_representation atom-align-right\" contenteditable=\"false\">\n<div class=\"dnd-drop-wrapper image\"><img loading=\"lazy\" decoding=\"async\" typeof=\"foaf:Image\" class=\"img-responsive\" src=\"https:\/\/www.leconomiste.com\/sites\/default\/files\/eco7\/public\/thumbnails\/image\/logo_prix_2019_feuille_de_laurier_bon.jpg\" width=\"281\" height=\"248\" alt=\"logo_prix_2019_feuille_de_laurier_bon.jpg\" title=\"logo_prix_2019_feuille_de_laurier_bon.jpg\"\/><\/div>\n<\/div>\n<p>Le prix de L\u2019Economiste est d\u00e9cern\u00e9 annuellement \u00e0 des recherches achev\u00e9es, valid\u00e9es par les \u00e9tablissements publics ou priv\u00e9s.<\/p>\n<p>En initiant la premi\u00e8re \u00e9dition en 2005 du Prix pour la Recherche en Economie et gestion, L\u2019Economiste affiche clairement son objectif de promouvoir et mettre en place des passerelles entre l\u2019universit\u00e9 et l\u2019entreprise. De m\u00eame que d\u2019encourager la recherche acad\u00e9mique sur l\u2019\u00e9conomie marocaine, ses secteurs et ses entreprises.<\/p>\n<p>A sa mani\u00e8re, L\u2019Economiste veut participer activement au dynamisme du monde universitaire. Et donc r\u00e9compenser ceux et celles qui, \u00e0 travers leurs travaux, peuvent faire progresser la recherche ou la soci\u00e9t\u00e9.<\/p>\n<p>Ce concours qui, chaque ann\u00e9e en se renfor\u00e7ant, r\u00e9v\u00e9lera les talents qui contribueront au savoir-faire universitaire.<\/p>\n<p><span class=\"c5\"><strong>Nouveaut\u00e9:<\/strong><\/span> En plus de l&rsquo;\u00e9conomie et de la gestion, le prix int\u00e8gre d\u00e8s cette ann\u00e9e le \u00ab\u00a0Droit \u00e9conomique\u00a0\u00bb comme nouvelle fili\u00e8re de recherche, le prix change donc de nom et devient le <strong>Prix de la recherche en Economie, Gestion et Droit.<\/strong><\/p>\n<p><u><strong>Proc\u00e9dure de participation :<\/strong><\/u><\/p>\n<p>Veuillez t\u00e9l\u00e9charger et remplir la fiche ci-dessous pour d\u00e9poser votre candidature au prix de L&rsquo;Economiste pour la Recherche en Economie, Gestion et Droit (\u00e9dition 2019).<\/p>\n<p>Auteur: leco_web_admin<br \/>\n<a href=\"https:\/\/www.leconomiste.com\/prix2020\">Cliquez ici pour lire l&rsquo;article depuis sa source.<\/a><\/p>\n","protected":false},"excerpt":{"rendered":"<p>Les candidatures sont actuellement ferm\u00e9es pour la 15\u00e8me \u00e9dition 2019, merci de revenir au mois de janvier pour candidater \u00e0 la 16\u00e8me \u00e9dition 2020. Le prix de L\u2019Economiste est d\u00e9cern\u00e9 annuellement \u00e0 des recherches achev\u00e9es, valid\u00e9es par les \u00e9tablissements publics ou priv\u00e9s. En initiant la premi\u00e8re \u00e9dition en 2005 du Prix pour la Recherche en [&hellip;]<\/p>\n","protected":false},"author":1763,"featured_media":73587,"comment_status":"closed","ping_status":"closed","sticky":false,"template":"","format":"standard","meta":{"fifu_image_url":"","fifu_image_alt":"","footnotes":""},"categories":[78,54],"tags":[],"class_list":["post-73586","post","type-post","status-publish","format-standard","has-post-thumbnail","hentry","category-economie","category-maroc"],"_links":{"self":[{"href":"https:\/\/linitiative.ca\/International\/wp-json\/wp\/v2\/posts\/73586","targetHints":{"allow":["GET"]}}],"collection":[{"href":"https:\/\/linitiative.ca\/International\/wp-json\/wp\/v2\/posts"}],"about":[{"href":"https:\/\/linitiative.ca\/International\/wp-json\/wp\/v2\/types\/post"}],"author":[{"embeddable":true,"href":"https:\/\/linitiative.ca\/International\/wp-json\/wp\/v2\/users\/1763"}],"replies":[{"embeddable":true,"href":"https:\/\/linitiative.ca\/International\/wp-json\/wp\/v2\/comments?post=73586"}],"version-history":[{"count":0,"href":"https:\/\/linitiative.ca\/International\/wp-json\/wp\/v2\/posts\/73586\/revisions"}],"wp:featuredmedia":[{"embeddable":true,"href":"https:\/\/linitiative.ca\/International\/wp-json\/"}],"wp:attachment":[{"href":"https:\/\/linitiative.ca\/International\/wp-json\/wp\/v2\/media?parent=73586"}],"wp:term":[{"taxonomy":"category","embeddable":true,"href":"https:\/\/linitiative.ca\/International\/wp-json\/wp\/v2\/categories?post=73586"},{"taxonomy":"post_tag","embeddable":true,"href":"https:\/\/linitiative.ca\/International\/wp-json\/wp\/v2\/tags?post=73586"}],"curies":[{"name":"wp","href":"https:\/\/api.w.org\/{rel}","templated":true}]}}