{"id":73588,"date":"2020-01-20T15:13:57","date_gmt":"2020-01-20T20:13:57","guid":{"rendered":"https:\/\/linitiative.ca\/International\/ligue-1-2-csc-le-csc-sans-arriere-gauche-face-au-paradou\/"},"modified":"2020-01-20T15:13:57","modified_gmt":"2020-01-20T20:13:57","slug":"ligue-1-2-csc-le-csc-sans-arriere-gauche-face-au-paradou","status":"publish","type":"post","link":"https:\/\/linitiative.ca\/International\/ligue-1-2-csc-le-csc-sans-arriere-gauche-face-au-paradou\/","title":{"rendered":"Ligue 1 &amp; 2 : CSC : Le CSC sans arri\u00e8re gauche face au Paradou"},"content":{"rendered":"<div readability=\"33\">\n<p>Auteur : <span>Ily\u00e8s B., Samir K.<\/span> <span class=\"time\">lundi 20 janvier 2020 11:54<\/span><\/p>\n<\/div>\n<div id=\"post_core\" readability=\"98\">\n<p>C\u2019est un vrai casse-t\u00eate pour le coach Karim Khouda, et ce, suite \u00e0 la blessure de Salhi et Boudebouda. Le premier est toujours souffrant et n\u2019a pas encore repris du service. Le CSC va se retrouver donc, face au Paradou AC sans arri\u00e8re gauche. Salhi n\u2019est pas r\u00e9tabli et il est soumis \u00e0 un travail en solo, qui aura besoin au moins de 10 jours, pour reprendre du service avec ses partenaires. Du coup, il est out pour le match de jeudi contre le PAC. De m\u00eame pour Boudebouda, qui a rechut\u00e9, en quittant le terrain, face au CS Sfax, avant la demi-heure de jeu. Le joueur devra passer une radio aujourd\u2019hui pour conna\u00eetre la nature de sa blessure et sa gravit\u00e9.<\/p>\n<p><strong>Khouda dans l\u2019embarras<\/strong><br \/>Karim Khouda, le driver du CSC, se trouve devant une situation d\u00e9licate et aura vraiment du pain sur la planche pour trouver une solution, \u00e0 ce probl\u00e8me sur le c\u00f4t\u00e9 gauche de la d\u00e9fense. Car il n\u2019y que ces deux arri\u00e8res gauches type, en l\u2019occurrence Salhi et Boudebouda. Puisque Islam Herida est lib\u00e9r\u00e9 par la direction du club.<\/p>\n<p><strong>Il misera sur Chahrour<\/strong><br \/>Mais face \u00e0 ce cas de figure, le coach du CSC est appel\u00e9 \u00e0 trouver une solution en composant avec un autre joueur, qui comblera le vide laiss\u00e9, par Salhi et Boudebouda. Karim Khouda fera appel aux services de Chahrour qui a d\u00e9j\u00e0 occup\u00e9 ce poste par le pass\u00e9 et il associera dans l\u2019axe de la d\u00e9fense Boucheriha \u00e0 Zalani.<\/p>\n<p><strong>Salhi : \u00ab Je serai pr\u00e9sent face \u00e0 la JSS \u00bb<\/strong><br \/>L\u2019arri\u00e8re gauche Yacine Salhi regrette de rater le match contre le Paradou AC, en nous d\u00e9clarant ce qui suit : \u00ab J\u2019aurai aim\u00e9 jouer le prochain match face au PAC, mais ce sera impossible. Je suis un programme sp\u00e9cial et je ne suis pas r\u00e9tabli \u00e0 100% de cette blessure. Mais je serai inch\u2019Allah d\u2019attaque pour le match de la premi\u00e8re journ\u00e9e de la phase retour face \u00e0 la JS Saoura. \u00bb<br \/>\u00a0<\/p>\n<p><strong>Haddad \u00abOn cueillera les fruits de ce stage d\u00e8s le match face au PAC\u00bb<\/strong><\/p>\n<p><strong>Vous avez conc\u00e9d\u00e9 votre deuxi\u00e8me d\u00e9faite durant ce stage de Sousse, un commentaire ?<\/strong><br \/>Il ne faut pas enflammer les choses, ce ne sont que des matchs de pr\u00e9paration. On est en plein stage avec une grande charge de travail. On travaille beaucoup depuis l\u2019entame de ce regroupement et cela s\u2019est r\u00e9percut\u00e9 sur notre rendement face au Hilal Chaba et contre le CS Sfax. Mais les fruits de ce stage, on les cueillera durant la deuxi\u00e8me moiti\u00e9 de la saison.<br \/><strong>Comment se d\u00e9roule la pr\u00e9paration ?<\/strong><br \/>Tout se passe bien et on a bien travaill\u00e9 et dans une bonne ambiance. On a cravach\u00e9 dur et on est sur la bonne voie et on sait tr\u00e8s bien, que le meilleur est \u00e0 venir.<br \/><strong>Comment est l\u2019ambiance au sein du groupe ?<\/strong><br \/>Il y a une bonne ambiance dans le groupe o\u00f9 rien n\u2019est laiss\u00e9 au hasard. M\u00eame les nouvelles recrues, surtout je parle des Libyens Herich et Orfi, n\u2019ont pas trouv\u00e9 de difficult\u00e9s \u00e0 s\u2019adapter \u00e0 leur nouvel environnement. Pour vous dire qu\u2019on forme une famille soud\u00e9e et solidaire. On tire tous dans le m\u00eame sens, c&rsquo;est-\u00e0-dire dans l\u2019int\u00e9r\u00eat du CSC.<br \/><strong>Vous avez repris du service apr\u00e8s une absence pour cause de blessure. Comment vous sentez-vous ?<\/strong><br \/>Dieu merci, je vais bien et je suis en forme. La preuve j\u2019ai pris part aux deux matchs amicaux contre Chaba et le CS Sfax. Je remercie le staff technique pour la confiance plac\u00e9e en ma personne. Je t\u00e2cherai toujours de r\u00e9pondre \u00e0 ses larges attentes et d\u2019appliquer ses consignes.<br \/><strong>Un mot sur la rude concurrence qui r\u00e8gne dans le groupe\u2026<\/strong><br \/>On a un effectif riche et il y a une concurrence dans les trois compartiments et surtout au milieu du terrain. Il y a beaucoup de joueurs p\u00e9tris de qualit\u00e9s et seuls les plus m\u00e9ritants vont jouer. Mais cette concurrence sera b\u00e9n\u00e9fique pour l\u2019\u00e9quipe, surtout que beaucoup de matchs nous attendent, soit en championnant sans oublier la Coupe d\u2019Alg\u00e9rie, o\u00f9 on compte aller le plus loin possible.<br \/>\u00a0<\/p>\n<p><strong>Osmani \u00abIl n\u2019y a pas de crise de gardiens au CSC et on attend la qualification de Rahmani\u00bb<\/strong><br \/>Le gardien de but Osmani rassure les Sanafir et leur demande de ne pas s\u2019inqui\u00e9ter en d\u00e9clarant ce qui suit : \u00ab On a souffert depuis l\u2019entame du stage, avec une grande charge de travail. Ce qui s\u2019est r\u00e9percut\u00e9 n\u00e9gativement sur la condition physique du groupe face au Hilal Chaba et le CS Sfax. On avait les jambes lourdes, et ces r\u00e9sultats ne refl\u00e8tent pas le niveau de l\u2019\u00e9quipe. On promet aux supporters d\u2019\u00eatre au rendez-vous face au Paradou \u00bb. Et de conclure : \u00ab Il n\u2019y a pas de crise de gardiens au CSC et ce, malgr\u00e9 le d\u00e9part de Meziane et la blessure de Limane. On attend la qualification de Rahmani et moi je suis l\u00e0, pour relever le d\u00e9fi et r\u00e9pondre aux larges attentes des Sanafir. \u00bb<br \/>\u00a0<\/p>\n<p><strong>Publi\u00e9 dans :<\/strong> <span>csc<\/span> <span>Haddad<\/span> <span>Salhi<\/span> <span>Khouda<\/span><\/p>\n<\/div>\n<p>Auteur:<br \/>\n<a href=\"http:\/\/www.lebuteur.com\/article\/detail?titre=csc-le-csc-sans-arriere-gauche-face-au-paradou&#038;id=94277&#038;utm_source=feedburner&#038;utm_medium=feed&#038;utm_campaign=Feed%3A+GalerieFArtciles+%28Les+derniers+articles++-+lebuteur.com%29\">Cliquez ici pour lire l&rsquo;article depuis sa source.<\/a><\/p>\n","protected":false},"excerpt":{"rendered":"<p>Auteur : Ily\u00e8s B., Samir K. lundi 20 janvier 2020 11:54 C\u2019est un vrai casse-t\u00eate pour le coach Karim Khouda, et ce, suite \u00e0 la blessure de Salhi et Boudebouda. Le premier est toujours souffrant et n\u2019a pas encore repris du service. Le CSC va se retrouver donc, face au Paradou AC sans arri\u00e8re gauche. [&hellip;]<\/p>\n","protected":false},"author":1738,"featured_media":73589,"comment_status":"closed","ping_status":"closed","sticky":false,"template":"","format":"standard","meta":{"fifu_image_url":"","fifu_image_alt":"","footnotes":""},"categories":[53,75],"tags":[],"class_list":["post-73588","post","type-post","status-publish","format-standard","has-post-thumbnail","hentry","category-algerie","category-sport"],"_links":{"self":[{"href":"https:\/\/linitiative.ca\/International\/wp-json\/wp\/v2\/posts\/73588","targetHints":{"allow":["GET"]}}],"collection":[{"href":"https:\/\/linitiative.ca\/International\/wp-json\/wp\/v2\/posts"}],"about":[{"href":"https:\/\/linitiative.ca\/International\/wp-json\/wp\/v2\/types\/post"}],"author":[{"embeddable":true,"href":"https:\/\/linitiative.ca\/International\/wp-json\/wp\/v2\/users\/1738"}],"replies":[{"embeddable":true,"href":"https:\/\/linitiative.ca\/International\/wp-json\/wp\/v2\/comments?post=73588"}],"version-history":[{"count":0,"href":"https:\/\/linitiative.ca\/International\/wp-json\/wp\/v2\/posts\/73588\/revisions"}],"wp:featuredmedia":[{"embeddable":true,"href":"https:\/\/linitiative.ca\/International\/wp-json\/"}],"wp:attachment":[{"href":"https:\/\/linitiative.ca\/International\/wp-json\/wp\/v2\/media?parent=73588"}],"wp:term":[{"taxonomy":"category","embeddable":true,"href":"https:\/\/linitiative.ca\/International\/wp-json\/wp\/v2\/categories?post=73588"},{"taxonomy":"post_tag","embeddable":true,"href":"https:\/\/linitiative.ca\/International\/wp-json\/wp\/v2\/tags?post=73588"}],"curies":[{"name":"wp","href":"https:\/\/api.w.org\/{rel}","templated":true}]}}