{"id":73592,"date":"2020-01-20T15:14:02","date_gmt":"2020-01-20T20:14:02","guid":{"rendered":"https:\/\/linitiative.ca\/International\/international-barca-une-decision-imminente-pour-rakitic\/"},"modified":"2020-01-20T15:14:02","modified_gmt":"2020-01-20T20:14:02","slug":"international-barca-une-decision-imminente-pour-rakitic","status":"publish","type":"post","link":"https:\/\/linitiative.ca\/International\/international-barca-une-decision-imminente-pour-rakitic\/","title":{"rendered":"International : Bar\u00e7a : Une d\u00e9cision imminente pour Rakitic ?"},"content":{"rendered":"<div readability=\"32\">\n<p>Auteur : <span class=\"time\">lundi 20 janvier 2020 13:24<\/span><\/p>\n<\/div>\n<div id=\"post_core\" readability=\"40\">\n<p>Les prochaines heures pourraient \u00eatre d\u00e9cisives pour Ivan Rakitic. Mundo Deportivo annonce que la direction du FC Barcelone devrait se r\u00e9unir ce lundi pour \u00e9voquer les dossiers chauds du mercato, parmi lesquels le cas du Croate. Quelle sera la d\u00e9cision prise pour l\u2019avenir du milieu de terrain\u00a0? Comme le pr\u00e9cise le m\u00e9dia ib\u00e9rique, Rakitic serait bien dans le viseur du PSG, mais aussi de la Juventus. Affaire \u00e0 suivre\u2026<\/p>\n<p><strong>Publi\u00e9 dans :<\/strong> <span>fc barcelone<\/span><\/p>\n<\/div>\n<p>Auteur:<br \/>\n<a href=\"http:\/\/www.lebuteur.com\/article\/detail?titre=barca-une-decision-imminente-pour-rakitic&#038;id=94288&#038;utm_source=feedburner&#038;utm_medium=feed&#038;utm_campaign=Feed%3A+GalerieFArtciles+%28Les+derniers+articles++-+lebuteur.com%29\">Cliquez ici pour lire l&rsquo;article depuis sa source.<\/a><\/p>\n","protected":false},"excerpt":{"rendered":"<p>Auteur : lundi 20 janvier 2020 13:24 Les prochaines heures pourraient \u00eatre d\u00e9cisives pour Ivan Rakitic. Mundo Deportivo annonce que la direction du FC Barcelone devrait se r\u00e9unir ce lundi pour \u00e9voquer les dossiers chauds du mercato, parmi lesquels le cas du Croate. Quelle sera la d\u00e9cision prise pour l\u2019avenir du milieu de terrain\u00a0? Comme [&hellip;]<\/p>\n","protected":false},"author":1738,"featured_media":73593,"comment_status":"closed","ping_status":"closed","sticky":false,"template":"","format":"standard","meta":{"fifu_image_url":"","fifu_image_alt":"","footnotes":""},"categories":[53,75],"tags":[],"class_list":["post-73592","post","type-post","status-publish","format-standard","has-post-thumbnail","hentry","category-algerie","category-sport"],"_links":{"self":[{"href":"https:\/\/linitiative.ca\/International\/wp-json\/wp\/v2\/posts\/73592","targetHints":{"allow":["GET"]}}],"collection":[{"href":"https:\/\/linitiative.ca\/International\/wp-json\/wp\/v2\/posts"}],"about":[{"href":"https:\/\/linitiative.ca\/International\/wp-json\/wp\/v2\/types\/post"}],"author":[{"embeddable":true,"href":"https:\/\/linitiative.ca\/International\/wp-json\/wp\/v2\/users\/1738"}],"replies":[{"embeddable":true,"href":"https:\/\/linitiative.ca\/International\/wp-json\/wp\/v2\/comments?post=73592"}],"version-history":[{"count":0,"href":"https:\/\/linitiative.ca\/International\/wp-json\/wp\/v2\/posts\/73592\/revisions"}],"wp:featuredmedia":[{"embeddable":true,"href":"https:\/\/linitiative.ca\/International\/wp-json\/"}],"wp:attachment":[{"href":"https:\/\/linitiative.ca\/International\/wp-json\/wp\/v2\/media?parent=73592"}],"wp:term":[{"taxonomy":"category","embeddable":true,"href":"https:\/\/linitiative.ca\/International\/wp-json\/wp\/v2\/categories?post=73592"},{"taxonomy":"post_tag","embeddable":true,"href":"https:\/\/linitiative.ca\/International\/wp-json\/wp\/v2\/tags?post=73592"}],"curies":[{"name":"wp","href":"https:\/\/api.w.org\/{rel}","templated":true}]}}