{"id":73594,"date":"2020-01-20T15:14:05","date_gmt":"2020-01-20T20:14:05","guid":{"rendered":"https:\/\/linitiative.ca\/International\/pros-schalke-04-bentaleb-va-etre-prete-a-newcastle\/"},"modified":"2020-01-20T15:14:05","modified_gmt":"2020-01-20T20:14:05","slug":"pros-schalke-04-bentaleb-va-etre-prete-a-newcastle","status":"publish","type":"post","link":"https:\/\/linitiative.ca\/International\/pros-schalke-04-bentaleb-va-etre-prete-a-newcastle\/","title":{"rendered":"Pros : Schalke 04\u00a0: Bentaleb va \u00eatre pr\u00eat\u00e9 \u00e0 Newcastle"},"content":{"rendered":"<div readability=\"32\">\n<p>Auteur : <span class=\"time\">lundi 20 janvier 2020 14:30<\/span><\/p>\n<\/div>\n<div id=\"post_core\" readability=\"47\">\n<p>Selon Footmercato, le natif de Lille passe actuellement sa visite m\u00e9dicale du c\u00f4t\u00e9 de Newcastle. Le milieu de terrain international alg\u00e9rien (35 s\u00e9lections \u2013 5 buts), en difficult\u00e9 \u00e0 Schalke 04, va \u00eatre pr\u00eat\u00e9 jusqu\u2019\u00e0 la fin de la saison chez les Magpies.<\/p>\n<p>L\u2019ancien joueur de Tottenham, qui avait quitt\u00e9 la Premier League durant l\u2019\u00e9t\u00e9 2016, va donc revenir en Angleterre pour se relancer. Selon nos informations, ce pr\u00eat comporte une option d\u2019achat (non obligatoire) de l\u2019ordre de 10 M\u20ac. Ce dernier pourrait \u00eatre officialis\u00e9 par les deux clubs d\u2019ici la fin de la journ\u00e9e.<\/p>\n<p><strong>Publi\u00e9 dans :<\/strong> <span>bentaleb<\/span> <span>Schalke 04<\/span><\/p>\n<\/div>\n<p>Auteur:<br \/>\n<a href=\"http:\/\/www.lebuteur.com\/article\/detail?titre=schalke-04%C2%A0-bentaleb-va-etre-prete-a-newcastle&#038;id=94289&#038;utm_source=feedburner&#038;utm_medium=feed&#038;utm_campaign=Feed%3A+GalerieFArtciles+%28Les+derniers+articles++-+lebuteur.com%29\">Cliquez ici pour lire l&rsquo;article depuis sa source.<\/a><\/p>\n","protected":false},"excerpt":{"rendered":"<p>Auteur : lundi 20 janvier 2020 14:30 Selon Footmercato, le natif de Lille passe actuellement sa visite m\u00e9dicale du c\u00f4t\u00e9 de Newcastle. Le milieu de terrain international alg\u00e9rien (35 s\u00e9lections \u2013 5 buts), en difficult\u00e9 \u00e0 Schalke 04, va \u00eatre pr\u00eat\u00e9 jusqu\u2019\u00e0 la fin de la saison chez les Magpies. L\u2019ancien joueur de Tottenham, qui [&hellip;]<\/p>\n","protected":false},"author":1738,"featured_media":73595,"comment_status":"closed","ping_status":"closed","sticky":false,"template":"","format":"standard","meta":{"fifu_image_url":"","fifu_image_alt":"","footnotes":""},"categories":[53,75],"tags":[],"class_list":["post-73594","post","type-post","status-publish","format-standard","has-post-thumbnail","hentry","category-algerie","category-sport"],"_links":{"self":[{"href":"https:\/\/linitiative.ca\/International\/wp-json\/wp\/v2\/posts\/73594","targetHints":{"allow":["GET"]}}],"collection":[{"href":"https:\/\/linitiative.ca\/International\/wp-json\/wp\/v2\/posts"}],"about":[{"href":"https:\/\/linitiative.ca\/International\/wp-json\/wp\/v2\/types\/post"}],"author":[{"embeddable":true,"href":"https:\/\/linitiative.ca\/International\/wp-json\/wp\/v2\/users\/1738"}],"replies":[{"embeddable":true,"href":"https:\/\/linitiative.ca\/International\/wp-json\/wp\/v2\/comments?post=73594"}],"version-history":[{"count":0,"href":"https:\/\/linitiative.ca\/International\/wp-json\/wp\/v2\/posts\/73594\/revisions"}],"wp:featuredmedia":[{"embeddable":true,"href":"https:\/\/linitiative.ca\/International\/wp-json\/"}],"wp:attachment":[{"href":"https:\/\/linitiative.ca\/International\/wp-json\/wp\/v2\/media?parent=73594"}],"wp:term":[{"taxonomy":"category","embeddable":true,"href":"https:\/\/linitiative.ca\/International\/wp-json\/wp\/v2\/categories?post=73594"},{"taxonomy":"post_tag","embeddable":true,"href":"https:\/\/linitiative.ca\/International\/wp-json\/wp\/v2\/tags?post=73594"}],"curies":[{"name":"wp","href":"https:\/\/api.w.org\/{rel}","templated":true}]}}