{"id":73596,"date":"2020-01-20T15:14:07","date_gmt":"2020-01-20T20:14:07","guid":{"rendered":"https:\/\/linitiative.ca\/International\/international-ol-rudi-garcia-se-montre-prudent-avec-rayan-cherki\/"},"modified":"2020-01-20T15:14:07","modified_gmt":"2020-01-20T20:14:07","slug":"international-ol-rudi-garcia-se-montre-prudent-avec-rayan-cherki","status":"publish","type":"post","link":"https:\/\/linitiative.ca\/International\/international-ol-rudi-garcia-se-montre-prudent-avec-rayan-cherki\/","title":{"rendered":"International : OL : Rudi Garcia se montre prudent avec Rayan Cherki"},"content":{"rendered":"<div readability=\"32\">\n<p>Auteur : <span class=\"time\">lundi 20 janvier 2020 20:02<\/span><\/p>\n<\/div>\n<div id=\"post_core\" readability=\"58\">\n<p>En conf\u00e9rence de presse ce lundi, Rudi Garcia a affirm\u00e9 qu\u2019il n\u2019avait pas l\u2019intention de pr\u00e9cipiter les choses avec Rayan Cherki. Pour lui, il est important de rester prudent et ne pas demander trop \u00e0 un \u00e9l\u00e9ment qui ne compte qu\u2019une poign\u00e9e de matches en pro :<\/p>\n<p>\u00ab\u00a0Je n&rsquo;ai pas attendu les blessures de Memphis et Jeff pour faire jouer Rayan, a-t-il d\u00e9clar\u00e9. Mais je ne peux pas leur demander de jouer tous les matches. Ce serait dangereux pour son int\u00e9grit\u00e9, \u00e0 son \u00e2ge. Il a une carri\u00e8re \u00e0 faire, ce serait dangereux de ma part. Faire \u00e9clore nos jeunes fait partie des param\u00e8tres.\u00a0\u00bb<\/p>\n<p>Garcia a assur\u00e9 qu\u2019il a l\u2019exp\u00e9rience avec des talents surdou\u00e9s, de m\u00eame que G\u00e9rard Houllier, l\u2019un des dirigeants du club : \u00ab\u00a0Il (G\u00e9rard Houiller) a eu \u00e7a aussi avec Steven Gerrard, qu&rsquo;il a fait d\u00e9buter \u00e0 17 ans. Il a jou\u00e9 15 matches, puis 25, et ensuite il a fait des saisons enti\u00e8res. J&rsquo;ai fait pareil avec Eden Hazard, a-t-il rappel\u00e9. Il faut regarder, voir comment se comporte le joueur et faire attention. (&#8230;) Je pense que Rayan est tr\u00e8s bien entour\u00e9, il est poli, \u00e0 l&rsquo;\u00e9coute. On n&rsquo;est pas comme \u00e7a sans un entourage de qualit\u00e9. Si on continue tous \u00e0 lui dire qu&rsquo;il fera la carri\u00e8re qu&rsquo;il m\u00e9rite s&rsquo;il continue \u00e0 travailler. Le danger c&rsquo;est de lui faire croire qu&rsquo;il est d\u00e9j\u00e0 un des meilleurs joueurs de la plan\u00e8te.\u00a0\u00bb Des propos relay\u00e9s par Goal.<\/p>\n<p><strong>Publi\u00e9 dans :<\/strong> <span>Lyon<\/span><\/p>\n<\/div>\n<p>Auteur:<br \/>\n<a href=\"http:\/\/www.lebuteur.com\/article\/detail?titre=ol-rudi-garcia-se-montre-prudent-avec-rayan-cherki&#038;id=94290&#038;utm_source=feedburner&#038;utm_medium=feed&#038;utm_campaign=Feed%3A+GalerieFArtciles+%28Les+derniers+articles++-+lebuteur.com%29\">Cliquez ici pour lire l&rsquo;article depuis sa source.<\/a><\/p>\n","protected":false},"excerpt":{"rendered":"<p>Auteur : lundi 20 janvier 2020 20:02 En conf\u00e9rence de presse ce lundi, Rudi Garcia a affirm\u00e9 qu\u2019il n\u2019avait pas l\u2019intention de pr\u00e9cipiter les choses avec Rayan Cherki. Pour lui, il est important de rester prudent et ne pas demander trop \u00e0 un \u00e9l\u00e9ment qui ne compte qu\u2019une poign\u00e9e de matches en pro : \u00ab\u00a0Je [&hellip;]<\/p>\n","protected":false},"author":1738,"featured_media":73597,"comment_status":"closed","ping_status":"closed","sticky":false,"template":"","format":"standard","meta":{"fifu_image_url":"","fifu_image_alt":"","footnotes":""},"categories":[53,75],"tags":[],"class_list":["post-73596","post","type-post","status-publish","format-standard","has-post-thumbnail","hentry","category-algerie","category-sport"],"_links":{"self":[{"href":"https:\/\/linitiative.ca\/International\/wp-json\/wp\/v2\/posts\/73596","targetHints":{"allow":["GET"]}}],"collection":[{"href":"https:\/\/linitiative.ca\/International\/wp-json\/wp\/v2\/posts"}],"about":[{"href":"https:\/\/linitiative.ca\/International\/wp-json\/wp\/v2\/types\/post"}],"author":[{"embeddable":true,"href":"https:\/\/linitiative.ca\/International\/wp-json\/wp\/v2\/users\/1738"}],"replies":[{"embeddable":true,"href":"https:\/\/linitiative.ca\/International\/wp-json\/wp\/v2\/comments?post=73596"}],"version-history":[{"count":0,"href":"https:\/\/linitiative.ca\/International\/wp-json\/wp\/v2\/posts\/73596\/revisions"}],"wp:featuredmedia":[{"embeddable":true,"href":"https:\/\/linitiative.ca\/International\/wp-json\/"}],"wp:attachment":[{"href":"https:\/\/linitiative.ca\/International\/wp-json\/wp\/v2\/media?parent=73596"}],"wp:term":[{"taxonomy":"category","embeddable":true,"href":"https:\/\/linitiative.ca\/International\/wp-json\/wp\/v2\/categories?post=73596"},{"taxonomy":"post_tag","embeddable":true,"href":"https:\/\/linitiative.ca\/International\/wp-json\/wp\/v2\/tags?post=73596"}],"curies":[{"name":"wp","href":"https:\/\/api.w.org\/{rel}","templated":true}]}}