{"id":73598,"date":"2020-01-19T18:00:00","date_gmt":"2020-01-19T23:00:00","guid":{"rendered":"https:\/\/linitiative.ca\/International\/le-chef-de-letat-recoit-le-president-du-conseil-europeen-charles-michel\/"},"modified":"2020-01-19T18:00:00","modified_gmt":"2020-01-19T23:00:00","slug":"le-chef-de-letat-recoit-le-president-du-conseil-europeen-charles-michel","status":"publish","type":"post","link":"https:\/\/linitiative.ca\/International\/le-chef-de-letat-recoit-le-president-du-conseil-europeen-charles-michel\/","title":{"rendered":"Le chef de l\u2019\u00e9tat  re\u00e7oit le pr\u00e9sident du Conseil europ\u00e9en, Charles Michel"},"content":{"rendered":"<p>Le pr\u00e9sident de la R\u00e9publique,\u00a0 M. Abdelmadjid Tebboune, a re\u00e7u hier \u00e0 Berlin le pr\u00e9sident du Conseil europ\u00e9en, Charles Michel. L&rsquo;audience s&rsquo;est d\u00e9roul\u00e9e en marge des travaux de la Conf\u00e9rence internationale sur la Libye, en pr\u00e9sence du ministre des Affaires \u00e9trang\u00e8res, Sabri Boukadoum.<\/p>\n<p>Auteur: elmoudjahid<br \/>\n<a href=\"http:\/\/www.elmoudjahid.com\/fr\/actualites\/147369\">Cliquez ici pour lire l&rsquo;article depuis sa source.<\/a><\/p>\n","protected":false},"excerpt":{"rendered":"<p>Le pr\u00e9sident de la R\u00e9publique,\u00a0 M. Abdelmadjid Tebboune, a re\u00e7u hier \u00e0 Berlin le pr\u00e9sident du Conseil europ\u00e9en, Charles Michel. L&rsquo;audience s&rsquo;est d\u00e9roul\u00e9e en marge des travaux de la Conf\u00e9rence internationale sur la Libye, en pr\u00e9sence du ministre des Affaires \u00e9trang\u00e8res, Sabri Boukadoum. Auteur: elmoudjahid Cliquez ici pour lire l&rsquo;article depuis sa source.<\/p>\n","protected":false},"author":1744,"featured_media":0,"comment_status":"closed","ping_status":"closed","sticky":false,"template":"","format":"standard","meta":{"fifu_image_url":"","fifu_image_alt":"","footnotes":""},"categories":[73,53],"tags":[],"class_list":["post-73598","post","type-post","status-publish","format-standard","hentry","category-actualite","category-algerie"],"_links":{"self":[{"href":"https:\/\/linitiative.ca\/International\/wp-json\/wp\/v2\/posts\/73598","targetHints":{"allow":["GET"]}}],"collection":[{"href":"https:\/\/linitiative.ca\/International\/wp-json\/wp\/v2\/posts"}],"about":[{"href":"https:\/\/linitiative.ca\/International\/wp-json\/wp\/v2\/types\/post"}],"author":[{"embeddable":true,"href":"https:\/\/linitiative.ca\/International\/wp-json\/wp\/v2\/users\/1744"}],"replies":[{"embeddable":true,"href":"https:\/\/linitiative.ca\/International\/wp-json\/wp\/v2\/comments?post=73598"}],"version-history":[{"count":0,"href":"https:\/\/linitiative.ca\/International\/wp-json\/wp\/v2\/posts\/73598\/revisions"}],"wp:attachment":[{"href":"https:\/\/linitiative.ca\/International\/wp-json\/wp\/v2\/media?parent=73598"}],"wp:term":[{"taxonomy":"category","embeddable":true,"href":"https:\/\/linitiative.ca\/International\/wp-json\/wp\/v2\/categories?post=73598"},{"taxonomy":"post_tag","embeddable":true,"href":"https:\/\/linitiative.ca\/International\/wp-json\/wp\/v2\/tags?post=73598"}],"curies":[{"name":"wp","href":"https:\/\/api.w.org\/{rel}","templated":true}]}}