{"id":73600,"date":"2020-01-19T18:00:00","date_gmt":"2020-01-19T23:00:00","guid":{"rendered":"https:\/\/linitiative.ca\/International\/le-president-tebboune-rend-hommage-aux-victimes-de-laccident-del-oued\/"},"modified":"2020-01-19T18:00:00","modified_gmt":"2020-01-19T23:00:00","slug":"le-president-tebboune-rend-hommage-aux-victimes-de-laccident-del-oued","status":"publish","type":"post","link":"https:\/\/linitiative.ca\/International\/le-president-tebboune-rend-hommage-aux-victimes-de-laccident-del-oued\/","title":{"rendered":"Le Pr\u00e9sident Tebboune rend hommage aux victimes de l\u2019accident d\u2019El-Oued"},"content":{"rendered":"<p>Le pr\u00e9sident de la R\u00e9publique,<br \/>M. Abdelmadjid Tebboune, a rendu hommage, \u00e0 Berlin, aux victimes de l&rsquo;accident de la route survenu t\u00f4t dans la matin\u00e9e dans la wilaya<br \/>d&rsquo;El Oued, faisant 12 morts et 46 bless\u00e9s.\u00a0 A l&rsquo;entame de son intervention devant les participants \u00e0 la Conf\u00e9rence internationale de Berlin sur la crise libyenne, le pr\u00e9sident de la R\u00e9publique a rendu hommage aux victimes de cet accident, en d\u00e9clarant : \u00abPermettez-moi de rendre hommage aux victimes du tragique accident de la route survenu aujourd&rsquo;hui dans mon pays qui a caus\u00e9 la mort de 12 citoyens alg\u00e9riens et fait plus de 40 bless\u00e9s\u00bb.\u00a0 En cette circonstance douloureuse, le chef de l&rsquo;Etat a pr\u00e9sent\u00e9 ses sinc\u00e8res condol\u00e9ances aux familles des victimes, priant Dieu, Tout-Puissant, d&rsquo;accorder Sa Sainte Mis\u00e9ricorde aux victimes, tout en souhaitant un prompt r\u00e9tablissement aux bless\u00e9s de ce terrible accident.<br \/>Le pr\u00e9sident Tebboune a charg\u00e9 le Premier ministre de prendre toutes les dispositions n\u00e9cessaires pour la prise en charge des bless\u00e9s et porter assistance aux familles des victimes.<\/p>\n<p>Auteur: elmoudjahid<br \/>\n<a href=\"http:\/\/www.elmoudjahid.com\/fr\/actualites\/147371\">Cliquez ici pour lire l&rsquo;article depuis sa source.<\/a><\/p>\n","protected":false},"excerpt":{"rendered":"<p>Le pr\u00e9sident de la R\u00e9publique,M. Abdelmadjid Tebboune, a rendu hommage, \u00e0 Berlin, aux victimes de l&rsquo;accident de la route survenu t\u00f4t dans la matin\u00e9e dans la wilayad&rsquo;El Oued, faisant 12 morts et 46 bless\u00e9s.\u00a0 A l&rsquo;entame de son intervention devant les participants \u00e0 la Conf\u00e9rence internationale de Berlin sur la crise libyenne, le pr\u00e9sident de [&hellip;]<\/p>\n","protected":false},"author":1744,"featured_media":0,"comment_status":"closed","ping_status":"closed","sticky":false,"template":"","format":"standard","meta":{"fifu_image_url":"","fifu_image_alt":"","footnotes":""},"categories":[73,53],"tags":[],"class_list":["post-73600","post","type-post","status-publish","format-standard","hentry","category-actualite","category-algerie"],"_links":{"self":[{"href":"https:\/\/linitiative.ca\/International\/wp-json\/wp\/v2\/posts\/73600","targetHints":{"allow":["GET"]}}],"collection":[{"href":"https:\/\/linitiative.ca\/International\/wp-json\/wp\/v2\/posts"}],"about":[{"href":"https:\/\/linitiative.ca\/International\/wp-json\/wp\/v2\/types\/post"}],"author":[{"embeddable":true,"href":"https:\/\/linitiative.ca\/International\/wp-json\/wp\/v2\/users\/1744"}],"replies":[{"embeddable":true,"href":"https:\/\/linitiative.ca\/International\/wp-json\/wp\/v2\/comments?post=73600"}],"version-history":[{"count":0,"href":"https:\/\/linitiative.ca\/International\/wp-json\/wp\/v2\/posts\/73600\/revisions"}],"wp:attachment":[{"href":"https:\/\/linitiative.ca\/International\/wp-json\/wp\/v2\/media?parent=73600"}],"wp:term":[{"taxonomy":"category","embeddable":true,"href":"https:\/\/linitiative.ca\/International\/wp-json\/wp\/v2\/categories?post=73600"},{"taxonomy":"post_tag","embeddable":true,"href":"https:\/\/linitiative.ca\/International\/wp-json\/wp\/v2\/tags?post=73600"}],"curies":[{"name":"wp","href":"https:\/\/api.w.org\/{rel}","templated":true}]}}