{"id":73601,"date":"2020-01-20T04:00:00","date_gmt":"2020-01-20T09:00:00","guid":{"rendered":"https:\/\/linitiative.ca\/International\/m-tebboune-regagne-alger-apres-sa-participation-a-la-conference-internationale-sur-la-libye-a-berlin\/"},"modified":"2020-01-20T04:00:00","modified_gmt":"2020-01-20T09:00:00","slug":"m-tebboune-regagne-alger-apres-sa-participation-a-la-conference-internationale-sur-la-libye-a-berlin","status":"publish","type":"post","link":"https:\/\/linitiative.ca\/International\/m-tebboune-regagne-alger-apres-sa-participation-a-la-conference-internationale-sur-la-libye-a-berlin\/","title":{"rendered":"M. Tebboune regagne Alger apr\u00e8s sa participation \u00e0 la conf\u00e9rence internationale sur la Libye \u00e0 Berlin"},"content":{"rendered":"<p>Cette conf\u00e9rence avait pour objectif de mobiliser les efforts de la communaut\u00e9 internationale en vue de mettre fin \u00e0 la crise dans ce pays.<\/p>\n<p>Dans une allocution devant les participants \u00e0 cette conf\u00e9rence, le Pr\u00e9sident Tebboune a appel\u00e9 la communaut\u00e9 internationale \u00e0 assumer ses responsabilit\u00e9s pour faire imposer le respect de la paix et de la s\u00e9curit\u00e9 en Libye, affirmant que l&rsquo;Alg\u00e9rie s&rsquo;oppose aux tentatives visant \u00e0 porter atteinte \u00e0 l&rsquo;unit\u00e9 nationale et \u00e0 la souverainet\u00e9 des institutions dans ce pays.<\/p>\n<p>Le Pr\u00e9sident de la R\u00e9publique a \u00e9galement insist\u00e9 sur la n\u00e9cessit\u00e9 de l&rsquo;\u00e9laboration d&rsquo;une feuille de route claire et pr\u00e9cise en vue de faire respecter la tr\u00eave et inviter les parties en conflit \u00e0 la table des n\u00e9gociations pour trouver une solution pacifique \u00e0 cette crise \u00e0 travers la voie du dialogue, tout en assurant la disponibilit\u00e9 de l&rsquo;Alg\u00e9rie d&rsquo;accueillir le dialogue attendu entre les Libyens.<\/p>\n<p>APS<\/p>\n<p>Auteur: elmoudjahid<br \/>\n<a href=\"http:\/\/www.elmoudjahid.com\/fr\/actualites\/147372\">Cliquez ici pour lire l&rsquo;article depuis sa source.<\/a><\/p>\n","protected":false},"excerpt":{"rendered":"<p>Cette conf\u00e9rence avait pour objectif de mobiliser les efforts de la communaut\u00e9 internationale en vue de mettre fin \u00e0 la crise dans ce pays. Dans une allocution devant les participants \u00e0 cette conf\u00e9rence, le Pr\u00e9sident Tebboune a appel\u00e9 la communaut\u00e9 internationale \u00e0 assumer ses responsabilit\u00e9s pour faire imposer le respect de la paix et de [&hellip;]<\/p>\n","protected":false},"author":1744,"featured_media":0,"comment_status":"closed","ping_status":"closed","sticky":false,"template":"","format":"standard","meta":{"fifu_image_url":"","fifu_image_alt":"","footnotes":""},"categories":[73,53],"tags":[],"class_list":["post-73601","post","type-post","status-publish","format-standard","hentry","category-actualite","category-algerie"],"_links":{"self":[{"href":"https:\/\/linitiative.ca\/International\/wp-json\/wp\/v2\/posts\/73601","targetHints":{"allow":["GET"]}}],"collection":[{"href":"https:\/\/linitiative.ca\/International\/wp-json\/wp\/v2\/posts"}],"about":[{"href":"https:\/\/linitiative.ca\/International\/wp-json\/wp\/v2\/types\/post"}],"author":[{"embeddable":true,"href":"https:\/\/linitiative.ca\/International\/wp-json\/wp\/v2\/users\/1744"}],"replies":[{"embeddable":true,"href":"https:\/\/linitiative.ca\/International\/wp-json\/wp\/v2\/comments?post=73601"}],"version-history":[{"count":0,"href":"https:\/\/linitiative.ca\/International\/wp-json\/wp\/v2\/posts\/73601\/revisions"}],"wp:attachment":[{"href":"https:\/\/linitiative.ca\/International\/wp-json\/wp\/v2\/media?parent=73601"}],"wp:term":[{"taxonomy":"category","embeddable":true,"href":"https:\/\/linitiative.ca\/International\/wp-json\/wp\/v2\/categories?post=73601"},{"taxonomy":"post_tag","embeddable":true,"href":"https:\/\/linitiative.ca\/International\/wp-json\/wp\/v2\/tags?post=73601"}],"curies":[{"name":"wp","href":"https:\/\/api.w.org\/{rel}","templated":true}]}}