{"id":73602,"date":"2020-01-20T09:40:00","date_gmt":"2020-01-20T14:40:00","guid":{"rendered":"https:\/\/linitiative.ca\/International\/livraison-de-793-vehicules-multifonctions-mdn\/"},"modified":"2020-01-20T09:40:00","modified_gmt":"2020-01-20T14:40:00","slug":"livraison-de-793-vehicules-multifonctions-mdn","status":"publish","type":"post","link":"https:\/\/linitiative.ca\/International\/livraison-de-793-vehicules-multifonctions-mdn\/","title":{"rendered":"Livraison de 793 v\u00e9hicules multifonctions (MDN)"},"content":{"rendered":"<p>La Direction des Fabrications Militaires du Minist\u00e8re de la D\u00e9fense Nationale a proc\u00e9d\u00e9, lundi 20 Janvier , \u00e0 travers la Soci\u00e9t\u00e9 SPA SAFAV-MB-Tiaret,\u00a0\u00a0\u00e0 la livraison de 793 v\u00e9hicules multifonctions de marque Mercedes-Benz, a indiqu\u00e9 le MDN, dans un communiqu\u00e9.<\/p>\n<p>\u00a0Les v\u00e9hicules sont produits par cette Soci\u00e9t\u00e9 au profit de la Direction Centrale du Mat\u00e9riel du Minist\u00e8re de la D\u00e9fense Nationale, du Minist\u00e8re de l\u2019Int\u00e9rieur, des Collectivit\u00e9s Locales et de l\u2019Am\u00e9nagement du Territoire, du Minist\u00e8re de la Justice, du Minist\u00e8re de la Sant\u00e9, de la Population et de la R\u00e9forme Hospitali\u00e8re, la Direction G\u00e9n\u00e9rale de la S\u00fbret\u00e9 Nationale, la Direction G\u00e9n\u00e9rale de la Protection Civile ainsi que des entreprises nationales publiques et priv\u00e9es a pr\u00e9cis\u00e9 la m\u00eame source.<\/p>\n<p>Cette production s\u2019inscrit \u00ab\u00a0Dans le cadre du d\u00e9veloppement des diverses fili\u00e8res de fabrications militaires, notamment celle de la construction m\u00e9canique, et dans la perspective de satisfaction des besoins exprim\u00e9s par les diff\u00e9rentes structures de l&rsquo;Arm\u00e9e Nationale Populaire\u00a0\u00bb, a indiqu\u00e9 le MDN\u00a0 qui a signal\u00e9 que \u00ab\u00a0cette importante op\u00e9ration de livraison s\u2019inscrit dans la dynamique des pr\u00e9c\u00e9dentes op\u00e9rations de livraison de ce genre de v\u00e9hicules multifonctions, et d\u00e9montre la capacit\u00e9 de cette soci\u00e9t\u00e9 quant \u00e0 la satisfaction des commandes en termes de quantit\u00e9 et de qualit\u00e9 des produits, en plus du respect rigoureux des d\u00e9lais de livraison, et ce, conform\u00e9ment au programme national visant la promotion de la production nationale\u00a0\u00bb, a conclu le MDN.<\/p>\n<p>\u00a0NB\/ R\u00e9daction Web<\/p>\n<p>Auteur: elmoudjahid<br \/>\n<a href=\"http:\/\/www.elmoudjahid.com\/fr\/actualites\/147374\">Cliquez ici pour lire l&rsquo;article depuis sa source.<\/a><\/p>\n","protected":false},"excerpt":{"rendered":"<p>La Direction des Fabrications Militaires du Minist\u00e8re de la D\u00e9fense Nationale a proc\u00e9d\u00e9, lundi 20 Janvier , \u00e0 travers la Soci\u00e9t\u00e9 SPA SAFAV-MB-Tiaret,\u00a0\u00a0\u00e0 la livraison de 793 v\u00e9hicules multifonctions de marque Mercedes-Benz, a indiqu\u00e9 le MDN, dans un communiqu\u00e9. \u00a0Les v\u00e9hicules sont produits par cette Soci\u00e9t\u00e9 au profit de la Direction Centrale du Mat\u00e9riel du [&hellip;]<\/p>\n","protected":false},"author":1744,"featured_media":0,"comment_status":"closed","ping_status":"closed","sticky":false,"template":"","format":"standard","meta":{"fifu_image_url":"","fifu_image_alt":"","footnotes":""},"categories":[73,53],"tags":[],"class_list":["post-73602","post","type-post","status-publish","format-standard","hentry","category-actualite","category-algerie"],"_links":{"self":[{"href":"https:\/\/linitiative.ca\/International\/wp-json\/wp\/v2\/posts\/73602","targetHints":{"allow":["GET"]}}],"collection":[{"href":"https:\/\/linitiative.ca\/International\/wp-json\/wp\/v2\/posts"}],"about":[{"href":"https:\/\/linitiative.ca\/International\/wp-json\/wp\/v2\/types\/post"}],"author":[{"embeddable":true,"href":"https:\/\/linitiative.ca\/International\/wp-json\/wp\/v2\/users\/1744"}],"replies":[{"embeddable":true,"href":"https:\/\/linitiative.ca\/International\/wp-json\/wp\/v2\/comments?post=73602"}],"version-history":[{"count":0,"href":"https:\/\/linitiative.ca\/International\/wp-json\/wp\/v2\/posts\/73602\/revisions"}],"wp:attachment":[{"href":"https:\/\/linitiative.ca\/International\/wp-json\/wp\/v2\/media?parent=73602"}],"wp:term":[{"taxonomy":"category","embeddable":true,"href":"https:\/\/linitiative.ca\/International\/wp-json\/wp\/v2\/categories?post=73602"},{"taxonomy":"post_tag","embeddable":true,"href":"https:\/\/linitiative.ca\/International\/wp-json\/wp\/v2\/tags?post=73602"}],"curies":[{"name":"wp","href":"https:\/\/api.w.org\/{rel}","templated":true}]}}