{"id":73609,"date":"2020-01-20T11:05:00","date_gmt":"2020-01-20T16:05:00","guid":{"rendered":"https:\/\/linitiative.ca\/International\/examens-de-promotion-aux-grades-denseignant-les-resultats-annonces\/"},"modified":"2020-01-20T11:05:00","modified_gmt":"2020-01-20T16:05:00","slug":"examens-de-promotion-aux-grades-denseignant-les-resultats-annonces","status":"publish","type":"post","link":"https:\/\/linitiative.ca\/International\/examens-de-promotion-aux-grades-denseignant-les-resultats-annonces\/","title":{"rendered":"EXAMENS DE PROMOTION AUX GRADES D\u2019ENSEIGNANT  : Les r\u00e9sultats annonc\u00e9s"},"content":{"rendered":"<p><br id=\"sep_para_1\" class=\"sep_para access\"\/><\/p>\n<div id=\"para_1\" class=\"para_35116446 resize\">\n<div class=\"texte access firstletter\">Les r\u00e9sultats des examens professionnels pour l\u2019acc\u00e8s aux grades d\u2019enseignant principal et enseignant formateur ont \u00e9t\u00e9\u00a0 annonc\u00e9s\u00a0 lundi, indique un communiqu\u00e9 du minist\u00e8re de l\u2019Education nationale. Selon la m\u00eame source, ces r\u00e9sultats qui concernent les trois cycles (primaire, moyen et secondaire) ont \u00e9t\u00e9 \u00e9galement affich\u00e9s en m\u00eame temps au niveau des directions de l\u2019Education \u00e0 travers le territoire national. Pour rappel, plus de 62.000 enseignants des trois cycles confondus (primaire, moyen, secondaire), avaient pass\u00e9, le 31 d\u00e9cembre dernier, les examens professionnels de promotion aux grades d\u2019enseignant principal et enseignant formateur, au titre de l\u2019exercice 2019. Ces examens interviennent dans le cadre de la prise en charge de la promotion des enseignants des trois paliers de l\u2019enseignement, 45 000 postes ayant \u00e9t\u00e9 consacr\u00e9s au titre de l\u2019ann\u00e9e 2019. A ce propos, le minist\u00e8re avait indiqu\u00e9 que les examens professionnels de promotion aux grades d\u2019enseignant formateur et enseignant principal (session 2019) concernent 42.677 enseignants qui seront promus, \u00e0 la faveur d\u2019un examen professionnel ou par voie d\u2019inscription aux listes de qualification conform\u00e9ment au r\u00e8glement en vigueur.<\/div>\n<\/div>\n<p>Auteur: Nadine<br \/>\n<a href=\"https:\/\/www.reflexiondz.net\/EXAMENS-DE-PROMOTION-AUX-GRADES-D-ENSEIGNANT-Les-resultats-annonces_a60121.html\">Cliquez ici pour lire l&rsquo;article depuis sa source.<\/a><\/p>\n","protected":false},"excerpt":{"rendered":"<p>Les r\u00e9sultats des examens professionnels pour l\u2019acc\u00e8s aux grades d\u2019enseignant principal et enseignant formateur ont \u00e9t\u00e9\u00a0 annonc\u00e9s\u00a0 lundi, indique un communiqu\u00e9 du minist\u00e8re de l\u2019Education nationale. Selon la m\u00eame source, ces r\u00e9sultats qui concernent les trois cycles (primaire, moyen et secondaire) ont \u00e9t\u00e9 \u00e9galement affich\u00e9s en m\u00eame temps au niveau des directions de l\u2019Education \u00e0 [&hellip;]<\/p>\n","protected":false},"author":1740,"featured_media":0,"comment_status":"closed","ping_status":"closed","sticky":false,"template":"","format":"standard","meta":{"fifu_image_url":"","fifu_image_alt":"","footnotes":""},"categories":[53,76],"tags":[],"class_list":["post-73609","post","type-post","status-publish","format-standard","hentry","category-algerie","category-regions"],"_links":{"self":[{"href":"https:\/\/linitiative.ca\/International\/wp-json\/wp\/v2\/posts\/73609","targetHints":{"allow":["GET"]}}],"collection":[{"href":"https:\/\/linitiative.ca\/International\/wp-json\/wp\/v2\/posts"}],"about":[{"href":"https:\/\/linitiative.ca\/International\/wp-json\/wp\/v2\/types\/post"}],"author":[{"embeddable":true,"href":"https:\/\/linitiative.ca\/International\/wp-json\/wp\/v2\/users\/1740"}],"replies":[{"embeddable":true,"href":"https:\/\/linitiative.ca\/International\/wp-json\/wp\/v2\/comments?post=73609"}],"version-history":[{"count":0,"href":"https:\/\/linitiative.ca\/International\/wp-json\/wp\/v2\/posts\/73609\/revisions"}],"wp:attachment":[{"href":"https:\/\/linitiative.ca\/International\/wp-json\/wp\/v2\/media?parent=73609"}],"wp:term":[{"taxonomy":"category","embeddable":true,"href":"https:\/\/linitiative.ca\/International\/wp-json\/wp\/v2\/categories?post=73609"},{"taxonomy":"post_tag","embeddable":true,"href":"https:\/\/linitiative.ca\/International\/wp-json\/wp\/v2\/tags?post=73609"}],"curies":[{"name":"wp","href":"https:\/\/api.w.org\/{rel}","templated":true}]}}