{"id":73610,"date":"2020-01-20T11:07:00","date_gmt":"2020-01-20T16:07:00","guid":{"rendered":"https:\/\/linitiative.ca\/International\/bouchouareb-detient-des-biens-de-plusieurs-milliards-de-dinars\/"},"modified":"2020-01-20T11:07:00","modified_gmt":"2020-01-20T16:07:00","slug":"bouchouareb-detient-des-biens-de-plusieurs-milliards-de-dinars","status":"publish","type":"post","link":"https:\/\/linitiative.ca\/International\/bouchouareb-detient-des-biens-de-plusieurs-milliards-de-dinars\/","title":{"rendered":"Bouchouareb d\u00e9tient des biens de plusieurs milliards de dinars !"},"content":{"rendered":"<p><br id=\"sep_para_1\" class=\"sep_para access\"\/><\/p>\n<div id=\"para_1\" class=\"para_35116459 resize\">\n<div class=\"texte access firstletter\">L\u2019ancien ministre de l\u2019Industrie en cavale, Abdeslam Bouchouareb d\u00e9tient des biens estim\u00e9s \u00e0 des milliards de dinars dont une villa \u00e0 Ch\u00e9raga \u2013 ouest d\u2019Alger- \u00e9valu\u00e9e \u00e0 150 milliards de centimes, rapporte le site Echouroukonline. La m\u00eame source pr\u00e9cise que\u00a0\u00a0 ce sont en effet les conclusions de l\u2019enqu\u00eate men\u00e9e par les services judiciaires sp\u00e9cialis\u00e9s. Selon des \u00e9l\u00e9ments d\u2019information, la villa en question situ\u00e9e \u00e0 proximit\u00e9 du centre commercial \u201cEl Qods\u201d sis \u00e0 Ch\u00e9raga, et inscrite au nom de Abdeslam Bouchouareb, a \u00e9t\u00e9 obtenue par celui-ci par des voies douteuses alors ministre de l\u2019Industrie. Une affaire qui a suscit\u00e9 un d\u00e9bat houleux au tribunal de Sidi M\u2019hamed dont de lourdes peines \u00e9taient prononc\u00e9es \u00e0 l\u2019encontre des accus\u00e9s. Bouchouareb a \u00e9cop\u00e9, faut-il le rappeler, d\u2019une peine de 20 ans de prison ferme, 15 ans pour Ahmed Oyahia, 12 ans pour Abdelmalek Sellal, 10 ans pour Youcef Yousfi et Mahjoub Bedda ainsi que des condamnations allant de 3 \u00e0 7 ans de prison ferme contre des hommes d\u2019affaires impliqu\u00e9s dans le dossier de montage de v\u00e9hicules.<\/div>\n<\/div>\n<p>Auteur: R\u00e9flexion<br \/>\n<a href=\"https:\/\/www.reflexiondz.net\/Bouchouareb-detient-des-biens-de-plusieurs-milliards-de-dinars-_a60124.html\">Cliquez ici pour lire l&rsquo;article depuis sa source.<\/a><\/p>\n","protected":false},"excerpt":{"rendered":"<p>L\u2019ancien ministre de l\u2019Industrie en cavale, Abdeslam Bouchouareb d\u00e9tient des biens estim\u00e9s \u00e0 des milliards de dinars dont une villa \u00e0 Ch\u00e9raga \u2013 ouest d\u2019Alger- \u00e9valu\u00e9e \u00e0 150 milliards de centimes, rapporte le site Echouroukonline. La m\u00eame source pr\u00e9cise que\u00a0\u00a0 ce sont en effet les conclusions de l\u2019enqu\u00eate men\u00e9e par les services judiciaires sp\u00e9cialis\u00e9s. Selon [&hellip;]<\/p>\n","protected":false},"author":1740,"featured_media":0,"comment_status":"closed","ping_status":"closed","sticky":false,"template":"","format":"standard","meta":{"fifu_image_url":"","fifu_image_alt":"","footnotes":""},"categories":[53,76],"tags":[],"class_list":["post-73610","post","type-post","status-publish","format-standard","hentry","category-algerie","category-regions"],"_links":{"self":[{"href":"https:\/\/linitiative.ca\/International\/wp-json\/wp\/v2\/posts\/73610","targetHints":{"allow":["GET"]}}],"collection":[{"href":"https:\/\/linitiative.ca\/International\/wp-json\/wp\/v2\/posts"}],"about":[{"href":"https:\/\/linitiative.ca\/International\/wp-json\/wp\/v2\/types\/post"}],"author":[{"embeddable":true,"href":"https:\/\/linitiative.ca\/International\/wp-json\/wp\/v2\/users\/1740"}],"replies":[{"embeddable":true,"href":"https:\/\/linitiative.ca\/International\/wp-json\/wp\/v2\/comments?post=73610"}],"version-history":[{"count":0,"href":"https:\/\/linitiative.ca\/International\/wp-json\/wp\/v2\/posts\/73610\/revisions"}],"wp:attachment":[{"href":"https:\/\/linitiative.ca\/International\/wp-json\/wp\/v2\/media?parent=73610"}],"wp:term":[{"taxonomy":"category","embeddable":true,"href":"https:\/\/linitiative.ca\/International\/wp-json\/wp\/v2\/categories?post=73610"},{"taxonomy":"post_tag","embeddable":true,"href":"https:\/\/linitiative.ca\/International\/wp-json\/wp\/v2\/tags?post=73610"}],"curies":[{"name":"wp","href":"https:\/\/api.w.org\/{rel}","templated":true}]}}