{"id":73611,"date":"2020-01-20T11:07:00","date_gmt":"2020-01-20T16:07:00","guid":{"rendered":"https:\/\/linitiative.ca\/International\/abdelkader-ouali-dans-le-viseur-de-la-justice\/"},"modified":"2020-01-20T11:07:00","modified_gmt":"2020-01-20T16:07:00","slug":"abdelkader-ouali-dans-le-viseur-de-la-justice","status":"publish","type":"post","link":"https:\/\/linitiative.ca\/International\/abdelkader-ouali-dans-le-viseur-de-la-justice\/","title":{"rendered":"Abdelkader Ouali dans le viseur de la justice"},"content":{"rendered":"<p><br id=\"sep_para_1\" class=\"sep_para access\"\/><\/p>\n<div id=\"para_1\" class=\"para_35116464 resize\">\n<div class=\"texte access firstletter\">Le minist\u00e8re de la justice a demand\u00e9 la lev\u00e9e de l&rsquo;immunit\u00e9 parlementaire d\u2019Abdelkader Ouali, d\u00e9put\u00e9 au titre du FLN et ancien ministre. Dans un tweet post\u00e9 ce dimanche, le Pr\u00e9sident de l\u2019Assembl\u00e9e populaire nationale (APN), Slimane Chenine, annonce avoir transmis la demande de lev\u00e9e d\u2019immunit\u00e9 parlementaire d\u2019un d\u00e9put\u00e9 \u00e0 la commission des affaires juridiques de l\u2019APN, sans donner plus de pr\u00e9cisions sur son identit\u00e9. Selon Ennahar TV,\u00a0 il s\u2019agit du d\u00e9put\u00e9 du Front de lib\u00e9ration nationale (FLN) pour la wilaya de Mostaganem, Abdelkader Ouali.\u00a0 Ce dernier avait occup\u00e9 les postes de ministre des Travaux publics, des Ressources en eau puis de l\u2019Environnement dans le gouvernement d\u2019Abdelmalek Sellal. Il \u00e9tait particuli\u00e8rement li\u00e9 \u00e0 Ali Haddad avec lequel il avait nou\u00e9 des relations privil\u00e9gi\u00e9es depuis qu&rsquo;il \u00e9tait wali de la wilaya de Tizi Ouzou (1999-2001).<\/div>\n<\/div>\n<p>Auteur: R\u00e9flexion<br \/>\n<a href=\"https:\/\/www.reflexiondz.net\/Abdelkader-Ouali-dans-le-viseur-de-la-justice_a60125.html\">Cliquez ici pour lire l&rsquo;article depuis sa source.<\/a><\/p>\n","protected":false},"excerpt":{"rendered":"<p>Le minist\u00e8re de la justice a demand\u00e9 la lev\u00e9e de l&rsquo;immunit\u00e9 parlementaire d\u2019Abdelkader Ouali, d\u00e9put\u00e9 au titre du FLN et ancien ministre. Dans un tweet post\u00e9 ce dimanche, le Pr\u00e9sident de l\u2019Assembl\u00e9e populaire nationale (APN), Slimane Chenine, annonce avoir transmis la demande de lev\u00e9e d\u2019immunit\u00e9 parlementaire d\u2019un d\u00e9put\u00e9 \u00e0 la commission des affaires juridiques de [&hellip;]<\/p>\n","protected":false},"author":1740,"featured_media":0,"comment_status":"closed","ping_status":"closed","sticky":false,"template":"","format":"standard","meta":{"fifu_image_url":"","fifu_image_alt":"","footnotes":""},"categories":[53,76],"tags":[],"class_list":["post-73611","post","type-post","status-publish","format-standard","hentry","category-algerie","category-regions"],"_links":{"self":[{"href":"https:\/\/linitiative.ca\/International\/wp-json\/wp\/v2\/posts\/73611","targetHints":{"allow":["GET"]}}],"collection":[{"href":"https:\/\/linitiative.ca\/International\/wp-json\/wp\/v2\/posts"}],"about":[{"href":"https:\/\/linitiative.ca\/International\/wp-json\/wp\/v2\/types\/post"}],"author":[{"embeddable":true,"href":"https:\/\/linitiative.ca\/International\/wp-json\/wp\/v2\/users\/1740"}],"replies":[{"embeddable":true,"href":"https:\/\/linitiative.ca\/International\/wp-json\/wp\/v2\/comments?post=73611"}],"version-history":[{"count":0,"href":"https:\/\/linitiative.ca\/International\/wp-json\/wp\/v2\/posts\/73611\/revisions"}],"wp:attachment":[{"href":"https:\/\/linitiative.ca\/International\/wp-json\/wp\/v2\/media?parent=73611"}],"wp:term":[{"taxonomy":"category","embeddable":true,"href":"https:\/\/linitiative.ca\/International\/wp-json\/wp\/v2\/categories?post=73611"},{"taxonomy":"post_tag","embeddable":true,"href":"https:\/\/linitiative.ca\/International\/wp-json\/wp\/v2\/tags?post=73611"}],"curies":[{"name":"wp","href":"https:\/\/api.w.org\/{rel}","templated":true}]}}