{"id":73612,"date":"2020-01-20T11:07:00","date_gmt":"2020-01-20T16:07:00","guid":{"rendered":"https:\/\/linitiative.ca\/International\/3-oligarques-transferes-del-harrach-vers-kolea\/"},"modified":"2020-01-20T11:07:00","modified_gmt":"2020-01-20T16:07:00","slug":"3-oligarques-transferes-del-harrach-vers-kolea","status":"publish","type":"post","link":"https:\/\/linitiative.ca\/International\/3-oligarques-transferes-del-harrach-vers-kolea\/","title":{"rendered":"3 oligarques transf\u00e9r\u00e9s d\u2019El-Harrach vers Kol\u00e9a"},"content":{"rendered":"<p><br id=\"sep_para_1\" class=\"sep_para access\"\/><\/p>\n<div id=\"para_1\" class=\"para_35116458 resize\">\n<div class=\"texte access firstletter\">Les autorit\u00e9s judiciaires ont pris la d\u00e9cision de proc\u00e9der au transfert\u00a0 d\u2019un certain nombre de d\u00e9tenus incarc\u00e9r\u00e9s \u00e0 El-Harrach dans le cadre des affaires de corruption vers d\u2019autres lieux de d\u00e9tention, affirme le Soir d\u2019Alg\u00e9rie. Selon la source, ce transfert a commenc\u00e9 il y a quelques jours. Il a d\u00e9but\u00e9 au cours de la semaine \u00e9coul\u00e9e, p\u00e9riode durant laquelle, ajoute-on, plusieurs d\u00e9tenus ont \u00e9t\u00e9 achemin\u00e9s vers le p\u00e9nitencier de Kol\u00e9a. La d\u00e9cision a \u00e9t\u00e9 appliqu\u00e9e \u00e0 certains hommes d\u2019affaires bien connus r\u00e9cemment condamn\u00e9s dans l\u2019affaire de l\u2019automobile. Il s\u2019agit de Mahieddine Tahkout, patron de Global Motors, Mohamed Ba\u00efri, responsable d\u2019Ival Alg\u00e9rie, et Ahmed Mazouz, patron du groupe du m\u00eame nom. D\u2019autres hommes d\u2019affaires pourraient suivre et la mesure pourrait \u00eatre \u00e9galement appliqu\u00e9e \u00e0 certains des ministres d\u00e9tenus \u00e0 El-Harrach. Les deux fils de l\u2019ancien directeur g\u00e9n\u00e9ral de Club-des-Pins, Abdelhamid Melzi, figurent aussi parmi les premi\u00e8res personnes concern\u00e9es par cette situation. Les avocats qui se sont d\u00e9plac\u00e9s pour rendre visite \u00e0 leurs clients ont appris sur place la nouvelle de leur transfert. Une nouvelle qui s\u2019est tr\u00e8s rapidement r\u00e9pandue au sein des familles des autres personnalit\u00e9s incarc\u00e9r\u00e9es qui tentent par tous les moyens de savoir si leurs proches vont \u00e0 leur tour quitter la prison d\u2019El-Harrach. Il en est de m\u00eame pour les familles des anciens ministres condamn\u00e9s \u00e0 de lourdes peines dans l\u2019affaire de l\u2019automobile. Jusqu\u2019\u00e0 hier, nul n\u2019\u00e9tait encore en mesure de fournir une explication \u00e0 la d\u00e9cision prise par les autorit\u00e9s judiciaires. Les avis divergent. Certains avocats estiment que cette d\u00e9cision peut faire suite au va-et-vient incessant des membres de la d\u00e9fense des c\u00e9l\u00e8bres d\u00e9tenus et pr\u00e9venus. \u00abIl y a, nous dit-on, beaucoup de va-et-vient, la prison n\u2019est pas tr\u00e8s loin, les avocats rendent tr\u00e8s souvent visite \u00e0 leurs clients et il se peut que cela ait caus\u00e9 un d\u00e9sagr\u00e9ment aux autorit\u00e9s p\u00e9nitentiaires qui ont d\u2019ailleurs d\u00fb op\u00e9rer des changements dans les heures et les jours de parloir r\u00e9serv\u00e9s aux autres d\u00e9tenus.\u00bb<br \/>D\u00e8s l\u2019incarc\u00e9ration des ex-ministres et hautes personnalit\u00e9s, les responsables de l\u2019administration de la prison d\u2019El-Harrach ont, en effet, \u00e9t\u00e9 contraints de fixer des journ\u00e9es de visite diff\u00e9rentes aux familles et aux avocats afin de pouvoir g\u00e9rer l\u2019affluence des visiteurs en toute s\u00e9curit\u00e9. Les avocats lient en second lieu cette d\u00e9cision de transf\u00e8rement \u00e0 la surcharge de la prison d\u2019El-Harrach. \u00abLes lieux \u00e9taient d\u00e9j\u00e0 surcharg\u00e9s, on y a achemin\u00e9 de nombreux autres d\u00e9tenus d\u2019un autre genre, ceux de la lutte anti-corruption et ceux encore arr\u00eat\u00e9s durant les manifestations du Hirak, faites votre compte puisque le mouvement dure d\u00e9j\u00e0 depuis le 22 f\u00e9vrier dernier et des arrestations s\u2019op\u00e8rent syst\u00e9matiquement tous les vendredis\u00bb, nous dit l\u2019un d\u2019eux. \u00abCela nous renvoie, intervient Me Miloud Brahimi, au probl\u00e8me de la d\u00e9tention provisoire auquel il faut imp\u00e9rativement mettre un terme \u00e0 pr\u00e9sent\u00bb.<\/div>\n<\/div>\n<p>Auteur: R\u00e9flexion<br \/>\n<a href=\"https:\/\/www.reflexiondz.net\/3-oligarques-transferes-d-El-Harrach-vers-Kolea_a60123.html\">Cliquez ici pour lire l&rsquo;article depuis sa source.<\/a><\/p>\n","protected":false},"excerpt":{"rendered":"<p>Les autorit\u00e9s judiciaires ont pris la d\u00e9cision de proc\u00e9der au transfert\u00a0 d\u2019un certain nombre de d\u00e9tenus incarc\u00e9r\u00e9s \u00e0 El-Harrach dans le cadre des affaires de corruption vers d\u2019autres lieux de d\u00e9tention, affirme le Soir d\u2019Alg\u00e9rie. Selon la source, ce transfert a commenc\u00e9 il y a quelques jours. Il a d\u00e9but\u00e9 au cours de la semaine [&hellip;]<\/p>\n","protected":false},"author":1740,"featured_media":0,"comment_status":"closed","ping_status":"closed","sticky":false,"template":"","format":"standard","meta":{"fifu_image_url":"","fifu_image_alt":"","footnotes":""},"categories":[53,76],"tags":[],"class_list":["post-73612","post","type-post","status-publish","format-standard","hentry","category-algerie","category-regions"],"_links":{"self":[{"href":"https:\/\/linitiative.ca\/International\/wp-json\/wp\/v2\/posts\/73612","targetHints":{"allow":["GET"]}}],"collection":[{"href":"https:\/\/linitiative.ca\/International\/wp-json\/wp\/v2\/posts"}],"about":[{"href":"https:\/\/linitiative.ca\/International\/wp-json\/wp\/v2\/types\/post"}],"author":[{"embeddable":true,"href":"https:\/\/linitiative.ca\/International\/wp-json\/wp\/v2\/users\/1740"}],"replies":[{"embeddable":true,"href":"https:\/\/linitiative.ca\/International\/wp-json\/wp\/v2\/comments?post=73612"}],"version-history":[{"count":0,"href":"https:\/\/linitiative.ca\/International\/wp-json\/wp\/v2\/posts\/73612\/revisions"}],"wp:attachment":[{"href":"https:\/\/linitiative.ca\/International\/wp-json\/wp\/v2\/media?parent=73612"}],"wp:term":[{"taxonomy":"category","embeddable":true,"href":"https:\/\/linitiative.ca\/International\/wp-json\/wp\/v2\/categories?post=73612"},{"taxonomy":"post_tag","embeddable":true,"href":"https:\/\/linitiative.ca\/International\/wp-json\/wp\/v2\/tags?post=73612"}],"curies":[{"name":"wp","href":"https:\/\/api.w.org\/{rel}","templated":true}]}}