{"id":73614,"date":"2020-01-19T22:01:19","date_gmt":"2020-01-20T03:01:19","guid":{"rendered":"https:\/\/linitiative.ca\/International\/le-taux-de-recouvrement-des-impots-ne-depasse-pas-les-9\/"},"modified":"2020-01-19T22:01:19","modified_gmt":"2020-01-20T03:01:19","slug":"le-taux-de-recouvrement-des-impots-ne-depasse-pas-les-9","status":"publish","type":"post","link":"https:\/\/linitiative.ca\/International\/le-taux-de-recouvrement-des-impots-ne-depasse-pas-les-9\/","title":{"rendered":"Le taux de recouvrement des imp\u00f4ts ne d\u00e9passe pas les 9%"},"content":{"rendered":"<p>Le taux de recouvrement des imp\u00f4ts demeure tr\u00e8s faible, a affirm\u00e9 Boubekeur Sellami, le pr\u00e9sident de l\u2019Association nationale des conseillers fiscaux alg\u00e9riens, soulignant que ce taux ne d\u00e9passe pas les 9%.<br \/>Evoquant la situation de crise dans laquelle que connait l\u2019administration fiscale, notamment ses difficult\u00e9s \u00e0 recouvrer les imp\u00f4ts, M.\u00a0Sellami, qui s\u2019exprimait ce dimanche\u00a0sur les ondes de la Cha\u00eene 3 de la radio nationale estime que \u00ab\u00a0tout le monde conna\u00eet le probl\u00e8me mais personne n\u2019a le courage de prendre une d\u00e9cision\u00a0\u00bb. Il impute cette situation au retard accus\u00e9 par le syst\u00e8me fiscal national, dont la modernisation, a pourtant \u00e9t\u00e9 annonc\u00e9 il y a plus de vingt ans. Il fait savoir que les raisons du faible taux de recouvrement de la fiscalit\u00e9 ordinaire, particuli\u00e8rement celle des cr\u00e9ances fiscales anciennes, sont nombreuses. Il pr\u00e9cise qu\u2019elle s\u2019\u00e9l\u00e8ve \u00e0<br \/>11 000 milliards de dinars alors que, le DG des imp\u00f4ts n\u2019a \u00e9voqu\u00e9 que 4,5 milliards de dinars.<br \/>Il estime qu\u2019une grande partie de ces sommes est \u00ab\u00a0irr\u00e9couvrable\u00a0\u00bb en raison, explique-t-il, du ph\u00e9nom\u00e8ne de pr\u00eate-nom, de d\u00e9c\u00e8s de contribuables ou de leur difficile localisation, de la dissolution d\u2019entreprises voire de la non-d\u00e9claration par certains managers v\u00e9reux de leur chiffre d\u2019affaires r\u00e9el. En plus des nombreuses cat\u00e9gories qui \u00e9chappent \u00e0 l\u2019imp\u00f4t, dont les redevances repr\u00e9sentent le double du budget de l\u2019Etat, l\u2019informel constitue un moyen d\u2019\u00e9chapper aux payements de l\u2019imp\u00f4t. M Sellami a soulign\u00e9 que, dans les conditions actuelles, \u00ab\u00a0l\u2019informel, qui continue dans sa quasi-totalit\u00e9 d\u2019\u00e9chapper \u00e0 l\u2019imp\u00f4t, est devenu tr\u00e8s important et puissant\u00a0\u00bb.<br \/>Il estime, par ailleurs, que l\u2019administration fiscale joue un r\u00f4le important et a une grande responsabilit\u00e9 pour ouvrir ce chantier, soulignant toutefois \u00ab\u00a0le manque de moyens de l\u2019administration fiscale afin qu\u2019elle puisse exercer ses fonctions\u00a0\u00bb. Il consid\u00e8re, cependant, qu\u2019avec ses quelque 20 000 agents et cadres charg\u00e9s de couvrir tout le territoire, l\u2019administration fiscale n\u2019est pas suffisamment arm\u00e9e pour effectuer sa mission de recouvrement de l\u2019imp\u00f4t dans les meilleures conditions possibles.<br \/>Notant un laisser-aller dans le recouvrement de l\u2019imp\u00f4t, M.\u00a0Sellami a r\u00e9v\u00e9l\u00e9 que cette situation a engendr\u00e9 une \u00ab\u00a0grande pression fiscale\u00a0\u00bb qui p\u00e8se sur certaines cat\u00e9gories d\u2019entreprises et de citoyens. Il rappelle que l\u2019IRG pr\u00e9lev\u00e9 sur les bulletins de paie des salari\u00e9s rapporte 25% et que la TVA support\u00e9e par ces derniers en rapporte 30%. \u00ab\u00a0C\u2019est une pression terrible sur le citoyen ordinaire\u00a0\u00bb, d\u00e9plore-t-il.\u00a0L\u2019invit\u00e9 de la radio a, d\u2019autre part, indiqu\u00e9 que la fiscalit\u00e9 p\u00e9troli\u00e8re repr\u00e9sente actuellement 42% de la fiscalit\u00e9 budg\u00e9taire contre 10% durant les ann\u00e9es 1970. Il en conclut qu\u2019elle est devenue \u00ab\u00a0renti\u00e8re\u00a0\u00bb. Cons\u00e9quence\u00a0: lorsque les prix du brut chutent, le pays se trouve tout naturellement confront\u00e9 \u00e0 une \u00e9ni\u00e8me crise financi\u00e8re.\u00a0<\/p>\n<p>Auteur: Boudjedri<br \/>\n<a href=\"http:\/\/www.jeune-independant.net\/Le-taux-de-recouvrement-des-impots.html\">Cliquez ici pour lire l&rsquo;article depuis sa source.<\/a><\/p>\n","protected":false},"excerpt":{"rendered":"<p>Le taux de recouvrement des imp\u00f4ts demeure tr\u00e8s faible, a affirm\u00e9 Boubekeur Sellami, le pr\u00e9sident de l\u2019Association nationale des conseillers fiscaux alg\u00e9riens, soulignant que ce taux ne d\u00e9passe pas les 9%.Evoquant la situation de crise dans laquelle que connait l\u2019administration fiscale, notamment ses difficult\u00e9s \u00e0 recouvrer les imp\u00f4ts, M.\u00a0Sellami, qui s\u2019exprimait ce dimanche\u00a0sur les ondes [&hellip;]<\/p>\n","protected":false},"author":1737,"featured_media":0,"comment_status":"closed","ping_status":"closed","sticky":false,"template":"","format":"standard","meta":{"fifu_image_url":"","fifu_image_alt":"","footnotes":""},"categories":[73,53],"tags":[],"class_list":["post-73614","post","type-post","status-publish","format-standard","hentry","category-actualite","category-algerie"],"_links":{"self":[{"href":"https:\/\/linitiative.ca\/International\/wp-json\/wp\/v2\/posts\/73614","targetHints":{"allow":["GET"]}}],"collection":[{"href":"https:\/\/linitiative.ca\/International\/wp-json\/wp\/v2\/posts"}],"about":[{"href":"https:\/\/linitiative.ca\/International\/wp-json\/wp\/v2\/types\/post"}],"author":[{"embeddable":true,"href":"https:\/\/linitiative.ca\/International\/wp-json\/wp\/v2\/users\/1737"}],"replies":[{"embeddable":true,"href":"https:\/\/linitiative.ca\/International\/wp-json\/wp\/v2\/comments?post=73614"}],"version-history":[{"count":0,"href":"https:\/\/linitiative.ca\/International\/wp-json\/wp\/v2\/posts\/73614\/revisions"}],"wp:attachment":[{"href":"https:\/\/linitiative.ca\/International\/wp-json\/wp\/v2\/media?parent=73614"}],"wp:term":[{"taxonomy":"category","embeddable":true,"href":"https:\/\/linitiative.ca\/International\/wp-json\/wp\/v2\/categories?post=73614"},{"taxonomy":"post_tag","embeddable":true,"href":"https:\/\/linitiative.ca\/International\/wp-json\/wp\/v2\/tags?post=73614"}],"curies":[{"name":"wp","href":"https:\/\/api.w.org\/{rel}","templated":true}]}}