{"id":73616,"date":"2020-01-20T13:31:38","date_gmt":"2020-01-20T18:31:38","guid":{"rendered":"https:\/\/linitiative.ca\/International\/eliminatoires-mondial-2022-qui-seront-les-adversaires-des-verts\/"},"modified":"2020-01-20T13:31:38","modified_gmt":"2020-01-20T18:31:38","slug":"eliminatoires-mondial-2022-qui-seront-les-adversaires-des-verts","status":"publish","type":"post","link":"https:\/\/linitiative.ca\/International\/eliminatoires-mondial-2022-qui-seront-les-adversaires-des-verts\/","title":{"rendered":"\u00c9liminatoires Mondial 2022 : Qui seront les adversaires des Verts ?"},"content":{"rendered":"<p>La s\u00e9lection alg\u00e9rienne de football, en qu\u00eate d\u2019une cinqui\u00e8me qualification \u00e0 la coupe du monde, sera fix\u00e9e mardi soir, \u00e0 18 h, sur ses adversaires du 2e tour des \u00e9liminatoires africaines pour le Mondial 2022 au Qatar, \u00e0 l\u2019issue du tirage au sort pr\u00e9vu dans la capitale \u00e9gyptienne, le Caire.<br \/>L\u2019Alg\u00e9rie, au rang de championne d\u2019Afrique en titre, sera log\u00e9e dans le chapeau 1, aux c\u00f4t\u00e9s des plus grosses pointures du football continental que sont le S\u00e9n\u00e9gal, la Tunisie, le Nigeria, le Maroc, le Ghana, l\u2019Egypte, le Cameroun, le Mali et la RD Congo.<br \/>Rien que \u00e7a. Une bonne formule qui \u00e9vitera \u00e0 ces cylindr\u00e9es de se retrouver dans le m\u00eame groupe. Pour cette nouvelle \u00e9dition, pas moins de quarante s\u00e9lections (dont les 26 exemptes du tour pr\u00e9liminaire) seront dispatch\u00e9es en dix groupes de quatre. Le r\u00e8glement stipule que les vainqueurs de chaque poule acc\u00e9deront ensuite au tour suivant, celui des barrages, fix\u00e9 du 8 au 16 novembre 2021. Les vainqueurs des doubles confrontations se qualifieront pour la phase finale pr\u00e9vue au Qatar du 21 novembre au 18 d\u00e9cembre 2022. L\u2019Alg\u00e9rie sera, certes, t\u00eate de s\u00e9rie mais force est de reconna\u00eetre que ce ne sera gu\u00e8re une simple affaire car dans le chapeau 2, il y aura de nombreux adversaires de taille. On citera les El\u00e9phants de C\u00f4te-d\u2019Ivoire, les Bafana Bafana d\u2019Afrique du Sud ou encore les Zambiens. Trois s\u00e9lections d\u00e9tentrices, dans un pass\u00e9 r\u00e9cent, du troph\u00e9e continental. Sans oublier que les El\u00e9phants et les Bafana Bafana comptent trois participations \u00e0 la coupe du monde. Autant dire que l\u2019affaire s\u2019annonce cors\u00e9e si, par malchance, on h\u00e9rite d\u2019un de ces adversaires.<br \/>Les Eperviers du B\u00e9nin seront \u00e9galement \u00e0 \u00e9viter puisque c\u2019est la seule \u00e9quipe qui a r\u00e9ussi \u00e0 battre les Verts version Belmadi. Ainsi, l\u2019aventure pour le voyage au Qatar a vu la premi\u00e8re journ\u00e9e du 2e tour d\u00e9cal\u00e9e au mois d\u2019octobre 2020 (5-13 octobre), apr\u00e8s avoir \u00e9t\u00e9 programm\u00e9e initialement en mars, selon le nouveau calendrier d\u00e9voil\u00e9 par la F\u00e9d\u00e9ration alg\u00e9rienne de football (FAF). La 2e journ\u00e9e se jouera un mois plus tard. Ce syst\u00e8me de qualification avait \u00e9t\u00e9 utilis\u00e9 pour la derni\u00e8re fois \u00e0 l\u2019occasion du Mondial 2014, o\u00f9 l\u2019Alg\u00e9rie avait valid\u00e9 son billet aux d\u00e9pens du Burkina Faso (aller\u00a0: 2-3, retour\u00a0: 1-0), avant que la Conf\u00e9d\u00e9ration africaine de football (CAF) ne d\u00e9cide de le changer pour l\u2019\u00e9dition 2018 en Russie. Ayant \u00e9chou\u00e9 \u00e0 se qualifier pour la derni\u00e8re coupe du monde 2018, l\u2019\u00e9quipe nationale, vainqueur de la CAN 2019 disput\u00e9e en Egypte, compte non seulement conforter son nouveau statut mais \u00e9galement renouer avec le rendez-vous mondial qui constitue le nouvel objectif des Verts. \u00ab\u00a0Il faut d\u2019abord y aller, ce sera long, difficile et compliqu\u00e9 \u00e0 la fois. Nous serons attendus partout. Le Mondial 2022 est notre principal objectif, \u00e9chouer \u00e0 se qualifier sera un \u00e9chec consid\u00e9rable. Une fois qualifi\u00e9s, l\u2019objectif sera de tout donner et de croire en l\u2019impossible\u00a0\u00bb, a indiqu\u00e9 r\u00e9cemment le s\u00e9lectionneur national Djamel Belmadi sur le plateau de Canal+Sport Afrique.<br \/>La FAF sera repr\u00e9sent\u00e9e lors du tirage au sort par le coordinateur g\u00e9n\u00e9ral de la s\u00e9lection, Brahim Belyacine et l\u2019entra\u00eeneur des gardiens de but, Aziz Bouras.\u00a0<\/p>\n<p>Composition des chapeaux\u00a0:<\/p>\n<p>\u00a0Chapeau 1<br \/>S\u00e9n\u00e9gal, Tunisie, Nigeria, Alg\u00e9rie, Maroc, Ghana, Egypte, Cameroun, Mali, RD Congo<br \/>\u00a0Chapeau 2<br \/>Burkina Faso, C\u00f4te-d\u2019Ivoire, Afrique du Sud, Guin\u00e9e, Ouganda, Cap-Vert, Gabon, B\u00e9nin, Zambie, Congo<br \/>\u00a0Chapeau 3<br \/>Madagascar, Mauritanie, Libye, Mozambique, Kenya, Centrafrique, Zimbabwe,<br \/>Niger, Namibie, Guin\u00e9e-Bissau<\/p>\n<p>Auteur: Boudjedri<br \/>\n<a href=\"http:\/\/www.jeune-independant.net\/Eliminatoires-Mondial-2022-Qui.html\">Cliquez ici pour lire l&rsquo;article depuis sa source.<\/a><\/p>\n","protected":false},"excerpt":{"rendered":"<p>La s\u00e9lection alg\u00e9rienne de football, en qu\u00eate d\u2019une cinqui\u00e8me qualification \u00e0 la coupe du monde, sera fix\u00e9e mardi soir, \u00e0 18 h, sur ses adversaires du 2e tour des \u00e9liminatoires africaines pour le Mondial 2022 au Qatar, \u00e0 l\u2019issue du tirage au sort pr\u00e9vu dans la capitale \u00e9gyptienne, le Caire.L\u2019Alg\u00e9rie, au rang de championne d\u2019Afrique [&hellip;]<\/p>\n","protected":false},"author":1737,"featured_media":0,"comment_status":"closed","ping_status":"closed","sticky":false,"template":"","format":"standard","meta":{"fifu_image_url":"","fifu_image_alt":"","footnotes":""},"categories":[73,53],"tags":[],"class_list":["post-73616","post","type-post","status-publish","format-standard","hentry","category-actualite","category-algerie"],"_links":{"self":[{"href":"https:\/\/linitiative.ca\/International\/wp-json\/wp\/v2\/posts\/73616","targetHints":{"allow":["GET"]}}],"collection":[{"href":"https:\/\/linitiative.ca\/International\/wp-json\/wp\/v2\/posts"}],"about":[{"href":"https:\/\/linitiative.ca\/International\/wp-json\/wp\/v2\/types\/post"}],"author":[{"embeddable":true,"href":"https:\/\/linitiative.ca\/International\/wp-json\/wp\/v2\/users\/1737"}],"replies":[{"embeddable":true,"href":"https:\/\/linitiative.ca\/International\/wp-json\/wp\/v2\/comments?post=73616"}],"version-history":[{"count":0,"href":"https:\/\/linitiative.ca\/International\/wp-json\/wp\/v2\/posts\/73616\/revisions"}],"wp:attachment":[{"href":"https:\/\/linitiative.ca\/International\/wp-json\/wp\/v2\/media?parent=73616"}],"wp:term":[{"taxonomy":"category","embeddable":true,"href":"https:\/\/linitiative.ca\/International\/wp-json\/wp\/v2\/categories?post=73616"},{"taxonomy":"post_tag","embeddable":true,"href":"https:\/\/linitiative.ca\/International\/wp-json\/wp\/v2\/tags?post=73616"}],"curies":[{"name":"wp","href":"https:\/\/api.w.org\/{rel}","templated":true}]}}