{"id":73617,"date":"2020-01-20T04:07:43","date_gmt":"2020-01-20T09:07:43","guid":{"rendered":"https:\/\/linitiative.ca\/International\/me-leila-djerdjar-membre-du-collectif-de-defense-des-detenus-on-cherche-a-briser-le-hirak\/"},"modified":"2020-01-20T04:07:43","modified_gmt":"2020-01-20T09:07:43","slug":"me-leila-djerdjar-membre-du-collectif-de-defense-des-detenus-on-cherche-a-briser-le-hirak","status":"publish","type":"post","link":"https:\/\/linitiative.ca\/International\/me-leila-djerdjar-membre-du-collectif-de-defense-des-detenus-on-cherche-a-briser-le-hirak\/","title":{"rendered":"Me\u00a0Leila\u00a0Djerdjar. Membre du\u00a0collectif\u00a0de d\u00e9fense des d\u00e9tenus : \u00abOn cherche \u00e0 briser le hirak\u00bb"},"content":{"rendered":"<h4 class=\"title-14\"\/>\n<p class=\"p4\"><em><strong>\u2013 Une vingtaine de manifestants arr\u00eat\u00e9s vendredi dernier comparaissaient, hier, devant le procureur pr\u00e8s le tribunal de Sidi M\u2019hamed, au moment o\u00f9 le Pr\u00e9sident faisait part de sa volont\u00e9, via des personnalit\u00e9s qu\u2019il a re\u00e7ues, d\u2019engager des mesures d\u2019apaisement. Un commentaire ?<\/strong><\/em><\/p>\n<p class=\"p4\">Personnellement et avec tous mes confr\u00e8res, on n\u2019a pas compris \u00e0 quoi joue le r\u00e9gime. Parmi les 20 personnes arr\u00eat\u00e9es vendredi dernier, figuraient deux ex-d\u00e9tenus lib\u00e9r\u00e9s le 2 janvier. La plupart des manifestants qui comparaissaient ont \u00e9t\u00e9 arr\u00eat\u00e9s devant la mosqu\u00e9e Errahma d\u2019Alger. J\u2019ignore ce qui s\u2019est pass\u00e9.<\/p>\n<p class=\"p4\">Mais, selon des t\u00e9moignages, des policiers ont arr\u00eat\u00e9 de mani\u00e8re abusive des gens \u00e0 l\u2019int\u00e9rieur des salles de pri\u00e8re. Ils ont \u00e9t\u00e9 tous poursuivis pour \u00abincitation \u00e0 attroupement\u00bb alors qu\u2019ils ne se connaissaient pas. Certains ont \u00e9t\u00e9 arr\u00eat\u00e9s apr\u00e8s la pri\u00e8re et d\u2019autres vers 16h. Parmi les personnes arr\u00eat\u00e9es figure aussi un manifestant qui \u00e9tait en possession d\u2019un drapeau amazigh.<\/p>\n<p class=\"p4\">Je pense qu\u2019ils veulent dissuader les gens de continuer \u00e0 manifester, surtout les ex-d\u00e9tenus. Je pense qu\u2019il y a deux clans qui s\u2019affrontent au sujet du dossier des d\u00e9tenus. L\u2019un veut lib\u00e9rer les prisonniers, et l\u2019autre oppose son veto. Ils sont en train de chercher d\u2019autres m\u00e9thodes pour incarc\u00e9rer les gens. Je d\u00e9nonce ces pratiques. Pourquoi on arr\u00eate 20 personnes alors que c\u2019est tout le peuple qui a d\u00e9fil\u00e9 vendredi dernier\u00a0?<\/p>\n<p class=\"p4\"><em><strong>\u2013 Vendredi dernier, la police a cibl\u00e9 en particulier des cadres et des activistes connus pour leur engagement dans le hirak. Pensez-vous qu\u2019il y a une volont\u00e9 du r\u00e9gime de briser la mobilisation citoyenne\u00a0?<\/strong><\/em><\/p>\n<p class=\"p4\">Cette fois-ci, ils sont en train d\u2019arr\u00eater des personnes rassembleuses lors des manifestations. C\u2019est le cas, \u00e0 titre d\u2019exemple, du docteur Djamel-Eddine Oulmane. Le reste des personnes, je consid\u00e8re que c\u2019\u00e9tait une erreur. A travers ces proc\u00e9d\u00e9s, ils essaient co\u00fbte que co\u00fbte de briser le hirak en intensifiant la r\u00e9pression du mouvement populaire.<\/p>\n<p class=\"p4\">J\u2019ai \u00e9t\u00e9 moi-m\u00eame t\u00e9moin de sc\u00e8nes d\u2019arrestation par des policiers en civil, portant des jeans. On ne peut m\u00eame savoir s\u2019ils \u00e9taient des policiers. Personnellement, je les ai pris pour des voyous. C\u2019est \u00e0 peine croyable.<\/p>\n<p class=\"p4\"><em><strong>\u2013 Beaucoup consid\u00e8rent que les d\u00e9tenus politiques et d\u2019opinion sont pris en \u00abotages\u00bb par le r\u00e9gime dans le but d\u2019asseoir la feuille de route du Pr\u00e9sident, alors que d\u2019autres \u00e9voquent un moyen de chantage. Etes-vous de cet avis\u00a0?<\/strong><\/em><\/p>\n<p class=\"p4\">Effectivement,\u00a0ils ont maintenu en d\u00e9tention les prisonniers du hirak apr\u00e8s le scrutin pr\u00e9sidentiel du 12 janvier. D\u2019ailleurs, on a rien compris \u00e0 la mani\u00e8re avec laquelle ils ont lib\u00e9r\u00e9 76 d\u00e9tenus \u00e0 travers tout le pays le 2 janvier. C\u2019\u00e9taient des otages d\u00e8s le d\u00e9but alors qu\u2019ils ne devaient pas \u00eatre emprisonn\u00e9s, car leurs dossiers sont vides. Aujourd\u2019hui, tout le monde sait que la justice n\u2019est pas ind\u00e9pendante et ob\u00e9it aux ordres venus d\u2019en haut.<\/p>\n<p><span class=\"post-views-label\">Post Views:<\/span> <span class=\"post-views-count\">552<\/span><\/p>\n<p><br class=\"c2\"\/><\/p>\n<p>Auteur: Anis Khecheba<br \/>\n<a href=\"https:\/\/www.elwatan.com\/edition\/actualite\/on-cherche-a-briser-le-hirak-20-01-2020\">Cliquez ici pour lire l&rsquo;article depuis sa source.<\/a><\/p>\n","protected":false},"excerpt":{"rendered":"<p>\u2013 Une vingtaine de manifestants arr\u00eat\u00e9s vendredi dernier comparaissaient, hier, devant le procureur pr\u00e8s le tribunal de Sidi M\u2019hamed, au moment o\u00f9 le Pr\u00e9sident faisait part de sa volont\u00e9, via des personnalit\u00e9s qu\u2019il a re\u00e7ues, d\u2019engager des mesures d\u2019apaisement. Un commentaire ? Personnellement et avec tous mes confr\u00e8res, on n\u2019a pas compris \u00e0 quoi joue [&hellip;]<\/p>\n","protected":false},"author":1743,"featured_media":0,"comment_status":"closed","ping_status":"closed","sticky":false,"template":"","format":"standard","meta":{"fifu_image_url":"","fifu_image_alt":"","footnotes":""},"categories":[73,53],"tags":[],"class_list":["post-73617","post","type-post","status-publish","format-standard","hentry","category-actualite","category-algerie"],"_links":{"self":[{"href":"https:\/\/linitiative.ca\/International\/wp-json\/wp\/v2\/posts\/73617","targetHints":{"allow":["GET"]}}],"collection":[{"href":"https:\/\/linitiative.ca\/International\/wp-json\/wp\/v2\/posts"}],"about":[{"href":"https:\/\/linitiative.ca\/International\/wp-json\/wp\/v2\/types\/post"}],"author":[{"embeddable":true,"href":"https:\/\/linitiative.ca\/International\/wp-json\/wp\/v2\/users\/1743"}],"replies":[{"embeddable":true,"href":"https:\/\/linitiative.ca\/International\/wp-json\/wp\/v2\/comments?post=73617"}],"version-history":[{"count":0,"href":"https:\/\/linitiative.ca\/International\/wp-json\/wp\/v2\/posts\/73617\/revisions"}],"wp:attachment":[{"href":"https:\/\/linitiative.ca\/International\/wp-json\/wp\/v2\/media?parent=73617"}],"wp:term":[{"taxonomy":"category","embeddable":true,"href":"https:\/\/linitiative.ca\/International\/wp-json\/wp\/v2\/categories?post=73617"},{"taxonomy":"post_tag","embeddable":true,"href":"https:\/\/linitiative.ca\/International\/wp-json\/wp\/v2\/tags?post=73617"}],"curies":[{"name":"wp","href":"https:\/\/api.w.org\/{rel}","templated":true}]}}