{"id":73618,"date":"2020-01-20T04:08:59","date_gmt":"2020-01-20T09:08:59","guid":{"rendered":"https:\/\/linitiative.ca\/International\/liberte-provisoire-pour-20-manifestants\/"},"modified":"2020-01-20T04:08:59","modified_gmt":"2020-01-20T09:08:59","slug":"liberte-provisoire-pour-20-manifestants","status":"publish","type":"post","link":"https:\/\/linitiative.ca\/International\/liberte-provisoire-pour-20-manifestants\/","title":{"rendered":"Libert\u00e9 provisoire pour 20 manifestants"},"content":{"rendered":"<h4 class=\"title-14\">Arr\u00eat\u00e9s vendredi, ils ont \u00e9t\u00e9 jug\u00e9s en comparution imm\u00e9diate<\/h4>\n<div class=\"featured_image\"><img loading=\"lazy\" decoding=\"async\" width=\"1000\" height=\"741\" src=\"https:\/\/www.elwatan.com\/wp-content\/uploads\/2020\/01\/tribunal-col-h-lyes.gif\" class=\"attachment-post-thumbnail size-post-thumbnail wp-post-image\" alt=\"\"\/><\/div>\n<p class=\"p4\"><span class=\"s1\"><strong>Il \u00e9tait environ 9h lorsque des proches et amis des manifestants arr\u00eat\u00e9s ont pris place derri\u00e8re le tribunal de Sidi M\u2019hamed, rue de la Libert\u00e9, \u00e0 attendre sous une pluie battante l\u2019arriv\u00e9e des pr\u00e9venus.<\/strong><\/span><\/p>\n<p class=\"p4\"><span class=\"s1\"><strong>L<\/strong><\/span>\u2019attente \u00e9tait longue, tr\u00e8s longue, hier, au tribunal de Sidi M\u2019hamed, pour les familles des manifestants arr\u00eat\u00e9s vendredi dernier au cours du 48<sup>e<\/sup> vendredi du hirak. En tout, 20 personnes ont \u00e9t\u00e9 pr\u00e9sent\u00e9es devant le procureur de la R\u00e9publique avant de passer devant le juge en comparution imm\u00e9diate. La majorit\u00e9 d\u2019entre elles ont \u00e9t\u00e9 arr\u00eat\u00e9es pour \u00abattroupement et trouble \u00e0 l\u2019ordre public\u00bb.<\/p>\n<p class=\"p4\">\u00ab<em>On vient de passer devant le procureur\u00bb,<\/em> soupire l\u2019avocate Leila Djerdjar, interview\u00e9e peu avant 13h, \u00e0 la fin de l\u2019audition des pr\u00e9venus<em>. \u00abIl y a 20 personnes qui ont \u00e9t\u00e9 entendues. Elles ont \u00e9t\u00e9 dispatch\u00e9es en deux groupes\u00a0: 16 d\u2019entre elles figurent dans le m\u00eame dossier. Ces personnes ont \u00e9t\u00e9 arr\u00eat\u00e9es pour \u2018\u2018attroupement\u2019\u2019. La majorit\u00e9 d\u2019entre elles, on leur a dit v\u00e9rification de papiers, apr\u00e8s, on les a embarqu\u00e9es.<\/em><\/p>\n<p class=\"p4\"><em>Parmi les quatre autres, l\u2019un d\u2019eux, Lamri Mohamed, a \u00e9t\u00e9 ramen\u00e9 de la mosqu\u00e9e Errahma. Kamel Nemmiche du RAJ a \u00e9t\u00e9 appr\u00e9hend\u00e9 devant la Grande-Poste. Mokrane Laouchdi, \u00e9galement militant du RAJ, a \u00e9t\u00e9 embarqu\u00e9 pour possession de l\u2019embl\u00e8me amazigh. Quant au quatri\u00e8me, il s\u2019agit de R\u00e9da Bouarissa, il \u00e9tait sur le point de partir. Il fait partie des personnes lib\u00e9r\u00e9es le 2 janvier. Ils ont trouv\u00e9 dans sa poche des documents de RAJ, de Rachad et de Jil Jadid.<\/em>\u00bb<\/p>\n<p class=\"p4\">A noter que dans le cas de Mokrane Laouchdi, il n\u2019a pas d\u00e9ploy\u00e9 l\u2019embl\u00e8me amazigh, \u00ab<em>il \u00e9tait dans sa poche<\/em>\u00bb, t\u00e9moigne Hakim Addad. Pour ce qui est des quatre membres des gilets oranges, ces fameux m\u00e9diateurs incrust\u00e9s dans les manifs avec leurs gilets estampill\u00e9s \u00abSilmiya\u00bb, M<sup>e<\/sup> Djerdjar pr\u00e9cise\u00a0: \u00ab<em>Trois d\u2019entre eux se rendaient \u00e0 la mosqu\u00e9e.<\/em><\/p>\n<p class=\"p4\"><em>Ils ont crois\u00e9 un d\u00e9ficient mental qu\u2019ils ont l\u2019habitude de prendre en charge. Les policiers les ont d\u2019embl\u00e9e accus\u00e9s de \u2018\u2018tajamhor\u2019\u2019<\/em> (attroupement)<em>.\u00bb<\/em> Les charges cit\u00e9es paraissent, \u00e0 l\u2019\u00e9vidence, bien maigres, et les dossiers, comme toujours, vides. Cela autorisait M<sup>e<\/sup> Leila Djerdjar \u00e0 se montrer confiante pour la suite. <em>\u00abNormalement ils seront rel\u00e2ch\u00e9s<\/em>\u00bb, a-t-elle lanc\u00e9 dans un sourire.<\/p>\n<p class=\"p4\">Et c\u2019est ce qui s\u2019est produit au grand bonheur des familles. Il faut cependant pr\u00e9ciser que les pr\u00e9venus, jug\u00e9s, comme nous le disions, en comparution imm\u00e9diate dans l\u2019apr\u00e8s-midi d\u2019hier,\u00a0sont en libert\u00e9 provisoire. Leur proc\u00e8s est fix\u00e9 pour le 9 f\u00e9vrier prochain.<\/p>\n<p class=\"p8\"><strong>L\u2019attente infernale sous une pluie battante<\/strong><\/p>\n<p class=\"p7\">Il \u00e9tait environ 9h lorsque des proches et amis des manifestants arr\u00eat\u00e9s ont pris place derri\u00e8re le tribunal de Sidi M\u2019hamed, rue de la Libert\u00e9, \u00e0 attendre sous une pluie battante l\u2019arriv\u00e9e des pr\u00e9venus. Au froid s\u2019ajoutait l\u2019angoisse, la tristesse, l\u2019\u00e9puisement\u2026 Vers 9h40, un fourgon cellulaire s\u2019arr\u00eate pr\u00e8s de la porte arri\u00e8re du tribunal r\u00e9serv\u00e9e aux d\u00e9tenus.<\/p>\n<p class=\"p7\">Une dame sort son smartphone, tente de prendre une photo. Un policier l\u2019en emp\u00eache. <em>\u00abC\u2019est pour un souvenir\u00bb<\/em>, supplie-t-elle. Le policier en faction ne veut rien savoir. Il invite les familles \u00e0 rester sur le trottoir. Finalement, il s\u2019av\u00e8re qu\u2019aucun des manifestants embarqu\u00e9s vendredi ne se trouve dans le fourgon, et que les pr\u00e9venus avaient \u00e9t\u00e9 conduits au tribunal plus t\u00f4t dans la matin\u00e9e, \u00ab<em>vers 8h30<\/em>\u00bb, nous dit-on.<\/p>\n<p class=\"p7\">Sous les arcades de la rue Abane Ramdane, devant l\u2019entr\u00e9e principale du palais de justice, un brouhaha commence \u00e0 monter. Il s\u2019agit d\u2019un sit-in organis\u00e9 \u00e0 l\u2019appel du Comit\u00e9 national pour la lib\u00e9ration des d\u00e9tenus (CNLD). Parmi les pr\u00e9sents, Kaci Tansaout, figure de proue du CNLD, le d\u00e9put\u00e9 FFS Djamel Baloul, Mahmoud Rechidi du PST\u2026 Notons \u00e9galement la pr\u00e9sence de nombreux d\u00e9tenus politiques et d\u2019opinion fra\u00eechement lib\u00e9r\u00e9s\u00a0: Samira Messouci, Hakim Addad, Hmimi Bouider, Nabil Alloun\u2026<\/p>\n<p class=\"p7\"><strong>\u00abJe suis fier de mon fils\u00a0!\u00bb<\/strong><\/p>\n<p class=\"p7\">A un moment donn\u00e9, vers midi, des clameurs se font entendre. Des manifestants regroup\u00e9s rue de la Libert\u00e9 scandent\u00a0: \u00ab<em>Atalgou ouledna ya el haggarine<\/em>\u00a0<em>!\u00bb<\/em> (rel\u00e2chez nos enfants, oppresseurs), \u00ab<em>Lib\u00e9rez les otages, makache echantage\u00a0!<\/em>\u00bb \u00a0 \u00ab<em>Talbine el houriya, adala moustaquilla<\/em>\u00a0<em>!\u00bb<\/em> (On demande la libert\u00e9, une justice ind\u00e9pendante)\u2026<\/p>\n<p class=\"p7\">Un citoyen l\u00e2che\u00a0: \u00ab<em>Dans ce pays, il y a des cours et des tribunaux, mais il n\u2019y a pas de justice\u00a0!\u00bb<\/em> Dans le hall du tribunal, les familles sont \u00e0 l\u2019aff\u00fbt de la moindre nouvelle.<\/p>\n<p class=\"p7\">\u00ab<em>Mon fr\u00e8re a \u00e9t\u00e9 arr\u00eat\u00e9 vers 16h30, ce vendredi, \u00e0 proximit\u00e9 de la Grande-Poste. Ils lui ont reproch\u00e9 de dire : \u2018\u2018Dawla madania machi askaria\u2019\u2019 et de s\u2019en prendre \u00e0 Tebboune. Ils l\u2019ont conduit \u00e0 Baraki, ensuite \u00e0 Cavaignac\u00bb<\/em>, t\u00e9moigne la s\u0153ur de l\u2019un des pr\u00e9venus, Ahcene A\u00eft Ouarab. \u00ab<em>Apr\u00e8s, il a \u00e9t\u00e9 transf\u00e9r\u00e9 au commissariat de Bab El Oued.<\/em><\/p>\n<p class=\"p7\"><em>On a r\u00e9ussi \u00e0 le voir \u00e0 Cavaignac, mais \u00e0 Bab El Oued, ce n\u2019\u00e9tait pas possible. Ma m\u00e8re en \u00e9tait malade. Mes parents sont diab\u00e9tiques. C\u2019est une dure \u00e9preuve pour eux. Mon p\u00e8re au d\u00e9but a tenu le coup, il disait\u00a0: \u2018\u2018Je suis fier de mon fils. Apr\u00e8s tout, ce n\u2019est pas un voleur.\u2019\u2019 Mais ce matin, il a craqu\u00e9.<\/em>\u00bb<\/p>\n<p class=\"p7\">Mohamed Nemmiche, le p\u00e8re de Kamel Nemmiche, militant du RAJ et \u00e9lu FFS \u00e0 l\u2019APW de Bouira, affiche une extraordinaire s\u00e9r\u00e9nit\u00e9. <em>\u00abMon fils n\u2019a pas \u00e9t\u00e9 arr\u00eat\u00e9 pour avoir commis un vol ou un quelconque forfait. Notre maison a toujours \u00e9t\u00e9 un foyer de r\u00e9volutionnaires. Je n\u2019ai pas peur pour lui parce qu\u2019il n\u2019a ni vol\u00e9 ni trahi personne.<\/em><\/p>\n<p class=\"p7\"><em>Il milite pour le pays, pour les Alg\u00e9riens. Un homme qui n\u2019a pas fait de prison n\u2019est pas un homme<\/em>\u00bb, mart\u00e8le-t-il. Et de faire remarquer\u00a0: \u00ab<em>Mon fils sortira aujourd\u2019hui ou demain ou m\u00eame dans dix ans, le principal est qu\u2019il ne baisse jamais la t\u00eate et qu\u2019il reste debout<\/em>.\u00bb<\/p>\n<p class=\"p7\">Une citoyenne, architecte de son \u00e9tat, venue exprimer son soutien,\u00a0lance \u00e0 l\u2019adresse de Ammi Mohamed\u00a0: \u00ab<em>Vous devez \u00eatre fier de votre fils\u00a0!\u00bb<\/em> Et M.\u00a0Nemmiche de r\u00e9torquer avec conviction\u00a0: <em>\u00abEt je suis tr\u00e8s fier de lui\u00a0!<\/em>\u00bb Il ajoute, droit dans ses bottes\u00a0: <em>\u00abRien n\u2019arr\u00eatera le hirak !\u00bb<\/em><\/p>\n<p><span class=\"post-views-label\">Post Views:<\/span> <span class=\"post-views-count\">1\u00a0422<\/span><\/p>\n<p><br class=\"c2\"\/><\/p>\n<p>Auteur: Anis Khecheba<br \/>\n<a href=\"https:\/\/www.elwatan.com\/edition\/actualite\/liberte-provisoire-pour-20-manifestants-20-01-2020\">Cliquez ici pour lire l&rsquo;article depuis sa source.<\/a><\/p>\n","protected":false},"excerpt":{"rendered":"<p>Arr\u00eat\u00e9s vendredi, ils ont \u00e9t\u00e9 jug\u00e9s en comparution imm\u00e9diate Il \u00e9tait environ 9h lorsque des proches et amis des manifestants arr\u00eat\u00e9s ont pris place derri\u00e8re le tribunal de Sidi M\u2019hamed, rue de la Libert\u00e9, \u00e0 attendre sous une pluie battante l\u2019arriv\u00e9e des pr\u00e9venus. L\u2019attente \u00e9tait longue, tr\u00e8s longue, hier, au tribunal de Sidi M\u2019hamed, pour [&hellip;]<\/p>\n","protected":false},"author":1743,"featured_media":73619,"comment_status":"closed","ping_status":"closed","sticky":false,"template":"","format":"standard","meta":{"fifu_image_url":"","fifu_image_alt":"","footnotes":""},"categories":[73,53],"tags":[],"class_list":["post-73618","post","type-post","status-publish","format-standard","has-post-thumbnail","hentry","category-actualite","category-algerie"],"_links":{"self":[{"href":"https:\/\/linitiative.ca\/International\/wp-json\/wp\/v2\/posts\/73618","targetHints":{"allow":["GET"]}}],"collection":[{"href":"https:\/\/linitiative.ca\/International\/wp-json\/wp\/v2\/posts"}],"about":[{"href":"https:\/\/linitiative.ca\/International\/wp-json\/wp\/v2\/types\/post"}],"author":[{"embeddable":true,"href":"https:\/\/linitiative.ca\/International\/wp-json\/wp\/v2\/users\/1743"}],"replies":[{"embeddable":true,"href":"https:\/\/linitiative.ca\/International\/wp-json\/wp\/v2\/comments?post=73618"}],"version-history":[{"count":0,"href":"https:\/\/linitiative.ca\/International\/wp-json\/wp\/v2\/posts\/73618\/revisions"}],"wp:featuredmedia":[{"embeddable":true,"href":"https:\/\/linitiative.ca\/International\/wp-json\/"}],"wp:attachment":[{"href":"https:\/\/linitiative.ca\/International\/wp-json\/wp\/v2\/media?parent=73618"}],"wp:term":[{"taxonomy":"category","embeddable":true,"href":"https:\/\/linitiative.ca\/International\/wp-json\/wp\/v2\/categories?post=73618"},{"taxonomy":"post_tag","embeddable":true,"href":"https:\/\/linitiative.ca\/International\/wp-json\/wp\/v2\/tags?post=73618"}],"curies":[{"name":"wp","href":"https:\/\/api.w.org\/{rel}","templated":true}]}}