{"id":73624,"date":"2020-01-20T04:30:46","date_gmt":"2020-01-20T09:30:46","guid":{"rendered":"https:\/\/linitiative.ca\/International\/sommet-de-berlin-sur-la-libye-un-smig-pour-une-solution-politique\/"},"modified":"2020-01-20T04:30:46","modified_gmt":"2020-01-20T09:30:46","slug":"sommet-de-berlin-sur-la-libye-un-smig-pour-une-solution-politique","status":"publish","type":"post","link":"https:\/\/linitiative.ca\/International\/sommet-de-berlin-sur-la-libye-un-smig-pour-une-solution-politique\/","title":{"rendered":"Sommet de Berlin sur la Libye :\u00a0Un SMIG pour une solution politique"},"content":{"rendered":"<h4 class=\"title-14\"\/>\n<div class=\"featured_image\"><img loading=\"lazy\" decoding=\"async\" width=\"1200\" height=\"492\" src=\"https:\/\/www.elwatan.com\/wp-content\/uploads\/2020\/01\/UNEEEEE-3.gif\" class=\"attachment-post-thumbnail size-post-thumbnail wp-post-image\" alt=\"\"\/><\/div>\n<p class=\"p4\"><span class=\"s1\"><strong>La Libye fait l\u2019objet de rivalit\u00e9s entre plusieurs pays. Ces rivalit\u00e9s entre puissances r\u00e9gionales ont fait \u00e9voluer la crise libyenne en guerre par procuration qui menace aujourd\u2019hui de provoquer l\u2019\u00e9clatement de la Libye et de d\u00e9stabiliser toute la r\u00e9gion.<\/strong><\/span><\/p>\n<p class=\"p6\"><span class=\"s1\"><strong>L<\/strong><\/span><span class=\"s1\">a conf\u00e9rence de paix sur la Libye, plac\u00e9e sous l\u2019\u00e9gide de l\u2019ONU, dont les travaux se sont tenus hier \u00e0 Berlin en pr\u00e9sence d\u2019une dizaine de chefs d\u2019Etat, n\u2019est pas un succ\u00e8s retentissant dans la mesure o\u00f9 les principaux bellig\u00e9rants de la crise, les repr\u00e9sentants des gouvernements rivaux de Tripoli et de Tobrouk, ne se sont engag\u00e9s sur rien de pr\u00e9cis, exception faite de continuer \u00e0 respecter la tr\u00eave d\u00e9cr\u00e9t\u00e9e le 12 janvier. Mais cette \u00e9ventualit\u00e9 \u00e9tait attendue.<\/span><\/p>\n<p class=\"p6\"><span class=\"s1\">Il faudra certainement du temps et beaucoup de diplomatie avant de voir Fayez Al Sarraj, le chef du gouvernement d\u2019union nationale (GNA), reconnu par la communaut\u00e9 internationale et bas\u00e9 \u00e0 Tripoli, et Khalifa Hafar, l\u2019homme fort de l\u2019Est qui assi\u00e8ge la capitale libyenne depuis avril dernier afin d\u2019y prendre le pouvoir, se serrer la main.<\/span><\/p>\n<p class=\"p7\"><span class=\"s1\">Cette rencontre ne peut pas non plus \u00eatre consid\u00e9r\u00e9e comme un \u00e9chec, du moment qu\u2019elle s\u2019est termin\u00e9e par l\u2019adoption, par les responsables des pays participants, d\u2019une d\u00e9claration en plusieurs points qui, si elle venait \u00e0 \u00eatre appliqu\u00e9e, pourrait contribuer de mani\u00e8re consid\u00e9rable \u00e0 ramener la paix en Libye. Justement, l\u2019int\u00e9r\u00eat de cette conf\u00e9rence de Berlin est qu\u2019elle a r\u00e9ussi \u00e0 b\u00e2tir (\u00e0 nouveau) au niveau international une sorte de consensus ou de \u00absmig\u00bb autour de la n\u00e9cessit\u00e9 d\u2019arr\u00eater la guerre et de trouver sans plus attendre une solution politique \u00e0 la crise libyenne.<\/span><\/p>\n<p class=\"p7\"><span class=\"s1\">Ce smig n\u2019a pas \u00e9t\u00e9 facile \u00e0 obtenir, en raison des int\u00e9r\u00eats divergents de certains des participants \u00e0 la rencontre. Il s\u2019agit, par exemple, des Europ\u00e9ens et de la Turquie, dont les responsables n\u2019ont d\u2019ailleurs pas arr\u00eat\u00e9, tout au long de la conf\u00e9rence, de se lancer des piques. Les rivalit\u00e9s entre puissances ont fait \u00e9voluer la crise libyenne en guerre par procuration qui menace, aujourd\u2019hui, de provoquer l\u2019\u00e9clatement de la Libye et de d\u00e9stabiliser toute la r\u00e9gion. Cela, en plus du risque de voir le conflit s\u2019internationaliser.<\/span><\/p>\n<blockquote readability=\"67\">\n<p class=\"p8\"><strong><span class=\"s1\">Consolider la tr\u00eave<\/span><\/strong><\/p>\n<p class=\"p7\"><span class=\"s1\">Trois des principaux points de cette d\u00e9claration insistent, \u00e0 ce propos, clairement sur la n\u00e9cessit\u00e9 de consolider la tr\u00eave \u00e0 laquelle avaient appel\u00e9 la Russie et la Turquie et de d\u00e9sarmer les milices ou les int\u00e9grer dans les forces de s\u00e9curit\u00e9 nationale, tout en retirant des armes lourdes et des avions.<\/span><\/p>\n<p class=\"p7\"><span class=\"s1\">Concernant ce point pr\u00e9cis, le Premier ministre britannique, Boris Johnson, a indiqu\u00e9 que le Royaume-Uni pourrait envoyer <em>\u00abdes gens et des experts\u00bb<\/em> pour veiller au respect d\u2019un \u00e9ventuel cessez-le-feu.<\/span><\/p>\n<p class=\"p7\"><span class=\"s1\">La d\u00e9claration adopt\u00e9e a \u00e9voqu\u00e9 \u00e9galement un \u00e9change de prisonniers afin de restaurer la confiance entre les parties en conflit en vue de la reprise du dialogue inter-libyen.<\/span><\/p>\n<p class=\"p7\"><span class=\"s1\">Cette conf\u00e9rence, \u00e0 laquelle ont pris part les plus grands de ce monde (Allemagne, Russie, Etats-Unis, France, Royaume-Uni, Chine) ainsi que la Turquie, Egypte, Alg\u00e9rie, Emirats arabes unis, Congo-Brazzaville, a \u00e9galement exig\u00e9 le strict respect de l\u2019embargo sur les armes d\u00e9cr\u00e9t\u00e9 par l\u2019ONU en 2011, mais jusque-l\u00e0 largement viol\u00e9, et l\u2019arr\u00eat des ing\u00e9rences \u00e9trang\u00e8res multiples en Libye, o\u00f9 les affrontements se nourrissent d\u2019app\u00e9tits autour de ses importantes r\u00e9serves de p\u00e9trole, de rivalit\u00e9s politiques r\u00e9gionales et de jeux d\u2019influence.<\/span><\/p>\n<p class=\"p7\"><span class=\"s1\">En cela, les objectifs de l\u2019envoy\u00e9 sp\u00e9cial de l\u2019ONU pour la Libye, Ghassan Salam\u00e9, en convoquant cette conf\u00e9rence sont pratiquement atteints. Du moins sur le papier. Ce qui n\u2019est d\u00e9j\u00e0 pas peu. Le plus dur consistera n\u00e9anmoins maintenant pour lui d\u2019acter r\u00e9ellement une s\u00e9paration des deux camps rivaux et d\u2019obtenir concr\u00e8tement le repositionnement des armes lourdes.<\/span><\/p>\n<p class=\"p7\"><span class=\"s1\">Il devrait en outre acc\u00e9l\u00e9rer la r\u00e9unification des institutions. Autant dire que sa mission s\u2019annonce des plus rudes. Pour le moment, le mar\u00e9chal Haftar refuse de faire reculer ses troupes post\u00e9es aux portes de Tripoli, alors que Fayez Al Sarraj r\u00e9clame <em>\u00able d\u00e9ploiement d\u2019une force internationale\u00bb<\/em> pour prot\u00e9ger la population civile libyenne d\u2019\u00e9ventuels bombardements. Autan dire que c\u2019est toujours le dialogue de sourds entre les deux adversaires.<\/span><\/p>\n<p class=\"p7\"><span class=\"s1\">A quelques heures de la conf\u00e9rence de Berlin, les deux camps rivaux de ce pays se sont m\u00eame livr\u00e9s \u00e0 une course contre la montre pour r\u00e9aliser une sup\u00e9riorit\u00e9 sur le terrain.<\/span><\/p>\n<p class=\"p7\"><span class=\"s1\">Chaque partie cherche clairement \u00e0 renforcer ses positions en vue d\u2019une \u00e9ventuelle reprise des hostilit\u00e9s. Le moment est peut-\u00eatre venu pour les participants \u00e0 la conf\u00e9rence de Berlin de frapper du poing sur la table histoire, de prouver qu\u2019ils n\u2019\u00e9taient pas en Allemagne pour faire du tourisme et de brandir la menace de sanction dont ils ont parl\u00e9e. Autrement, rien ne se r\u00e9glera en Libye.<\/span><\/p>\n<\/blockquote>\n<p><span class=\"post-views-label\">Post Views:<\/span> <span class=\"post-views-count\">3\u00a0292<\/span><\/p>\n<p><br class=\"c2\"\/><\/p>\n<p>Auteur: Anis Khecheba<br \/>\n<a href=\"https:\/\/www.elwatan.com\/edition\/international\/conference-de-berlin-sur-la-libye-un-smig-pour-une-solution-politique-20-01-2020\">Cliquez ici pour lire l&rsquo;article depuis sa source.<\/a><\/p>\n","protected":false},"excerpt":{"rendered":"<p>La Libye fait l\u2019objet de rivalit\u00e9s entre plusieurs pays. Ces rivalit\u00e9s entre puissances r\u00e9gionales ont fait \u00e9voluer la crise libyenne en guerre par procuration qui menace aujourd\u2019hui de provoquer l\u2019\u00e9clatement de la Libye et de d\u00e9stabiliser toute la r\u00e9gion. La conf\u00e9rence de paix sur la Libye, plac\u00e9e sous l\u2019\u00e9gide de l\u2019ONU, dont les travaux se [&hellip;]<\/p>\n","protected":false},"author":1743,"featured_media":73625,"comment_status":"closed","ping_status":"closed","sticky":false,"template":"","format":"standard","meta":{"fifu_image_url":"","fifu_image_alt":"","footnotes":""},"categories":[73,53],"tags":[],"class_list":["post-73624","post","type-post","status-publish","format-standard","has-post-thumbnail","hentry","category-actualite","category-algerie"],"_links":{"self":[{"href":"https:\/\/linitiative.ca\/International\/wp-json\/wp\/v2\/posts\/73624","targetHints":{"allow":["GET"]}}],"collection":[{"href":"https:\/\/linitiative.ca\/International\/wp-json\/wp\/v2\/posts"}],"about":[{"href":"https:\/\/linitiative.ca\/International\/wp-json\/wp\/v2\/types\/post"}],"author":[{"embeddable":true,"href":"https:\/\/linitiative.ca\/International\/wp-json\/wp\/v2\/users\/1743"}],"replies":[{"embeddable":true,"href":"https:\/\/linitiative.ca\/International\/wp-json\/wp\/v2\/comments?post=73624"}],"version-history":[{"count":0,"href":"https:\/\/linitiative.ca\/International\/wp-json\/wp\/v2\/posts\/73624\/revisions"}],"wp:featuredmedia":[{"embeddable":true,"href":"https:\/\/linitiative.ca\/International\/wp-json\/"}],"wp:attachment":[{"href":"https:\/\/linitiative.ca\/International\/wp-json\/wp\/v2\/media?parent=73624"}],"wp:term":[{"taxonomy":"category","embeddable":true,"href":"https:\/\/linitiative.ca\/International\/wp-json\/wp\/v2\/categories?post=73624"},{"taxonomy":"post_tag","embeddable":true,"href":"https:\/\/linitiative.ca\/International\/wp-json\/wp\/v2\/tags?post=73624"}],"curies":[{"name":"wp","href":"https:\/\/api.w.org\/{rel}","templated":true}]}}