{"id":73626,"date":"2020-01-20T10:09:00","date_gmt":"2020-01-20T15:09:00","guid":{"rendered":"https:\/\/linitiative.ca\/International\/khadija-t-moalla-pour-une-plateforme-dunion-civique-et-citoyenne-en-tunisie\/"},"modified":"2020-01-20T10:09:00","modified_gmt":"2020-01-20T15:09:00","slug":"khadija-t-moalla-pour-une-plateforme-dunion-civique-et-citoyenne-en-tunisie","status":"publish","type":"post","link":"https:\/\/linitiative.ca\/International\/khadija-t-moalla-pour-une-plateforme-dunion-civique-et-citoyenne-en-tunisie\/","title":{"rendered":"Khadija T. Moalla: Pour une plateforme d\u2019union civique et citoyenne en Tunisie"},"content":{"rendered":"<p>Malgr\u00e9 la succession de plusieurs gouvernements ces neuf derni\u00e8res ann\u00e9es, la Tunisie n\u2019arrive pas \u00e0 rompre avec le mod\u00e8le \u00e9conomique de Ben Ali, m\u00eame si certains ont voulu donner l\u2019impression d\u2019avoir r\u00e9ussi une rupture politique. Plus que jamais, le pays est profond\u00e9ment divis\u00e9 entre le courant la\u00efc et d\u00e9mocrate, d\u2019un c\u00f4t\u00e9 et le courant islamiste qui a perdu, tout au long de cette d\u00e9cennie, son socle politique et social.<\/p>\n<p>Malgr\u00e9 elle, la Tunisie est sous l\u2019emprise, directe ou indirecte, des conflits et guerres qui ravagent, chaque jour un peu plus, les deux tiers des pays de la r\u00e9gion. Sans boussole, elle tournoie au gr\u00e9 des vents et semble ne plus savoir vers quel phare se diriger et son peuple ne sait plus dans quel port s\u2019abriter jusqu\u2019\u00e0 la fin de la temp\u00eate. En temps d\u2019orage \u00e9conomique, financier et s\u00e9curitaire, l\u2019amateurisme d\u2019aucun commandant de bord ne devrait \u00eatre permis. En acceptant d\u2019assumer la lourde responsabilit\u00e9 de gouverner, aucun droit \u00e0 l\u2019erreur ne devrait \u00eatre autoris\u00e9.<\/p>\n<p>Encore une fois, la Tunisie se retrouve au carrefour de son histoire. Les enjeux sont cruciaux : soit le pays sombre sous le joug islamiste r\u00e9gional qui va progressivement installer le pays sous le r\u00e9gime de la sharia ce qui sonnera le glas de nombreux droits et libert\u00e9s individuelles, soit la Tunisie r\u00e9ussi \u00e0 d\u00e9passer le cap et parvient \u00e0 s\u2019ancrer dans un courant la\u00efc et moderniste et parvient \u00e0 renouer avec la croissance et le d\u00e9veloppement. Notre peuple n\u2019a-t-il pas suffisamment souffert et ne m\u00e9rite-t-il pas de b\u00e9n\u00e9ficier de la deuxi\u00e8me alternative ?<\/p>\n<p>Il est de la responsabilit\u00e9 historique directe de tous les la\u00efcs et d\u00e9mocrates Tunisiens de s\u2019unir pour faire barrage \u00e0 la prise du pouvoir int\u00e9gral par la mouvance islamiste qui op\u00e8re au niveau r\u00e9gional et international, et plusieurs exemples sont devant nous, pour nous rappeler, quotidiennement, le gouffre dont ils n\u2019arrivent pas \u00e0 sortir.<br \/>Pour cela il est imp\u00e9ratif de constituer une plateforme culturelle, sociale, politique, \u00e9conomique, et g\u00e9ostrat\u00e9gique minimale \u00e0 partir de laquelle chacun pourra affiner ses objectifs partir de la vision commune. Cette plateforme minimale sera bas\u00e9e sur les principes suivants :<\/p>\n<p><span class=\"c2\"><strong>1-<\/strong><\/span> La\u00efcit\u00e9 :Incontournable car elle est la base pour toute soci\u00e9t\u00e9 qui pr\u00e9tend vouloir respecter les droits et libert\u00e9s au sein de l\u2019espace civique. L\u2019\u00e9galit\u00e9 entre tous les citoyens ne peut se mat\u00e9rialiser qu\u2019au sein de l\u2019espace civique seul capable de la garantir. En effet, personne ne peut, au nom de son id\u00e9ologie, religion, ou autre, imposer ses points de vue aux autres citoyens et priorit\u00e9 devra \u00eatre donn\u00e9e au respect des uns et des autres afin de permettre :la libert\u00e9 de conscience, l\u2019\u00e9galit\u00e9 des droits et l\u2019universalisme<span class=\"c2\"><sup><strong>(1)<\/strong><\/sup><\/span> .<\/p>\n<p><span class=\"c2\"><strong>2-<\/strong><\/span> Responsabilit\u00e9 : Il est crucial d\u2019op\u00e9rer un changement de paradigme dans l\u2019esprit, conscient et inconscient, des politiciens et futurs candidats afin qu\u2019ils comprennent que chaque pouvoir ou position impliquent une tr\u00e8s lourde responsabilit\u00e9. Comprendre qu\u2019assumer une position \u00e9quivaut \u00e0 une obligation de r\u00e9sultats et non de moyens, est vital afin que ne se porte candidat que les personnes capables d\u2019assumer cette responsabilit\u00e9. En parall\u00e8le, lutter contre l\u2019impunit\u00e9, qui va de pair avec cette responsabilit\u00e9. Un pays ne devrait se consid\u00e9rer d\u00e9velopp\u00e9 que le jour o\u00f9 il adopte une politique de z\u00e9ro tol\u00e9rance \u00e0 l\u2019impunit\u00e9 et \u00e0 la corruption.<\/p>\n<p><span class=\"c2\"><strong>3-<\/strong><\/span> Priorit\u00e9s transversales : Seront consid\u00e9r\u00e9es comme prioritaires les orientations suivantes :<\/p>\n<p class=\"c3\"><span class=\"c2\"><strong>\u2022<\/strong><\/span> La prise en compte de la dimension environnementale dans tous les domaines ;<\/p>\n<p class=\"c3\"><span class=\"c2\"><strong>\u2022<\/strong><\/span> La volont\u00e9 de r\u00e9gler les probl\u00e8mes des citoyens au jour le jour de mani\u00e8re concr\u00e8te et active ;<\/p>\n<p class=\"c3\"><span class=\"c2\"><strong>\u2022<\/strong><\/span> Redonner \u00e0 la science, au savoir et \u00e0 la technologie toute leur place ;<\/p>\n<p class=\"c3\"><span class=\"c2\"><strong>\u2022<\/strong><\/span> Faire revivre la d\u00e9mocratie au quotidien, dans les communes avec une d\u00e9centralisation effective et dot\u00e9e de moyens financiers ad\u00e9quats et avec des modes de consultation des citoyens en temps r\u00e9el par les moyens informatiques de consultation fiables et appropri\u00e9s.<\/p>\n<p class=\"c3\"><span class=\"c2\"><strong>\u2022<\/strong><\/span> Promouvoir le vivre ensemble sur des bases de solidarit\u00e9 : solidarit\u00e9 interg\u00e9n\u00e9rationnelle, solidarit\u00e9 inter r\u00e9gionale, solidarit\u00e9 entre les riches et les pauvres\u2026<\/p>\n<p>Aujourd\u2019hui, au-del\u00e0 du choix du chef du gouvernement, ce dont la Tunisie a vraiment besoin, c\u2019est d\u2019un projet de d\u00e9veloppement qui s\u2019ins\u00e8re dans le contexte \u00e9conomique et g\u00e9ostrat\u00e9gique r\u00e9gional et international actuel. En effet il ne suffit pas de choisir le meilleur chef d\u2019orchestre, encore faut-il qu\u2019il ait la meilleure symphonie \u2026<br \/>Un gouvernement compos\u00e9 d\u2019une dizaine des meilleures comp\u00e9tences nationales a parit\u00e9 \u00e9gale est plus que jamais n\u00e9cessaire suivant le mod\u00e8le des pays scandinaves. Chaque Ministre \u00e9tant \u00e0 la t\u00eate de 4 \u00e0 5 sous-minist\u00e8res, pr\u00e9sid\u00e9s par des directeurs g\u00e9n\u00e9raux assurant une tr\u00e8s grande synergie entre eux. Comptons sur nous-m\u00eames et suivons les exemples les plus r\u00e9ussis des d\u00e9mocraties actuelles, les pays qui sont premiers en \u00e9ducation telle que la Finlande, ou des pays avec des \u00e9quipes ex\u00e9cutives restreintes et assurant la meilleure gouvernance. Recentrons notre politique \u00e9trang\u00e8re sur nos int\u00e9r\u00eats dans l\u2019espace nord-africain et m\u00e9diterran\u00e9en avec une ouverture privil\u00e9gi\u00e9e sur l\u2019Afrique Subsaharienne.<\/p>\n<p>La situation \u00e9conomique est telle que nous ne devons plus nous permettre aucun gaspillage, bien au contraire. Pensons \u00e0 assurer le meilleur avenir \u00e0 notre pays, \u00e0 notre peuple et aux g\u00e9n\u00e9rations futures. Notre g\u00e9nie collectif en est capable et il l\u2019a prouv\u00e9 tellement de fois depuis des milliers d\u2019ann\u00e9es. Si nous tenons compte de toutes les solutions propos\u00e9es par tellement de nos comp\u00e9tences qui l\u2019ont \u00e9crit sous toutes les couleurs et publi\u00e9 sous toutes les formes, il y a de quoi d\u00e9velopper plusieurs pays et pas seulement le n\u00f4tre.<\/p>\n<p>Ma vaste exp\u00e9rience dans plus de 60 pays, dans les cinq continents, me permet de dire, sans aucun chauvinisme que s\u2019il y a un pays qui a une chance de r\u00e9ussir c\u2019est bien le n\u00f4tre, alors sortons de ce tunnel d\u2019\u00e9checs successifs et offrons au monde un exemple de r\u00e9ussite bas\u00e9 sur notre amour pour notre patrie et assumons la responsabilit\u00e9 de son d\u00e9veloppement et du bien-\u00eatre de son peuple !<\/p>\n<p class=\"c4\"><strong>Khadija T. Moalla<\/strong><\/p>\n<p class=\"c6\"><span class=\"c5\"><em>(1)<\/em><\/span> <a href=\"https:\/\/www.leaders.com.tn\/article\/23672-la-non-laicite-en-tunisie-principal-obstacle-au-developpement\" target=\"_blank\" rel=\"noopener noreferrer\"><span class=\"c5\"><em>La non-la\u00efcit\u00e9 en Tunisie: Principal obstacle au d\u00e9veloppement!<\/em><\/span><\/a><br \/>\u00a0<\/p>\n<p>Auteur:<br \/>\n<a href=\"https:\/\/www.leaders.com.tn\/article\/28915-khadija-t-moalla-pour-une-plateforme-d-union-civique-et-citoyenne-en-tunisie\">Cliquez ici pour lire l&rsquo;article depuis sa source.<\/a><\/p>\n","protected":false},"excerpt":{"rendered":"<p>Malgr\u00e9 la succession de plusieurs gouvernements ces neuf derni\u00e8res ann\u00e9es, la Tunisie n\u2019arrive pas \u00e0 rompre avec le mod\u00e8le \u00e9conomique de Ben Ali, m\u00eame si certains ont voulu donner l\u2019impression d\u2019avoir r\u00e9ussi une rupture politique. Plus que jamais, le pays est profond\u00e9ment divis\u00e9 entre le courant la\u00efc et d\u00e9mocrate, d\u2019un c\u00f4t\u00e9 et le courant islamiste [&hellip;]<\/p>\n","protected":false},"author":1772,"featured_media":0,"comment_status":"closed","ping_status":"closed","sticky":false,"template":"","format":"standard","meta":{"fifu_image_url":"","fifu_image_alt":"","footnotes":""},"categories":[73,55],"tags":[],"class_list":["post-73626","post","type-post","status-publish","format-standard","hentry","category-actualite","category-tunisie"],"_links":{"self":[{"href":"https:\/\/linitiative.ca\/International\/wp-json\/wp\/v2\/posts\/73626","targetHints":{"allow":["GET"]}}],"collection":[{"href":"https:\/\/linitiative.ca\/International\/wp-json\/wp\/v2\/posts"}],"about":[{"href":"https:\/\/linitiative.ca\/International\/wp-json\/wp\/v2\/types\/post"}],"author":[{"embeddable":true,"href":"https:\/\/linitiative.ca\/International\/wp-json\/wp\/v2\/users\/1772"}],"replies":[{"embeddable":true,"href":"https:\/\/linitiative.ca\/International\/wp-json\/wp\/v2\/comments?post=73626"}],"version-history":[{"count":0,"href":"https:\/\/linitiative.ca\/International\/wp-json\/wp\/v2\/posts\/73626\/revisions"}],"wp:attachment":[{"href":"https:\/\/linitiative.ca\/International\/wp-json\/wp\/v2\/media?parent=73626"}],"wp:term":[{"taxonomy":"category","embeddable":true,"href":"https:\/\/linitiative.ca\/International\/wp-json\/wp\/v2\/categories?post=73626"},{"taxonomy":"post_tag","embeddable":true,"href":"https:\/\/linitiative.ca\/International\/wp-json\/wp\/v2\/tags?post=73626"}],"curies":[{"name":"wp","href":"https:\/\/api.w.org\/{rel}","templated":true}]}}