{"id":73628,"date":"2020-01-20T13:38:00","date_gmt":"2020-01-20T18:38:00","guid":{"rendered":"https:\/\/linitiative.ca\/International\/les-inegalites-socio-economiques-dans-le-monde-au-coeur-du-forum-de-davos\/"},"modified":"2020-01-20T13:38:00","modified_gmt":"2020-01-20T18:38:00","slug":"les-inegalites-socio-economiques-dans-le-monde-au-coeur-du-forum-de-davos","status":"publish","type":"post","link":"https:\/\/linitiative.ca\/International\/les-inegalites-socio-economiques-dans-le-monde-au-coeur-du-forum-de-davos\/","title":{"rendered":"Les in\u00e9galit\u00e9s socio-\u00e9conomiques dans le monde au c\u0153ur du Forum de Davos"},"content":{"rendered":"<p>La r\u00e9union annuelle du Forum Economique Mondial (FEM)de 2020 se tiendra du 21 au 24 janvier \u00e0 Davos et\u00a0 s\u2019articulera autour de 7 th\u00e8mes majeurs. Le futur de la sant\u00e9, comment sauver la plan\u00e8te, la technologie pour le bien de tous, le futur du travail, au-del\u00e0 de la g\u00e9opolitique, un Business plus juste, des \u00e9conomies plus justes.Ce sont les probl\u00e9matiques annonc\u00e9es pour la R\u00e9union de cette ann\u00e9e, ax\u00e9e notamment sur les changements climatiques.La th\u00e9matique des in\u00e9galit\u00e9s mondiales, bien que r\u00e9currente, demeure \u00e9galement au centre des d\u00e9bats du Forum.<\/p>\n<p>Depuis quelques ann\u00e9es, le monde est en pleine gestation pour une r\u00e9invention du capitalisme, qui se voudra d\u00e9sormais plus social. Dans le Manifeste de Davos 2020, le FEM critique explicitementun \u00ab\u00a0capitalisme actionnarial\u00a0\u00bb \u00e0 l\u2019origine d\u2019in\u00e9galit\u00e9s socio-\u00e9conomiques pesantes. L\u2019ampleur des disparit\u00e9s \u00e9conomiquesest,avant tout,le r\u00e9sultat d\u2019une mauvaise r\u00e9partition de l\u2019argent.<\/p>\n<p>Ces in\u00e9galit\u00e9s des richesses entre les Nations (Nord-Sud), les personnes et les genres (homme-femme) battent aujourd\u2019hui des records et \u00e9chappent \u00e0 tout contr\u00f4le. En pr\u00e9paration au 50\u00e8me rendez-vous du Forum Economique Mondial de Davos, un document d\u2019information annuel r\u00e9alis\u00e9 par l\u2019ONG Oxfam, remet \u00e0 l\u2019ordre du jour la r\u00e9alit\u00e9 alarmiste des in\u00e9galit\u00e9s mondiales.\u00a0\u00a0<\/p>\n<h2>Des richesses d\u00e9mesur\u00e9es face \u00e0 une pauvret\u00e9 mondiale g\u00e9n\u00e9ralis\u00e9e<\/h2>\n<p>Ce rapport annuel sur les in\u00e9galit\u00e9s d\u00e9montre que la fortune d\u00e9tenue par uniquement 1% de la population mondiale, est deux fois sup\u00e9rieure aux richesses des quelques 6,9 milliards d\u2019individus peuplant la Terre!<\/p>\n<p>En 2019, le profond foss\u00e9 entre les tr\u00e8s riches et les plus pauvres n\u2019a cess\u00e9 de se creuser.<\/p>\n<p>Ainsi, les 2153 milliardaires au sommet de la pyramide \u00e9conomique disposent de plus d\u2019argent que 4,6 milliards personnes r\u00e9unies.<\/p>\n<p>Cette disproportion prouve une d\u00e9faillance des politiques \u00e9conomiques adopt\u00e9es \u00e0 travers le monde, marqu\u00e9es par l\u2019attribution d\u2019all\u00e8gements fiscaux consid\u00e9rables aux milliardaires.<\/p>\n<p>Ceci \u00e9tant,seulement 4 % de la fiscalit\u00e9 dans le monde provient de l\u2019imp\u00f4t fourni par l\u2019\u00e9lite fortun\u00e9e. Et tandis que les dividendes de ces riches actionnaires ont bondi de 31% entre 2011 et 2017, les salaires moyens (dans les pays du G7) n\u2019ont augment\u00e9 que de 3%.<\/p>\n<h2>In\u00e9galit\u00e9s sociales et sexistes<\/h2>\n<p>Du Chili \u00e0 l\u2019Allemagne, les mouvements sociaux occult\u00e9s en 2019 v\u00e9hiculent un malaise \u00e9conomique mondial g\u00e9n\u00e9ralis\u00e9.Car si pour l\u2019\u00e9lite minoritaire l\u2019argent \u00ab coule \u00e0 flots sans le moindre effort\u00bb \u00e0 raison de milliers de milliards de dollars, pr\u00e8s de la moiti\u00e9 de la population mondiale tente de survivre avec 5,50 dollars par jour (ou moins). D\u2019autant plus que les in\u00e9galit\u00e9s ind\u00e9centes des richesses sont accentu\u00e9es par une omerta mondiale remarquable. D\u2019apr\u00e8s des estimations de la Banque mondiale, l\u2019\u00e9lan de r\u00e9duction de la pauvret\u00e9 s\u2019est divis\u00e9 en deux depuis 2013, menant \u00e0 un clivage \u00e9conomique profond entre les personnes, les femmes \u00e9tant particuli\u00e8rement plus concern\u00e9es. Le rapport souligne que \u00ab les 22 hommes les plus fortun\u00e9s au monde poss\u00e8dent plus de richesses que l\u2019ensemble de la population f\u00e9minine d\u2019Afrique \u00bb&#8230;<\/p>\n<p>En effet, la distribution des richesses se veut aussi sexiste, les hommes d\u00e9tenant 50% de fortune de plus que les femmes. Dans un m\u00eame temps, c\u2019est les femmes et les filles qui se trouvent \u00e0 la base de l\u2019\u00e9conomie, et elle sont largement plus sujettes \u00e0 l\u2019emploi non ou peu r\u00e9mun\u00e9r\u00e9. D\u2019ailleurs, \u00ab les femmes sont en premi\u00e8re ligne des in\u00e9galit\u00e9s \u00e0 cause d\u2019un syst\u00e8me \u00e9conomique qui les discrimine et les cantonne dans les m\u00e9tiers les plus pr\u00e9caires et les moins r\u00e9mun\u00e9r\u00e9s, \u00e0 commencer par le secteur du soin \u00bb<\/p>\n<p>Face \u00e0 un syst\u00e8me international en crise, \u00ab r\u00e9orienter les priorit\u00e9s \u00e9conomiques \u00bb est une urgence r\u00e9elle pour les politiques et les gouvernements \u00e9tablis \u00e0 travers le monde. Seul l\u2019investissement en faveur d\u2019une \u00e9conomie humaine et f\u00e9ministe participera \u00e0 r\u00e9duire les in\u00e9galit\u00e9s des richesses dans le monde. \u00ab Les gouvernements et les entreprises doivent prendre des mesures pour privil\u00e9gier le bien-\u00eatre de l\u2019ensemble des citoyen-ne-s au lieu d\u2019encourager une croissance et des profits d\u00e9brid\u00e9s. Cela permettra d\u2019\u00e9viter un monde qui ne r\u00e9pond qu\u2019aux besoins d\u2019une minorit\u00e9 de privil\u00e9gi\u00e9-e-s et expose des millions de personnes \u00e0 la pauvret\u00e9. \u00bb<br \/>\u00a0<\/p>\n<p>Auteur:<br \/>\n<a href=\"https:\/\/www.leaders.com.tn\/article\/28922-les-inegalites-socio-economiques-dans-le-monde-au-coeur-du-forum-de-davos\">Cliquez ici pour lire l&rsquo;article depuis sa source.<\/a><\/p>\n","protected":false},"excerpt":{"rendered":"<p>La r\u00e9union annuelle du Forum Economique Mondial (FEM)de 2020 se tiendra du 21 au 24 janvier \u00e0 Davos et\u00a0 s\u2019articulera autour de 7 th\u00e8mes majeurs. Le futur de la sant\u00e9, comment sauver la plan\u00e8te, la technologie pour le bien de tous, le futur du travail, au-del\u00e0 de la g\u00e9opolitique, un Business plus juste, des \u00e9conomies [&hellip;]<\/p>\n","protected":false},"author":1772,"featured_media":0,"comment_status":"closed","ping_status":"closed","sticky":false,"template":"","format":"standard","meta":{"fifu_image_url":"","fifu_image_alt":"","footnotes":""},"categories":[73,55],"tags":[],"class_list":["post-73628","post","type-post","status-publish","format-standard","hentry","category-actualite","category-tunisie"],"_links":{"self":[{"href":"https:\/\/linitiative.ca\/International\/wp-json\/wp\/v2\/posts\/73628","targetHints":{"allow":["GET"]}}],"collection":[{"href":"https:\/\/linitiative.ca\/International\/wp-json\/wp\/v2\/posts"}],"about":[{"href":"https:\/\/linitiative.ca\/International\/wp-json\/wp\/v2\/types\/post"}],"author":[{"embeddable":true,"href":"https:\/\/linitiative.ca\/International\/wp-json\/wp\/v2\/users\/1772"}],"replies":[{"embeddable":true,"href":"https:\/\/linitiative.ca\/International\/wp-json\/wp\/v2\/comments?post=73628"}],"version-history":[{"count":0,"href":"https:\/\/linitiative.ca\/International\/wp-json\/wp\/v2\/posts\/73628\/revisions"}],"wp:attachment":[{"href":"https:\/\/linitiative.ca\/International\/wp-json\/wp\/v2\/media?parent=73628"}],"wp:term":[{"taxonomy":"category","embeddable":true,"href":"https:\/\/linitiative.ca\/International\/wp-json\/wp\/v2\/categories?post=73628"},{"taxonomy":"post_tag","embeddable":true,"href":"https:\/\/linitiative.ca\/International\/wp-json\/wp\/v2\/tags?post=73628"}],"curies":[{"name":"wp","href":"https:\/\/api.w.org\/{rel}","templated":true}]}}