{"id":73630,"date":"2020-01-20T15:00:00","date_gmt":"2020-01-20T20:00:00","guid":{"rendered":"https:\/\/linitiative.ca\/International\/pourquoi-elyes-fakhfakh-a-ete-choisi-par-kaies-saied-pour-former-le-nouveau-gouvernement\/"},"modified":"2020-01-20T15:00:00","modified_gmt":"2020-01-20T20:00:00","slug":"pourquoi-elyes-fakhfakh-a-ete-choisi-par-kaies-saied-pour-former-le-nouveau-gouvernement","status":"publish","type":"post","link":"https:\/\/linitiative.ca\/International\/pourquoi-elyes-fakhfakh-a-ete-choisi-par-kaies-saied-pour-former-le-nouveau-gouvernement\/","title":{"rendered":"Pourquoi Ely\u00e8s Fakhfakh a \u00e9t\u00e9 choisi par Kaies Saied pour former le nouveau gouvernement"},"content":{"rendered":"<p>Surprise, surprise ! Le candidat qui a remport\u00e9 la pr\u00e9sidentielle, porte son choix pour former le nouveau gouvernement sur son \u00ab meilleur comp\u00e9titeur \u00bb. Au terme d\u2019intenses consultations, le pr\u00e9sident de la R\u00e9publique Kais Saied a finalement s\u00e9lectionn\u00e9 Ely\u00e8s Fakhfakh, 47 ans, pour le charger de constituer le futur gouvernement. L\u2019avortement du gouvernement Habib Jemli qui n\u2019a pu obtenir l\u2019aval du parlement a laiss\u00e9 au chef de l\u2019Etat de d\u00e9signer lui-m\u00eame \u00ab la personnalit\u00e9 la plus \u00e0 m\u00eame d\u2019y parvenir \u00bb. Propos\u00e9 par Tahya Tounes et soutenu par Ettayar, Fakhfakh a rafl\u00e9 la mise.<\/p>\n<p>Tr\u00e8s actif au sein d\u2019Ettakatol d\u00e8s le lendemain de la r\u00e9volution, il a \u00e9t\u00e9 nomm\u00e9 sous la Tro\u00efka, en d\u00e9cembre 2011, ministre du Tourisme, dans le gouvernement de Hamadi Jebali. Un an apr\u00e8s, il passera ministre des Finances, en mars 2013, dans le gouvernement d\u2019Ali Laarayedh et restera en poste jusqu\u2019au d\u00e9but 2014. Depuis lors, il est revenu au secteur priv\u00e9 \u00e0 la t\u00eate d\u2019entreprises d\u2019un grand groupe tunisien.<\/p>\n<h2>L&rsquo;alchimie personnelle en plus<\/h2>\n<p>D\u00e9but 2019, Ely\u00e8s Fakhfakh a r\u00e9activ\u00e9 son action au sein du parti Ettakatol, puis s\u2019est port\u00e9 candidat \u00e0 l\u2019\u00e9lection pr\u00e9sidentielle. Bien qu\u2019il n\u2019y avait remport\u00e9 que 0,34 % des voix (class\u00e9 16\u00e8me sur les 26 candidats en lice), il avait fait bonne impression. Par la pertinence de son programme, la clart\u00e9 de ses propos, et sa p\u00e9dagogie, il avait men\u00e9 une bonne campagne, sans parvenir cependant \u00e0 convertir l\u2019adh\u00e9sion recueillie en suffrages probants. Kais Saied l\u2019avait remarqu\u00e9 \u00e0 l\u2019\u00e9poque et appr\u00e9ci\u00e9 ses prestations. Lors du casting op\u00e9r\u00e9, s\u2019\u00e9tendant en interview face-to-face, \u00e0 nombre de candidats (Fadhel Abdelk\u00e9fi, Hakim Ben Hammouda, etc.), Ely\u00e8s Fakhfakh semble l\u2019avoir le plus convaincu, n\u2019en d\u00e9plaise \u00e0 ses d\u00e9tracteurs.<\/p>\n<p>Difficilement pr\u00e9visible dans ses d\u00e9cisions, Kais Saied a certainement arbitr\u00e9 en faveur de crit\u00e8res qu\u2019il juge essentiels : un jeune quadra, ing\u00e9nieur de formation, chef d\u2019entreprise en Tunisie et \u00e0 l\u2019\u00e9tranger, ancien ministre apr\u00e8s la r\u00e9volution, au Tourisme et aux Finances, consensuel, sans \u00eatre trop marqu\u00e9 par une appartenance partisane dominante. L\u2019alchimie personnelle peut s\u2019ajouter \u00e0 tous ces crit\u00e8res.<\/p>\n<p>Le plus dur ne fait que commencer pour Ely\u00e8s Fakhfakh. Comment parviendra-t-il \u00e0 adouber les partis et blocs parlementaires qui ont r\u00e9cus\u00e9 sa candidature ? La recherche de nouveaux deals s\u2019engage dans un nouveau round de consultations, de compromis, d\u2019architecture et constitution de l\u2019\u00e9quipe. En trente jours, tout doit \u00eatre boucl\u00e9, investiture de l\u2019ARP obtenue, serment pr\u00eat\u00e9, passation effectu\u00e9e et mise en selle. Le time-line n\u2019est pas aussi plat et lin\u00e9aire qu\u2019on le pense. Des embuches, des surprises, et des batailles \u00e0 gagner pour m\u00e9riter la Kasbah&#8230;<\/p>\n<h2>Qui est Ely\u00e8s Fakhfakh<\/h2>\n<p>N\u00e9 \u00e0 Tunis en 1972, aligne une double formation d\u2019ing\u00e9nieur et de sp\u00e9cialiste en management des hommes et des organisations, ainsi qu\u2019une longue exp\u00e9rience internationale dans de grands groupes. A 27 ans, Ely\u00e8s Fakhfakh entame sa carri\u00e8re professionnelle au sein du Groupe TOTAL o\u00f9 il sera amen\u00e9 \u00e0 effectuer des missions dans une cinquantaine de sites industriels du Groupe, en Europe, en Am\u00e9rique et en Asie afin d\u2019y r\u00e9soudre des probl\u00e9matiques techniques et organisationnelles complexes. En 2004, il sera affect\u00e9 en Pologne en tant que directeur des op\u00e9rations d\u2019un nouveau site industriel en pleine croissance.<\/p>\n<p>De retour en Tunisie en 2006, fort de cette exp\u00e9rience internationale, il prendra la Direction G\u00e9n\u00e9rale d\u2019une soci\u00e9t\u00e9 industrielle tunisienne totalement exportatrice dans le secteur des composants automobiles, appartenant \u00e0 un grand groupe op\u00e9rant \u00e9galement dans le secteur h\u00f4telier et disposant de nombreuses implantations \u00e0 l\u2019\u00e9tranger. Apr\u00e8s trois plans de mise \u00e0 niveau successifs pour atteindre le niveau des standards internationaux et occuper la quatri\u00e8me place Europ\u00e9enne, il engage la soci\u00e9t\u00e9 dans une d\u00e9marche de d\u00e9veloppement international faisant de cette PME Tunisienne d\u2019hier, un Groupe international visant la place du leader mondial dans son secteur, avec un site en Espagne, un deuxi\u00e8me en cours de construction en Chine et bient\u00f4t d\u2019autres sites en Chine et en Inde.<\/p>\n<p>Tout au long de son parcours, Ely\u00e8s Fakhfakh s\u2019est concentr\u00e9 sur les probl\u00e9matiques de mise \u00e0 niveau, de restructuration financi\u00e8re et de red\u00e9ploiement marketing, \u00e0 partir d\u2019un leadership affirm\u00e9, d\u2019une vision globale innovante, de fixation d\u2019objectifs pr\u00e9cis et d\u2019un suivi rigoureux.<br \/>\u00a0<\/p>\n<p>Auteur:<br \/>\n<a href=\"https:\/\/www.leaders.com.tn\/article\/28920-qui-est-elyes-fakhfakh-le-nouveau-chef-du-gouvernement\">Cliquez ici pour lire l&rsquo;article depuis sa source.<\/a><\/p>\n","protected":false},"excerpt":{"rendered":"<p>Surprise, surprise ! Le candidat qui a remport\u00e9 la pr\u00e9sidentielle, porte son choix pour former le nouveau gouvernement sur son \u00ab meilleur comp\u00e9titeur \u00bb. Au terme d\u2019intenses consultations, le pr\u00e9sident de la R\u00e9publique Kais Saied a finalement s\u00e9lectionn\u00e9 Ely\u00e8s Fakhfakh, 47 ans, pour le charger de constituer le futur gouvernement. L\u2019avortement du gouvernement Habib Jemli [&hellip;]<\/p>\n","protected":false},"author":1772,"featured_media":0,"comment_status":"closed","ping_status":"closed","sticky":false,"template":"","format":"standard","meta":{"fifu_image_url":"","fifu_image_alt":"","footnotes":""},"categories":[73,55],"tags":[],"class_list":["post-73630","post","type-post","status-publish","format-standard","hentry","category-actualite","category-tunisie"],"_links":{"self":[{"href":"https:\/\/linitiative.ca\/International\/wp-json\/wp\/v2\/posts\/73630","targetHints":{"allow":["GET"]}}],"collection":[{"href":"https:\/\/linitiative.ca\/International\/wp-json\/wp\/v2\/posts"}],"about":[{"href":"https:\/\/linitiative.ca\/International\/wp-json\/wp\/v2\/types\/post"}],"author":[{"embeddable":true,"href":"https:\/\/linitiative.ca\/International\/wp-json\/wp\/v2\/users\/1772"}],"replies":[{"embeddable":true,"href":"https:\/\/linitiative.ca\/International\/wp-json\/wp\/v2\/comments?post=73630"}],"version-history":[{"count":0,"href":"https:\/\/linitiative.ca\/International\/wp-json\/wp\/v2\/posts\/73630\/revisions"}],"wp:attachment":[{"href":"https:\/\/linitiative.ca\/International\/wp-json\/wp\/v2\/media?parent=73630"}],"wp:term":[{"taxonomy":"category","embeddable":true,"href":"https:\/\/linitiative.ca\/International\/wp-json\/wp\/v2\/categories?post=73630"},{"taxonomy":"post_tag","embeddable":true,"href":"https:\/\/linitiative.ca\/International\/wp-json\/wp\/v2\/tags?post=73630"}],"curies":[{"name":"wp","href":"https:\/\/api.w.org\/{rel}","templated":true}]}}