{"id":73632,"date":"2020-01-20T13:46:58","date_gmt":"2020-01-20T18:46:58","guid":{"rendered":"https:\/\/linitiative.ca\/International\/tunisie-la-commission-parlementaire-denquete-sur-laccident-damdoun-epingle-les-autorites\/"},"modified":"2020-01-20T13:46:58","modified_gmt":"2020-01-20T18:46:58","slug":"tunisie-la-commission-parlementaire-denquete-sur-laccident-damdoun-epingle-les-autorites","status":"publish","type":"post","link":"https:\/\/linitiative.ca\/International\/tunisie-la-commission-parlementaire-denquete-sur-laccident-damdoun-epingle-les-autorites\/","title":{"rendered":"Tunisie \u2013 La commission parlementaire d\u2019enqu\u00eate sur l\u2019accident d\u2019Amdoun \u00e9pingle les autorit\u00e9s"},"content":{"rendered":"<div class=\"post-cont-in left relative\">\n<p>La commission parlementaire d\u2019enqu\u00eate sur l\u2019accident de bus de Amdoun, pr\u00e9sid\u00e9e par la d\u00e9put\u00e9e Sa\u00efda Lounissi, a proc\u00e9d\u00e9, ce lundi, \u00e0 l\u2019audition des familles des victimes.<\/p>\n<div class=\"code-block code-block-1 c3\"><ins class=\"adsbygoogle c2\" data-ad-layout=\"in-article\" data-ad-format=\"fluid\" data-ad-client=\"ca-pub-2102118777505746\" data-ad-slot=\"7301775417\"\/> <\/div>\n<p>A l\u2019issue de la s\u00e9ance, Lounissi a fait remarquer que les d\u00e9clarations des autorit\u00e9s et celles des familles de victimes \u00e9taient contradictoires. Elle a accus\u00e9 les services d\u2019intervention de l\u2019Etat d\u2019avoir failli \u00e0 leur devoir.<\/p>\n<p>Lounissi a pr\u00e9cis\u00e9 que les victimes de l\u2019accident et leurs proches n\u2019ont pas profit\u00e9 d\u2019un soutien psychologique ad\u00e9quat\u00a0!!!<\/p>\n<div class=\"swp_social_panel swp_horizontal_panel swp_flat_fresh swp_default_full_color swp_individual_full_color swp_other_full_color scale-100 scale-\" data-min-width=\"1100\" data-float-color=\"#ffffff\" data-float=\"bottom\" data-float-mobile=\"bottom\" data-transition=\"slide\">\n<div class=\"nc_tweetContainer swp_share_button total_shares total_sharesalt\"><span class=\"swp_count\">13 <span class=\"swp_label\">Partages<\/span><\/span><\/div>\n<\/div>\n<p><strong>Que se passe-t-il en Tunisie?<\/strong><br \/>Nous expliquons sur notre <a href=\"https:\/\/www.youtube.com\/channel\/UCRzypVq0B_yBad5eGrwBx0Q?sub_confirmation=1\" target=\"_blank\" rel=\"noopener noreferrer\">cha\u00eene YouTube<\/a> . <a href=\"https:\/\/www.youtube.com\/channel\/UCRzypVq0B_yBad5eGrwBx0Q?sub_confirmation=1\" target=\"_blank\" rel=\"noopener noreferrer\">Abonnez-vous!<\/a><\/p>\n<div class=\"mvp-org-wrap mvp-org-logo\" itemprop=\"publisher\" itemscope=\"\" itemtype=\"https:\/\/schema.org\/Organization\"><img decoding=\"async\" src=\"https:\/\/www.tunisienumerique.com\/wp-content\/uploads\/2017\/02\/logo_tunisie_numerique.png\"\/><\/div>\n<div class=\"mvp-related-posts left relative\">\n<h4 class=\"post-header\"><span class=\"post-header\">Lire aussi<\/span><\/h4>\n<\/div>\n<\/div>\n<p>Auteur: LM<br \/>\n<a href=\"https:\/\/www.tunisienumerique.com\/tunisie-la-commission-parlementaire-denquete-sur-laccident-damdoun-epingle-les-autorites\/\">Cliquez ici pour lire l&rsquo;article depuis sa source.<\/a><\/p>\n","protected":false},"excerpt":{"rendered":"<p>La commission parlementaire d\u2019enqu\u00eate sur l\u2019accident de bus de Amdoun, pr\u00e9sid\u00e9e par la d\u00e9put\u00e9e Sa\u00efda Lounissi, a proc\u00e9d\u00e9, ce lundi, \u00e0 l\u2019audition des familles des victimes. A l\u2019issue de la s\u00e9ance, Lounissi a fait remarquer que les d\u00e9clarations des autorit\u00e9s et celles des familles de victimes \u00e9taient contradictoires. Elle a accus\u00e9 les services d\u2019intervention de [&hellip;]<\/p>\n","protected":false},"author":1789,"featured_media":73633,"comment_status":"closed","ping_status":"closed","sticky":false,"template":"","format":"standard","meta":{"fifu_image_url":"","fifu_image_alt":"","footnotes":""},"categories":[73,55],"tags":[],"class_list":["post-73632","post","type-post","status-publish","format-standard","has-post-thumbnail","hentry","category-actualite","category-tunisie"],"_links":{"self":[{"href":"https:\/\/linitiative.ca\/International\/wp-json\/wp\/v2\/posts\/73632","targetHints":{"allow":["GET"]}}],"collection":[{"href":"https:\/\/linitiative.ca\/International\/wp-json\/wp\/v2\/posts"}],"about":[{"href":"https:\/\/linitiative.ca\/International\/wp-json\/wp\/v2\/types\/post"}],"author":[{"embeddable":true,"href":"https:\/\/linitiative.ca\/International\/wp-json\/wp\/v2\/users\/1789"}],"replies":[{"embeddable":true,"href":"https:\/\/linitiative.ca\/International\/wp-json\/wp\/v2\/comments?post=73632"}],"version-history":[{"count":0,"href":"https:\/\/linitiative.ca\/International\/wp-json\/wp\/v2\/posts\/73632\/revisions"}],"wp:featuredmedia":[{"embeddable":true,"href":"https:\/\/linitiative.ca\/International\/wp-json\/"}],"wp:attachment":[{"href":"https:\/\/linitiative.ca\/International\/wp-json\/wp\/v2\/media?parent=73632"}],"wp:term":[{"taxonomy":"category","embeddable":true,"href":"https:\/\/linitiative.ca\/International\/wp-json\/wp\/v2\/categories?post=73632"},{"taxonomy":"post_tag","embeddable":true,"href":"https:\/\/linitiative.ca\/International\/wp-json\/wp\/v2\/tags?post=73632"}],"curies":[{"name":"wp","href":"https:\/\/api.w.org\/{rel}","templated":true}]}}