{"id":73634,"date":"2020-01-20T14:09:36","date_gmt":"2020-01-20T19:09:36","guid":{"rendered":"https:\/\/linitiative.ca\/International\/libye-des-miliciens-syriens-sinstallent-dans-un-camp-sur-la-frontiere-avec-la-tunisie\/"},"modified":"2020-01-20T14:09:36","modified_gmt":"2020-01-20T19:09:36","slug":"libye-des-miliciens-syriens-sinstallent-dans-un-camp-sur-la-frontiere-avec-la-tunisie","status":"publish","type":"post","link":"https:\/\/linitiative.ca\/International\/libye-des-miliciens-syriens-sinstallent-dans-un-camp-sur-la-frontiere-avec-la-tunisie\/","title":{"rendered":"Libye : Des miliciens syriens s\u2019installent dans un camp sur la fronti\u00e8re avec la Tunisie"},"content":{"rendered":"<div class=\"post-cont-in left relative\">\n<p>Des sources bien inform\u00e9es ont annonc\u00e9 \u00e0 la correspondante de Tunisienumerique \u00e0 Ben Guerdene qu\u2019une cinquantaine de miliciens syriens, arriv\u00e9s r\u00e9cemment en Libye, se sont \u00e9tablis dans un camp d\u2019entrainement. Il s\u2019agit du chantier d\u00e9saffect\u00e9 d\u2019une soci\u00e9t\u00e9 chinoise qui se situe \u00e0 quelques encablures des fronti\u00e8res tunisiennes.<\/p>\n<div class=\"code-block code-block-1 c3\"><ins class=\"adsbygoogle c2\" data-ad-layout=\"in-article\" data-ad-format=\"fluid\" data-ad-client=\"ca-pub-2102118777505746\" data-ad-slot=\"7301775417\"\/> <\/div>\n<div class=\"swp_social_panel swp_horizontal_panel swp_flat_fresh swp_default_full_color swp_individual_full_color swp_other_full_color scale-100 scale-\" data-min-width=\"1100\" data-float-color=\"#ffffff\" data-float=\"bottom\" data-float-mobile=\"bottom\" data-transition=\"slide\">\n<div class=\"nc_tweetContainer swp_share_button total_shares total_sharesalt\"><span class=\"swp_count\">243 <span class=\"swp_label\">Partages<\/span><\/span><\/div>\n<\/div>\n<p><strong>Que se passe-t-il en Tunisie?<\/strong><br \/>Nous expliquons sur notre <a href=\"https:\/\/www.youtube.com\/channel\/UCRzypVq0B_yBad5eGrwBx0Q?sub_confirmation=1\" target=\"_blank\" rel=\"noopener noreferrer\">cha\u00eene YouTube<\/a> . <a href=\"https:\/\/www.youtube.com\/channel\/UCRzypVq0B_yBad5eGrwBx0Q?sub_confirmation=1\" target=\"_blank\" rel=\"noopener noreferrer\">Abonnez-vous!<\/a><\/p>\n<div class=\"mvp-org-wrap mvp-org-logo\" itemprop=\"publisher\" itemscope=\"\" itemtype=\"https:\/\/schema.org\/Organization\"><img decoding=\"async\" src=\"https:\/\/www.tunisienumerique.com\/wp-content\/uploads\/2017\/02\/logo_tunisie_numerique.png\"\/><\/div>\n<div class=\"mvp-related-posts left relative\">\n<h4 class=\"post-header\"><span class=\"post-header\">Lire aussi<\/span><\/h4>\n<\/div>\n<\/div>\n<p>Auteur: LM<br \/>\n<a href=\"https:\/\/www.tunisienumerique.com\/libye-des-miliciens-syriens-sinstallent-dans-un-camp-sur-la-frontiere-avec-la-tunisie\/\">Cliquez ici pour lire l&rsquo;article depuis sa source.<\/a><\/p>\n","protected":false},"excerpt":{"rendered":"<p>Des sources bien inform\u00e9es ont annonc\u00e9 \u00e0 la correspondante de Tunisienumerique \u00e0 Ben Guerdene qu\u2019une cinquantaine de miliciens syriens, arriv\u00e9s r\u00e9cemment en Libye, se sont \u00e9tablis dans un camp d\u2019entrainement. Il s\u2019agit du chantier d\u00e9saffect\u00e9 d\u2019une soci\u00e9t\u00e9 chinoise qui se situe \u00e0 quelques encablures des fronti\u00e8res tunisiennes. 243 Partages Que se passe-t-il en Tunisie?Nous expliquons [&hellip;]<\/p>\n","protected":false},"author":1789,"featured_media":73635,"comment_status":"closed","ping_status":"closed","sticky":false,"template":"","format":"standard","meta":{"fifu_image_url":"","fifu_image_alt":"","footnotes":""},"categories":[73,55],"tags":[],"class_list":["post-73634","post","type-post","status-publish","format-standard","has-post-thumbnail","hentry","category-actualite","category-tunisie"],"_links":{"self":[{"href":"https:\/\/linitiative.ca\/International\/wp-json\/wp\/v2\/posts\/73634","targetHints":{"allow":["GET"]}}],"collection":[{"href":"https:\/\/linitiative.ca\/International\/wp-json\/wp\/v2\/posts"}],"about":[{"href":"https:\/\/linitiative.ca\/International\/wp-json\/wp\/v2\/types\/post"}],"author":[{"embeddable":true,"href":"https:\/\/linitiative.ca\/International\/wp-json\/wp\/v2\/users\/1789"}],"replies":[{"embeddable":true,"href":"https:\/\/linitiative.ca\/International\/wp-json\/wp\/v2\/comments?post=73634"}],"version-history":[{"count":0,"href":"https:\/\/linitiative.ca\/International\/wp-json\/wp\/v2\/posts\/73634\/revisions"}],"wp:featuredmedia":[{"embeddable":true,"href":"https:\/\/linitiative.ca\/International\/wp-json\/"}],"wp:attachment":[{"href":"https:\/\/linitiative.ca\/International\/wp-json\/wp\/v2\/media?parent=73634"}],"wp:term":[{"taxonomy":"category","embeddable":true,"href":"https:\/\/linitiative.ca\/International\/wp-json\/wp\/v2\/categories?post=73634"},{"taxonomy":"post_tag","embeddable":true,"href":"https:\/\/linitiative.ca\/International\/wp-json\/wp\/v2\/tags?post=73634"}],"curies":[{"name":"wp","href":"https:\/\/api.w.org\/{rel}","templated":true}]}}