{"id":73636,"date":"2020-01-20T14:15:46","date_gmt":"2020-01-20T19:15:46","guid":{"rendered":"https:\/\/linitiative.ca\/International\/tunisie-kairouan-arrestation-dune-femme-terroriste\/"},"modified":"2020-01-20T14:15:46","modified_gmt":"2020-01-20T19:15:46","slug":"tunisie-kairouan-arrestation-dune-femme-terroriste","status":"publish","type":"post","link":"https:\/\/linitiative.ca\/International\/tunisie-kairouan-arrestation-dune-femme-terroriste\/","title":{"rendered":"Tunisie \u2013 Kairouan : Arrestation d\u2019une femme terroriste"},"content":{"rendered":"<div class=\"post-cont-in left relative\">\n<p>Les agents de la brigade de pr\u00e9vention du terrorisme du district de Kairouan ont r\u00e9ussi, ce lundi, \u00e0 intercepter, dans les environs de Bouhajla, une jeune femme de 26 ans, condamn\u00e9e \u00e0 deux ans de prison pour appartenance \u00e0 une organisation terroriste et recherch\u00e9e dans d\u2019autres affaires, entre autres, de liens avec des terroristes \u00e0 l\u2019int\u00e9rieur du pays et \u00e0 l\u2019\u00e9tranger.<\/p>\n<div class=\"code-block code-block-1 c3\"><ins class=\"adsbygoogle c2\" data-ad-layout=\"in-article\" data-ad-format=\"fluid\" data-ad-client=\"ca-pub-2102118777505746\" data-ad-slot=\"7301775417\"\/> <\/div>\n<div class=\"swp_social_panel swp_horizontal_panel swp_flat_fresh swp_default_full_color swp_individual_full_color swp_other_full_color scale-100 scale-\" data-min-width=\"1100\" data-float-color=\"#ffffff\" data-float=\"bottom\" data-float-mobile=\"bottom\" data-transition=\"slide\">\n<div class=\"nc_tweetContainer swp_share_button total_shares total_sharesalt\"><span class=\"swp_count\">75 <span class=\"swp_label\">Partages<\/span><\/span><\/div>\n<\/div>\n<p><strong>Que se passe-t-il en Tunisie?<\/strong><br \/>Nous expliquons sur notre <a href=\"https:\/\/www.youtube.com\/channel\/UCRzypVq0B_yBad5eGrwBx0Q?sub_confirmation=1\" target=\"_blank\" rel=\"noopener noreferrer\">cha\u00eene YouTube<\/a> . <a href=\"https:\/\/www.youtube.com\/channel\/UCRzypVq0B_yBad5eGrwBx0Q?sub_confirmation=1\" target=\"_blank\" rel=\"noopener noreferrer\">Abonnez-vous!<\/a><\/p>\n<div class=\"mvp-org-wrap mvp-org-logo\" itemprop=\"publisher\" itemscope=\"\" itemtype=\"https:\/\/schema.org\/Organization\"><img decoding=\"async\" src=\"https:\/\/www.tunisienumerique.com\/wp-content\/uploads\/2017\/02\/logo_tunisie_numerique.png\"\/><\/div>\n<div class=\"mvp-related-posts left relative\">\n<h4 class=\"post-header\"><span class=\"post-header\">Lire aussi<\/span><\/h4>\n<\/div>\n<\/div>\n<p>Auteur: LM<br \/>\n<a href=\"https:\/\/www.tunisienumerique.com\/tunisie-kairouan-arrestation-dune-femme-terroriste\/\">Cliquez ici pour lire l&rsquo;article depuis sa source.<\/a><\/p>\n","protected":false},"excerpt":{"rendered":"<p>Les agents de la brigade de pr\u00e9vention du terrorisme du district de Kairouan ont r\u00e9ussi, ce lundi, \u00e0 intercepter, dans les environs de Bouhajla, une jeune femme de 26 ans, condamn\u00e9e \u00e0 deux ans de prison pour appartenance \u00e0 une organisation terroriste et recherch\u00e9e dans d\u2019autres affaires, entre autres, de liens avec des terroristes \u00e0 [&hellip;]<\/p>\n","protected":false},"author":1789,"featured_media":73637,"comment_status":"closed","ping_status":"closed","sticky":false,"template":"","format":"standard","meta":{"fifu_image_url":"","fifu_image_alt":"","footnotes":""},"categories":[73,55],"tags":[],"class_list":["post-73636","post","type-post","status-publish","format-standard","has-post-thumbnail","hentry","category-actualite","category-tunisie"],"_links":{"self":[{"href":"https:\/\/linitiative.ca\/International\/wp-json\/wp\/v2\/posts\/73636","targetHints":{"allow":["GET"]}}],"collection":[{"href":"https:\/\/linitiative.ca\/International\/wp-json\/wp\/v2\/posts"}],"about":[{"href":"https:\/\/linitiative.ca\/International\/wp-json\/wp\/v2\/types\/post"}],"author":[{"embeddable":true,"href":"https:\/\/linitiative.ca\/International\/wp-json\/wp\/v2\/users\/1789"}],"replies":[{"embeddable":true,"href":"https:\/\/linitiative.ca\/International\/wp-json\/wp\/v2\/comments?post=73636"}],"version-history":[{"count":0,"href":"https:\/\/linitiative.ca\/International\/wp-json\/wp\/v2\/posts\/73636\/revisions"}],"wp:featuredmedia":[{"embeddable":true,"href":"https:\/\/linitiative.ca\/International\/wp-json\/"}],"wp:attachment":[{"href":"https:\/\/linitiative.ca\/International\/wp-json\/wp\/v2\/media?parent=73636"}],"wp:term":[{"taxonomy":"category","embeddable":true,"href":"https:\/\/linitiative.ca\/International\/wp-json\/wp\/v2\/categories?post=73636"},{"taxonomy":"post_tag","embeddable":true,"href":"https:\/\/linitiative.ca\/International\/wp-json\/wp\/v2\/tags?post=73636"}],"curies":[{"name":"wp","href":"https:\/\/api.w.org\/{rel}","templated":true}]}}