{"id":73638,"date":"2020-01-20T14:25:04","date_gmt":"2020-01-20T19:25:04","guid":{"rendered":"https:\/\/linitiative.ca\/International\/tunisie-derniere-minute-elyes-fakhfakh-va-etre-charge-de-former-le-prochain-gouvernement\/"},"modified":"2020-01-20T14:25:04","modified_gmt":"2020-01-20T19:25:04","slug":"tunisie-derniere-minute-elyes-fakhfakh-va-etre-charge-de-former-le-prochain-gouvernement","status":"publish","type":"post","link":"https:\/\/linitiative.ca\/International\/tunisie-derniere-minute-elyes-fakhfakh-va-etre-charge-de-former-le-prochain-gouvernement\/","title":{"rendered":"Tunisie \u2013 DERNIERE MINUTE : Elyes Fakhfakh va \u00eatre charg\u00e9 de former le prochain gouvernement ?"},"content":{"rendered":"<div class=\"post-cont-in left relative\">\n<p>Selon des sources proches du palais de Carthage, Elyes Fakhfakh, ancien ministre des Finances du temps de la Tro\u00efka, serait en chemin vers le palais o\u00f9 il devrait recevoir les documents par lesquels, le pr\u00e9sident <a href=\"https:\/\/www.tunisienumerique.com\/tunisie-actualite\/kais-saied\/\" title=\"Ka\u00efs Sa\u00efed\" target=\"_top\" class=\"auto-link\" rel=\"noopener noreferrer\">Ka\u00efs Sa\u00efed<\/a> le charge de former le prochain gouvernement.<\/p>\n<div class=\"code-block code-block-1 c3\"><ins class=\"adsbygoogle c2\" data-ad-layout=\"in-article\" data-ad-format=\"fluid\" data-ad-client=\"ca-pub-2102118777505746\" data-ad-slot=\"7301775417\"\/> <\/div>\n<div class=\"swp_social_panel swp_horizontal_panel swp_flat_fresh swp_default_full_color swp_individual_full_color swp_other_full_color scale-100 scale-\" data-min-width=\"1100\" data-float-color=\"#ffffff\" data-float=\"bottom\" data-float-mobile=\"bottom\" data-transition=\"slide\">\n<div class=\"nc_tweetContainer swp_share_button total_shares total_sharesalt\"><span class=\"swp_count\">91 <span class=\"swp_label\">Partages<\/span><\/span><\/div>\n<\/div>\n<p><strong>Que se passe-t-il en Tunisie?<\/strong><br \/>Nous expliquons sur notre <a href=\"https:\/\/www.youtube.com\/channel\/UCRzypVq0B_yBad5eGrwBx0Q?sub_confirmation=1\" target=\"_blank\" rel=\"noopener noreferrer\">cha\u00eene YouTube<\/a> . <a href=\"https:\/\/www.youtube.com\/channel\/UCRzypVq0B_yBad5eGrwBx0Q?sub_confirmation=1\" target=\"_blank\" rel=\"noopener noreferrer\">Abonnez-vous!<\/a><\/p>\n<div class=\"mvp-org-wrap mvp-org-logo\" itemprop=\"publisher\" itemscope=\"\" itemtype=\"https:\/\/schema.org\/Organization\"><img decoding=\"async\" src=\"https:\/\/www.tunisienumerique.com\/wp-content\/uploads\/2017\/02\/logo_tunisie_numerique.png\"\/><\/div>\n<div class=\"mvp-related-posts left relative\">\n<h4 class=\"post-header\"><span class=\"post-header\">Lire aussi<\/span><\/h4>\n<\/div>\n<\/div>\n<p>Auteur: LM<br \/>\n<a href=\"https:\/\/www.tunisienumerique.com\/tunisie-derniere-minute-elyes-fakhfakh-va-etre-charge-de-former-le-prochain-gouvernement\/\">Cliquez ici pour lire l&rsquo;article depuis sa source.<\/a><\/p>\n","protected":false},"excerpt":{"rendered":"<p>Selon des sources proches du palais de Carthage, Elyes Fakhfakh, ancien ministre des Finances du temps de la Tro\u00efka, serait en chemin vers le palais o\u00f9 il devrait recevoir les documents par lesquels, le pr\u00e9sident Ka\u00efs Sa\u00efed le charge de former le prochain gouvernement. 91 Partages Que se passe-t-il en Tunisie?Nous expliquons sur notre cha\u00eene [&hellip;]<\/p>\n","protected":false},"author":1789,"featured_media":73639,"comment_status":"closed","ping_status":"closed","sticky":false,"template":"","format":"standard","meta":{"fifu_image_url":"","fifu_image_alt":"","footnotes":""},"categories":[73,55],"tags":[],"class_list":["post-73638","post","type-post","status-publish","format-standard","has-post-thumbnail","hentry","category-actualite","category-tunisie"],"_links":{"self":[{"href":"https:\/\/linitiative.ca\/International\/wp-json\/wp\/v2\/posts\/73638","targetHints":{"allow":["GET"]}}],"collection":[{"href":"https:\/\/linitiative.ca\/International\/wp-json\/wp\/v2\/posts"}],"about":[{"href":"https:\/\/linitiative.ca\/International\/wp-json\/wp\/v2\/types\/post"}],"author":[{"embeddable":true,"href":"https:\/\/linitiative.ca\/International\/wp-json\/wp\/v2\/users\/1789"}],"replies":[{"embeddable":true,"href":"https:\/\/linitiative.ca\/International\/wp-json\/wp\/v2\/comments?post=73638"}],"version-history":[{"count":0,"href":"https:\/\/linitiative.ca\/International\/wp-json\/wp\/v2\/posts\/73638\/revisions"}],"wp:featuredmedia":[{"embeddable":true,"href":"https:\/\/linitiative.ca\/International\/wp-json\/"}],"wp:attachment":[{"href":"https:\/\/linitiative.ca\/International\/wp-json\/wp\/v2\/media?parent=73638"}],"wp:term":[{"taxonomy":"category","embeddable":true,"href":"https:\/\/linitiative.ca\/International\/wp-json\/wp\/v2\/categories?post=73638"},{"taxonomy":"post_tag","embeddable":true,"href":"https:\/\/linitiative.ca\/International\/wp-json\/wp\/v2\/tags?post=73638"}],"curies":[{"name":"wp","href":"https:\/\/api.w.org\/{rel}","templated":true}]}}