{"id":73642,"date":"2020-01-20T15:25:47","date_gmt":"2020-01-20T20:25:47","guid":{"rendered":"https:\/\/linitiative.ca\/International\/criminalisation-du-trafic-de-faux-medicamentsun-projet-qui-vaut-son-pesant-de-sante\/"},"modified":"2020-01-20T15:25:47","modified_gmt":"2020-01-20T20:25:47","slug":"criminalisation-du-trafic-de-faux-medicamentsun-projet-qui-vaut-son-pesant-de-sante","status":"publish","type":"post","link":"https:\/\/linitiative.ca\/International\/criminalisation-du-trafic-de-faux-medicamentsun-projet-qui-vaut-son-pesant-de-sante\/","title":{"rendered":"CRIMINALISATION DU TRAFIC DE FAUX MEDICAMENTS:Un projet qui vaut son pesant\u2026 de sant\u00e9"},"content":{"rendered":"<div class=\"stream-item stream-item-above-post-content\">\n<p><noscript><\/p>\n<p><a href=\"\/\/www3.smartadserver.com\/ac?jump=1&#038;nwid=2136&#038;siteid=240610&#038;pgname=rg&#038;fmtid=49046&#038;visit=m&#038;tmstp=[timestamp]&#038;out=nonrich\" target=\"_blank\" rel=\"noopener noreferrer\"><img decoding=\"async\" src=\"\/\/www3.smartadserver.com\/ac?out=nonrich&#038;nwid=2136&#038;siteid=240610&#038;pgname=rg&#038;fmtid=49046&#038;visit=m&#038;tmstp=[timestamp]\" border=\"0\" alt=\"\"\/><\/a><\/p>\n<p><\/noscript><\/div>\n<p class=\"c3\">Les 17 et 18 janvier derniers, des chefs d\u2019Etat africains se sont retrouv\u00e9s \u00e0 Lom\u00e9, au Togo,\u00a0 \u00e0 l\u2019effet de r\u00e9fl\u00e9chir sur le trafic des faux m\u00e9dicaments. A cette occasion, un appel fort \u00e0 la criminalisation du ph\u00e9nom\u00e8ne et \u00e0 une meilleure coop\u00e9ration entre les Etats, a \u00e9t\u00e9 lanc\u00e9. Le Burkina n\u2019\u00e9tait pas repr\u00e9sent\u00e9 \u00e0 la rencontre mais force est de constater que le trafic des faux m\u00e9dicaments est un ph\u00e9nom\u00e8ne qui concerne aussi le <em>pays des Hommes int\u00e8gres.<\/em> Avant de se pencher sur le cas sp\u00e9cifique du Burkina, il est bon de rendre hommage aux chefs d\u2019Etat africains qui ont eu la vision de se retrouver \u00e0 Lom\u00e9 pour r\u00e9fl\u00e9chir sur la question des faux m\u00e9dicaments. Et c\u2019est la premi\u00e8re fois que des dirigeants africains, \u00e0 ce niveau de responsabilit\u00e9s, ont daign\u00e9 cogiter sur le ph\u00e9nom\u00e8ne au point de proposer des rem\u00e8des qui semblent \u00e0 la hauteur du drame.<\/p>\n<p class=\"c3\">En tout cas, les statistiques de l\u2019Organisation mondiale de la sant\u00e9 (OMS), sont suffisamment\u00a0 r\u00e9v\u00e9latrices de l\u2019ampleur du ph\u00e9nom\u00e8ne sur le continent noir. En effet, selon cette institution, dans certaines r\u00e9gions d\u2019Afrique, 60% des m\u00e9dicaments sont falsifi\u00e9s. Cela concerne aussi bien les antibiotiques et les antipalud\u00e9ens que des m\u00e9dicaments contre le cancer, le viagra et les produits cosm\u00e9tiques qui proviennent le plus souvent d\u2019Asie ou du Nigeria. Et l\u2019OMS d\u2019ajouter\u00a0: \u00ab\u00a0<em>Pour les trafiquants, le business du faux m\u00e9dicament est plus lucratif que celui de la coca\u00efne\u00a0<\/em>\u00bb. Les m\u00e9dicaments falsifi\u00e9s font des ravages, notamment en Afrique. Et le probl\u00e8me est d\u2019autant plus cors\u00e9 que ces faux m\u00e9dicaments sont aussi vendus en pharmacie. Cette derni\u00e8re r\u00e9v\u00e9lation complique davantage la riposte contre le ph\u00e9nom\u00e8ne dans nos pays. D\u00e9j\u00e0, l\u2019on a du mal \u00e0 contrer le ph\u00e9nom\u00e8ne des m\u00e9dicaments de la rue. Au Burkina, par exemple, l\u2019on peut m\u00eame se poser la question de savoir si l\u2019Etat n\u2019a pas totalement abdiqu\u00e9 face \u00e0 ce ph\u00e9nom\u00e8ne.<\/p>\n<p class=\"c3\"><strong>Aucun effort n\u2019est de trop pour traquer le trafic des faux m\u00e9dicaments<\/strong><\/p>\n<p class=\"c3\">En tout cas, l\u2019on peut faire le constat qu\u2019\u00e0 tous les carrefours des grandes villes ainsi que sur bien des \u00e9tals de certains march\u00e9s et <em>yaars<\/em>, l\u2019on vend publiquement ces m\u00e9dicaments. Par endroits, m\u00eame ceux qui s\u2019adonnent \u00e0 cette activit\u00e9 se d\u00e9couvrent des comp\u00e9tences de m\u00e9decin. Ainsi, ils se permettent de poser des diagnostics et prescrivent \u00e0 leurs \u2018\u2019<em>patients<\/em>\u2019\u2019 des produits qu\u2019ils ont dans leurs valises. Malheureusement, les populations, par ignorance, leur font confiance. De ce fait, elles prot\u00e8gent tr\u00e8s souvent \u00ab\u00a0<em>ces vendeurs de la mort\u00a0<\/em>\u00bb face aux descentes muscl\u00e9es des forces de l\u2019ordre pour les traquer. Or, selon des sources dignes de foi, ces m\u00e9dicaments non seulement ne soignent pas mais, en plus, ils tuent. En tout cas, l\u2019OMS est formelle sur cela. C\u2019est pourquoi l\u2019appel \u00e0 la criminalisation du trafic des faux m\u00e9dicaments, que viennent de lancer des chefs d\u2019Etat africains vaut son pesant\u2026 de sant\u00e9. Mais en plus de ce volet de la lutte, il faut envisager d\u2019autres pistes.<\/p>\n<p class=\"c3\">La premi\u00e8re est de mener des campagnes de sensibilisation efficaces sur les inconv\u00e9nients des faux m\u00e9dicaments. Et les images, dans le contexte de notre pays marqu\u00e9 comme on le sait par l\u2019analphab\u00e9tisation, sont plus pertinentes que \u00a0les \u00e9crits. En plus de cela, il faut davantage faire la promotion des m\u00e9dicaments g\u00e9n\u00e9riques. Car, il faut le dire, les faux m\u00e9dicaments prosp\u00e8rent dans les pays o\u00f9 r\u00e8gnent la pauvret\u00e9 et la mis\u00e8re. Agir donc sur les co\u00fbts des produits pharmaceutiques de mani\u00e8re \u00e0 les adapter \u00e0 la bourse des pauvres, peut contribuer, de fa\u00e7on significative, \u00e0 r\u00e9duire le ph\u00e9nom\u00e8ne des m\u00e9dicaments falsifi\u00e9s.<\/p>\n<p class=\"c3\">En tout cas, aucun effort n\u2019est de trop pour traquer le trafic des faux m\u00e9dicaments. Et c\u2019est \u00e0 juste titre que l\u2019ancien Premier ministre s\u00e9n\u00e9galais, Aminata Tour\u00e9, le qualifie de \u00ab\u00a0<em>carnage silencieux\u00a0<\/em>\u00bb<strong>.<\/strong><\/p>\n<p class=\"c3\"><strong>\u00a0<\/strong><\/p>\n<p class=\"c3\"><strong><em>Sidzabdaa<\/em><\/strong><\/p>\n<p>Auteur: Le Pays<br \/>\n<a href=\"http:\/\/lepays.bf\/criminalisation-du-trafic-de-faux-medicamentsun-projet-qui-vaut-son-pesant-de-sante\/\">Cliquez ici pour lire l&rsquo;article depuis sa source.<\/a><\/p>\n","protected":false},"excerpt":{"rendered":"<p>Les 17 et 18 janvier derniers, des chefs d\u2019Etat africains se sont retrouv\u00e9s \u00e0 Lom\u00e9, au Togo,\u00a0 \u00e0 l\u2019effet de r\u00e9fl\u00e9chir sur le trafic des faux m\u00e9dicaments. A cette occasion, un appel fort \u00e0 la criminalisation du ph\u00e9nom\u00e8ne et \u00e0 une meilleure coop\u00e9ration entre les Etats, a \u00e9t\u00e9 lanc\u00e9. Le Burkina n\u2019\u00e9tait pas repr\u00e9sent\u00e9 \u00e0 [&hellip;]<\/p>\n","protected":false},"author":1813,"featured_media":0,"comment_status":"closed","ping_status":"closed","sticky":false,"template":"","format":"standard","meta":{"fifu_image_url":"","fifu_image_alt":"","footnotes":""},"categories":[73,81],"tags":[],"class_list":["post-73642","post","type-post","status-publish","format-standard","hentry","category-actualite","category-burkina-faso"],"_links":{"self":[{"href":"https:\/\/linitiative.ca\/International\/wp-json\/wp\/v2\/posts\/73642","targetHints":{"allow":["GET"]}}],"collection":[{"href":"https:\/\/linitiative.ca\/International\/wp-json\/wp\/v2\/posts"}],"about":[{"href":"https:\/\/linitiative.ca\/International\/wp-json\/wp\/v2\/types\/post"}],"author":[{"embeddable":true,"href":"https:\/\/linitiative.ca\/International\/wp-json\/wp\/v2\/users\/1813"}],"replies":[{"embeddable":true,"href":"https:\/\/linitiative.ca\/International\/wp-json\/wp\/v2\/comments?post=73642"}],"version-history":[{"count":0,"href":"https:\/\/linitiative.ca\/International\/wp-json\/wp\/v2\/posts\/73642\/revisions"}],"wp:attachment":[{"href":"https:\/\/linitiative.ca\/International\/wp-json\/wp\/v2\/media?parent=73642"}],"wp:term":[{"taxonomy":"category","embeddable":true,"href":"https:\/\/linitiative.ca\/International\/wp-json\/wp\/v2\/categories?post=73642"},{"taxonomy":"post_tag","embeddable":true,"href":"https:\/\/linitiative.ca\/International\/wp-json\/wp\/v2\/tags?post=73642"}],"curies":[{"name":"wp","href":"https:\/\/api.w.org\/{rel}","templated":true}]}}