{"id":73643,"date":"2020-01-20T15:30:01","date_gmt":"2020-01-20T20:30:01","guid":{"rendered":"https:\/\/linitiative.ca\/International\/luanda-leaks-la-rancon-de-la-gestion-patrimoniale-du-pouvoir\/"},"modified":"2020-01-20T15:30:01","modified_gmt":"2020-01-20T20:30:01","slug":"luanda-leaks-la-rancon-de-la-gestion-patrimoniale-du-pouvoir","status":"publish","type":"post","link":"https:\/\/linitiative.ca\/International\/luanda-leaks-la-rancon-de-la-gestion-patrimoniale-du-pouvoir\/","title":{"rendered":"\u00ab LUANDA LEAKS \u00bb:La ran\u00e7on de la gestion patrimoniale du pouvoir"},"content":{"rendered":"<div class=\"stream-item stream-item-above-post-content\">\n<p><noscript><\/p>\n<p><a href=\"\/\/www3.smartadserver.com\/ac?jump=1&#038;nwid=2136&#038;siteid=240610&#038;pgname=rg&#038;fmtid=49046&#038;visit=m&#038;tmstp=[timestamp]&#038;out=nonrich\" target=\"_blank\" rel=\"noopener noreferrer\"><img decoding=\"async\" src=\"\/\/www3.smartadserver.com\/ac?out=nonrich&#038;nwid=2136&#038;siteid=240610&#038;pgname=rg&#038;fmtid=49046&#038;visit=m&#038;tmstp=[timestamp]\" border=\"0\" alt=\"\"\/><\/a><\/p>\n<p><\/noscript><\/div>\n<p class=\"c3\">L\u2019ann\u00e9e 2020 commence mal pour Isabel Dos Santos, fille a\u00een\u00e9e de l\u2019ex-pr\u00e9sident angolais, Jos\u00e9 Eduardo Dos Santos et son \u00e9poux, Sindika Dokolo. En effet, une fuite de 715\u00a0000 documents confidentiels\u00a0 r\u00e9v\u00e8le la nature sombre des affaires florissantes que m\u00e8ne le couple. Selon les <em>\u00ab\u00a0Luanda leaks\u00a0\u00bb,<\/em> puisque c\u2019est ainsi qu\u2019est baptis\u00e9e l\u2019enqu\u00eate coordonn\u00e9e par le consortium international des journalistes d\u2019investigation (ICIJ), le couple d\u00e9tiendrait 450 soci\u00e9t\u00e9s dont les pratiques seraient aux antipodes de l\u2019orthodoxie financi\u00e8re, parce que parmi elles, nombreuses seraient des offshores \u00a0diss\u00e9min\u00e9es \u00e0 travers de v\u00e9ritables paradis fiscaux. Le moins que l\u2019on puisse dire, c\u2019est que les r\u00e9sultats de cette enqu\u00eate viennent enfoncer une porte d\u00e9j\u00e0 ouverte tant la fortune d\u2019Isabel Dos Santos a pu se confondre avec les \u00a0caisses de l\u2019Etat angolais sous le magist\u00e8re de son p\u00e8re qui aura r\u00e9gn\u00e9 pendant pr\u00e8s de 40 ans. M\u00eame si elle conteste la v\u00e9racit\u00e9 des faits reproch\u00e9s au couple, Isabel Dos Santos pourrait difficilement apporter la preuve qu\u2019elle n\u2019a pas b\u00e9n\u00e9fici\u00e9 de passe-droits et autres pratiques naus\u00e9euses durant le r\u00e8gne sans partage de son p\u00e8re.<\/p>\n<p class=\"c3\">Depuis que son g\u00e9niteur a quitt\u00e9\u00a0 le pouvoir, l\u2019heure de la descente aux enfers semble avoir sonn\u00e9 pour la famille Dos Santos. Cela est d\u2019autant plus vrai que la Justice angolaise avait annonc\u00e9, le 30 d\u00e9cembre 2019, le gel des avoirs, comptes bancaires et participations dans plusieurs soci\u00e9t\u00e9s en Angola, d\u2019Isabel Dos Santos. Une action que l\u2019autorit\u00e9 judiciaire avait qualifi\u00e9e de mesure pr\u00e9ventive visant \u00e0 obtenir le paiement, \u00e0 l\u2019Etat, d\u2019un pr\u00e9judice \u00e9valu\u00e9 \u00e0 1,1 milliard de dollars. Avant cette action, le fils de l\u2019ex-homme fort de Luanda, Jos\u00e9 Filomeno Dos Santos, ancien patron du Fonds souverain angolais, avait \u00e9t\u00e9 incarc\u00e9r\u00e9 en septembre 2018, pour <em>\u00ab\u00a0d\u00e9tournement de fonds\u00a0\u00bb.<\/em> C\u2019est dire si la famille Santos traverse un sale temps. Si elle y voit une chasse aux sorci\u00e8res, lanc\u00e9e par le nouveau pr\u00e9sident, Joao Louren\u00e7o, bien des Angolais, eux, applaudissent cette <em>\u00ab\u00a0op\u00e9ration de salubrit\u00e9 publique\u00a0\u00bb,<\/em> convaincus que la famille Santos a b\u00e2ti une fortune colossale sur le dos du contribuable.<\/p>\n<p class=\"c3\"><strong>Cela doit\u00a0 servir de le\u00e7on \u00e0 \u00a0tous les dirigeants qui pensent que le pouvoir d\u2019Etat est une affaire de famille<\/strong><\/p>\n<p class=\"c3\">Et quoi qu\u2019Isabel fasse, elle ne peut, apr\u00e8s les \u00a0<em>\u00ab\u00a0Luanda Leaks\u00a0\u00bb,<\/em> convaincre les Angolais que sa fortune qui est estim\u00e9e aujourd\u2019hui \u00e0 2,2 milliards de dollars par le magazine Forbes, vient de la sueur de son front. A moins qu\u2019elle puisse apporter, de fa\u00e7on claire et nette, la preuve de son innocence. En tout cas, l\u2019ex-patronne de la soci\u00e9t\u00e9 p\u00e9troli\u00e8re angolaise <em>Sonangol,<\/em> qui r\u00eave d\u2019un destin national, voit ainsi son image ternie. Mais \u00e0 qui la faute si une avalanche de tuiles tombe sur la t\u00eate des Santos? Principalement au p\u00e8re Eduardo Dos Santos qui n\u2019aura pas su \u00e9loigner sa prog\u00e9niture du cercle du pouvoir. On est d\u2019autant plus fond\u00e9 \u00e0 le dire, que tous les accusations et soup\u00e7ons de d\u00e9tournements qui p\u00e8sent sur ses enfants, sont \u00e9troitement li\u00e9s \u00e0 leur gestion des affaires d\u2019Etat. En v\u00e9rit\u00e9, les <em>\u00ab\u00a0Luanda Leaks\u00a0\u00bb<\/em> qui ne sont probablement que la face visible de l\u2019iceberg, ne sont ni plus ni moins que la ran\u00e7on de la gestion patrimoniale du pouvoir. L\u2019ex-pr\u00e9sident angolais ne peut donc que s\u2019en prendre \u00e0 lui-m\u00eame si ses enfants sont aujourd\u2019hui aux abois. Et cela doit\u00a0 servir de le\u00e7on \u00e0 \u00a0tous les dirigeants qui pensent que le pouvoir d\u2019Etat est une affaire de famille. C\u2019est dire si tous <em>\u00ab\u00a0les fils \u00e0 papa\u00a0\u00bb<\/em> comme Denis Christel Sassou Nguesso, N\u2019Gu\u00e9ma Fils et autres doivent sans cesse s\u2019inscrire dans la logique de la gouvernance vertueuse au risque de se voir rattrap\u00e9s par leur pass\u00e9 lorsque leurs p\u00e8res ne seront plus au pouvoir.<\/p>\n<p class=\"c3\"><strong>\u00a0<\/strong><\/p>\n<p class=\"c3\"><strong>Dabadi ZOUMBARA \u00a0\u00a0\u00a0<\/strong><\/p>\n<p class=\"c3\"><strong>\u00a0<\/strong><\/p>\n<p>Auteur: Le Pays<br \/>\n<a href=\"http:\/\/lepays.bf\/luanda-leaks-la-rancon-de-la-gestion-patrimoniale-du-pouvoir\/\">Cliquez ici pour lire l&rsquo;article depuis sa source.<\/a><\/p>\n","protected":false},"excerpt":{"rendered":"<p>L\u2019ann\u00e9e 2020 commence mal pour Isabel Dos Santos, fille a\u00een\u00e9e de l\u2019ex-pr\u00e9sident angolais, Jos\u00e9 Eduardo Dos Santos et son \u00e9poux, Sindika Dokolo. En effet, une fuite de 715\u00a0000 documents confidentiels\u00a0 r\u00e9v\u00e8le la nature sombre des affaires florissantes que m\u00e8ne le couple. Selon les \u00ab\u00a0Luanda leaks\u00a0\u00bb, puisque c\u2019est ainsi qu\u2019est baptis\u00e9e l\u2019enqu\u00eate coordonn\u00e9e par le consortium [&hellip;]<\/p>\n","protected":false},"author":1813,"featured_media":0,"comment_status":"closed","ping_status":"closed","sticky":false,"template":"","format":"standard","meta":{"fifu_image_url":"","fifu_image_alt":"","footnotes":""},"categories":[73,81],"tags":[],"class_list":["post-73643","post","type-post","status-publish","format-standard","hentry","category-actualite","category-burkina-faso"],"_links":{"self":[{"href":"https:\/\/linitiative.ca\/International\/wp-json\/wp\/v2\/posts\/73643","targetHints":{"allow":["GET"]}}],"collection":[{"href":"https:\/\/linitiative.ca\/International\/wp-json\/wp\/v2\/posts"}],"about":[{"href":"https:\/\/linitiative.ca\/International\/wp-json\/wp\/v2\/types\/post"}],"author":[{"embeddable":true,"href":"https:\/\/linitiative.ca\/International\/wp-json\/wp\/v2\/users\/1813"}],"replies":[{"embeddable":true,"href":"https:\/\/linitiative.ca\/International\/wp-json\/wp\/v2\/comments?post=73643"}],"version-history":[{"count":0,"href":"https:\/\/linitiative.ca\/International\/wp-json\/wp\/v2\/posts\/73643\/revisions"}],"wp:attachment":[{"href":"https:\/\/linitiative.ca\/International\/wp-json\/wp\/v2\/media?parent=73643"}],"wp:term":[{"taxonomy":"category","embeddable":true,"href":"https:\/\/linitiative.ca\/International\/wp-json\/wp\/v2\/categories?post=73643"},{"taxonomy":"post_tag","embeddable":true,"href":"https:\/\/linitiative.ca\/International\/wp-json\/wp\/v2\/tags?post=73643"}],"curies":[{"name":"wp","href":"https:\/\/api.w.org\/{rel}","templated":true}]}}