{"id":73647,"date":"2020-01-20T16:54:57","date_gmt":"2020-01-20T21:54:57","guid":{"rendered":"https:\/\/linitiative.ca\/International\/securite-et-droits-humains-le-g5-sahel-a-la-recherche-dune-meilleure-articulation\/"},"modified":"2020-01-20T16:54:57","modified_gmt":"2020-01-20T21:54:57","slug":"securite-et-droits-humains-le-g5-sahel-a-la-recherche-dune-meilleure-articulation","status":"publish","type":"post","link":"https:\/\/linitiative.ca\/International\/securite-et-droits-humains-le-g5-sahel-a-la-recherche-dune-meilleure-articulation\/","title":{"rendered":"S\u00e9curit\u00e9 et droits humains  : le G5 Sahel \u00e0 la recherche  d\u2019une meilleure articulation"},"content":{"rendered":"<div class=\"td-post-featured-image\"><a href=\"https:\/\/i1.wp.com\/www.sidwaya.info\/wp-content\/uploads\/2020\/01\/1-27.jpg?fit=787%2C525&#038;ssl=1\" data-caption=\"\"><img loading=\"lazy\" decoding=\"async\" width=\"696\" height=\"464\" class=\"entry-thumb td-modal-image\" src=\"https:\/\/i1.wp.com\/www.sidwaya.info\/wp-content\/uploads\/2020\/01\/1-27.jpg?resize=696%2C464&#038;ssl=1\" srcset=\"https:\/\/i1.wp.com\/www.sidwaya.info\/wp-content\/uploads\/2020\/01\/1-27.jpg?w=787&#038;ssl=1 787w, https:\/\/i1.wp.com\/www.sidwaya.info\/wp-content\/uploads\/2020\/01\/1-27.jpg?resize=300%2C200&#038;ssl=1 300w, https:\/\/i1.wp.com\/www.sidwaya.info\/wp-content\/uploads\/2020\/01\/1-27.jpg?resize=768%2C512&#038;ssl=1 768w, https:\/\/i1.wp.com\/www.sidwaya.info\/wp-content\/uploads\/2020\/01\/1-27.jpg?resize=696%2C464&#038;ssl=1 696w, https:\/\/i1.wp.com\/www.sidwaya.info\/wp-content\/uploads\/2020\/01\/1-27.jpg?resize=630%2C420&#038;ssl=1 630w\" sizes=\"auto, (max-width: 696px) 100vw, 696px\" alt=\"\" title=\"1\"\/><\/a><\/div>\n<p><strong>Les pays du G5 Sahel tiennent leur troisi\u00e8me conf\u00e9rence sur le renforcement des relations de confiance entre les forces de d\u00e9fense et de s\u00e9curit\u00e9 et les populations de leur r\u00e9gion, les 20 et 21 janvier 2020, \u00e0 Ouagadougou.<\/strong><\/p>\n<p>Le G5 Sahel est convaincu que la paix et la s\u00e9curit\u00e9 dans la r\u00e9gion passent n\u00e9cessairement par une franche collaboration entre populations et Forces de d\u00e9fense et de s\u00e9curit\u00e9 (FDS). En vue de trouver les meilleurs moyens pour renforcer ces relations de confiance civilo-militaires, l\u2019organisation sah\u00e9lienne tient sa 3e conf\u00e9rence sur le sujet, les 20 et 21 janvier 2020, \u00e0 Ouagadougou, sur le th\u00e8me\u00a0: \u00ab\u00a0Comment pr\u00e9server la coh\u00e9sion sociale et articuler le lien entre s\u00e9curit\u00e9, d\u00e9veloppement et action humanitaire\u00a0\u00bb.<\/p>\n<div class=\"td-a-rec td-a-rec-id-content_inline tdi_30_589 td_block_template_1\"><a href=\"https:\/\/www.sidwaya.info\/wp-content\/uploads\/2019\/12\/Bandeau-sitebonneannee.jpg\"><img loading=\"lazy\" decoding=\"async\" class=\"aligncenter size-full wp-image-17812\" src=\"https:\/\/www.sidwaya.info\/wp-content\/uploads\/2019\/12\/Bandeau-sitebonneannee.jpg\" alt=\"\" width=\"720\" height=\"90\"\/><\/a><\/div>\n<p>Selon le secr\u00e9taire permanent du G5 Sahel, Maman Sambo Sidikou, cette rencontre est plus qu\u2019un cadre d\u2019\u00e9changes pour imaginer les voies et moyens pour am\u00e9liorer la collaboration entre forces de d\u00e9fense et de s\u00e9curit\u00e9 et populations, gage majeur de la r\u00e9ussite de toutes les actions engag\u00e9es pour la stabilisation de l\u2019espace commun. Pour lui, il s\u2019agit beaucoup plus de d\u00e9montrer la r\u00e9ponse \u00e0 un besoin fondamental des Sah\u00e9liens, \u00e0 savoir la s\u00e9curit\u00e9. M. Sidikou a la certitude que les 80 millions d\u2019habitants du G5 Sahel viendront \u00e0 bout des tentatives de d\u00e9stabilisation orchestr\u00e9es par des groupuscules. Mais, \u00e0 son avis, cela passe par le r\u00e9armement mental et la confiance des populations civiles et militaires en leurs capacit\u00e9s \u00e0 vaincre les forces du mal. \u00ab\u00a0Notre victoire sera avant tout mentale. Elle d\u00e9bute par la tranquille et in\u00e9branlable foi dans notre capacit\u00e9 \u00e0 triompher de l\u2019\u00e9tat de confusion actuel\u00a0\u00bb, a-t-il martel\u00e9.<\/p>\n<p><strong>N\u00e9cessaire approche int\u00e9gr\u00e9e<\/strong><\/p>\n<p>La victoire finale passe \u00e9galement par une philosophie d\u2019action fond\u00e9e sur la r\u00e9activation des valeurs culturelles. \u00ab\u00a0La paix civile n\u2019est pas donn\u00e9e, c\u2019est le fruit d\u2019une subtile ing\u00e9nierie sociale dont nos anc\u00eatres avaient le secret et qu\u2019il nous incombe de remettre au go\u00fbt du jour\u00a0\u00bb, a poursuivi le secr\u00e9taire permanent du G5 Sahel. Les partenaires se sont engag\u00e9s \u00e0 apporter aux pays de la r\u00e9gion un appui coordonn\u00e9, rapide, ax\u00e9 sur les causes et les cons\u00e9quences de l\u2019ins\u00e9curit\u00e9, et qui int\u00e8gre les besoins prioritaires des populations vivant dans des zones fragiles. Pour la coordonnatrice r\u00e9sidente du syst\u00e8me des Nations unies au Burkina Faso, Metsi Meketha, la coh\u00e9sion sociale constitue la pierre angulaire de la stabilit\u00e9 du Sahel.<\/p>\n<p>La justice et la protection des droits humains sont des passages oblig\u00e9s pour le renforcement de la confiance entre FDS et populations civiles, a-t-elle ajout\u00e9. C\u2019est pourquoi, il est indispensable de prendre en compte le respect des droits humains dans toutes les op\u00e9rations militaires, a estim\u00e9 le repr\u00e9sentant du Danemark, Christian Edinger. La vice-ministre adjointe de la Coop\u00e9ration internationale des Pays-Bas, Brigitta Tazelaar, a, pour sa part, indiqu\u00e9 que la confiance des civiles aux FDS est essentielle pour restaurer l\u2019autorit\u00e9 et la l\u00e9gitimit\u00e9 de l\u2019Etat.<\/p>\n<p>Pour elle, il faut investir pour contrer les conflits violents, la pauvret\u00e9, les in\u00e9galit\u00e9s et l\u2019impact du changement climatique. L\u2019implication des femmes dans les op\u00e9rations de paix, les m\u00e9canismes de r\u00e9solution des crises et les processus de r\u00e9conciliation est un imp\u00e9ratif, a-t-elle insist\u00e9. En somme, il importe d\u2019avoir une approche int\u00e9gr\u00e9e et bien coordonn\u00e9e et fond\u00e9e sur le d\u00e9veloppement et la bonne gouvernance, a soulign\u00e9 le Haut repr\u00e9sentant de l\u2019Union europ\u00e9enne pour le Sahel, Angel Lassada. Pour le ministre des Affaires \u00e9trang\u00e8res et de la Coop\u00e9ration, Alpha Barry, le Burkina Faso qui assure la pr\u00e9sidence du G5 Sahel accorde une grande importance \u00e0 cette conf\u00e9rence. L\u2019objectif est de maintenir et d\u2019approfondir le dialogue entre les diff\u00e9rentes parties prenantes et de parvenir \u00e0 une compr\u00e9hension partag\u00e9e et clarifi\u00e9e sur les probl\u00e9matiques trait\u00e9es pour le renforcement de la coh\u00e9sion sociale et l\u2019articulation entre s\u00e9curit\u00e9, d\u00e9veloppement et action humanitaire, a-t-il soutenu.<\/p>\n<p class=\"c1\"><strong>Mahamadi SEBOGO<\/strong><br \/><strong>Windmad76@gmail.com<\/strong><\/p>\n<div class=\"td-a-rec td-a-rec-id-content_bottom tdi_31_0f6 td_block_template_1\"><img loading=\"lazy\" decoding=\"async\" class=\"aligncenter size-full wp-image-9623\" src=\"https:\/\/www.sidwaya.info\/wp-content\/uploads\/2019\/06\/Projet-bannie%CC%80re-Orange-mobile.jpg\" alt=\"\" width=\"728\" height=\"81\"\/><\/div>\n<p>Auteur: DD. Sidwaya<br \/>\n<a href=\"https:\/\/www.sidwaya.info\/blog\/2020\/01\/20\/securite-et-droits-humains-le-g5-sahel-a-la-recherche-dune-meilleure-articulation\/\">Cliquez ici pour lire l&rsquo;article depuis sa source.<\/a><\/p>\n","protected":false},"excerpt":{"rendered":"<p>Les pays du G5 Sahel tiennent leur troisi\u00e8me conf\u00e9rence sur le renforcement des relations de confiance entre les forces de d\u00e9fense et de s\u00e9curit\u00e9 et les populations de leur r\u00e9gion, les 20 et 21 janvier 2020, \u00e0 Ouagadougou. Le G5 Sahel est convaincu que la paix et la s\u00e9curit\u00e9 dans la r\u00e9gion passent n\u00e9cessairement par [&hellip;]<\/p>\n","protected":false},"author":1816,"featured_media":0,"comment_status":"closed","ping_status":"closed","sticky":false,"template":"","format":"standard","meta":{"fifu_image_url":"","fifu_image_alt":"","footnotes":""},"categories":[73,81],"tags":[],"class_list":["post-73647","post","type-post","status-publish","format-standard","hentry","category-actualite","category-burkina-faso"],"_links":{"self":[{"href":"https:\/\/linitiative.ca\/International\/wp-json\/wp\/v2\/posts\/73647","targetHints":{"allow":["GET"]}}],"collection":[{"href":"https:\/\/linitiative.ca\/International\/wp-json\/wp\/v2\/posts"}],"about":[{"href":"https:\/\/linitiative.ca\/International\/wp-json\/wp\/v2\/types\/post"}],"author":[{"embeddable":true,"href":"https:\/\/linitiative.ca\/International\/wp-json\/wp\/v2\/users\/1816"}],"replies":[{"embeddable":true,"href":"https:\/\/linitiative.ca\/International\/wp-json\/wp\/v2\/comments?post=73647"}],"version-history":[{"count":0,"href":"https:\/\/linitiative.ca\/International\/wp-json\/wp\/v2\/posts\/73647\/revisions"}],"wp:attachment":[{"href":"https:\/\/linitiative.ca\/International\/wp-json\/wp\/v2\/media?parent=73647"}],"wp:term":[{"taxonomy":"category","embeddable":true,"href":"https:\/\/linitiative.ca\/International\/wp-json\/wp\/v2\/categories?post=73647"},{"taxonomy":"post_tag","embeddable":true,"href":"https:\/\/linitiative.ca\/International\/wp-json\/wp\/v2\/tags?post=73647"}],"curies":[{"name":"wp","href":"https:\/\/api.w.org\/{rel}","templated":true}]}}